{"id":27743,"date":"2020-01-13T21:52:25","date_gmt":"2020-01-13T20:52:25","guid":{"rendered":"http:\/\/fegrama.cat\/web\/?p=27743"},"modified":"2020-01-14T15:44:05","modified_gmt":"2020-01-14T14:44:05","slug":"cronica-del-prebenjami-a-amb-la-seva-consequent-derrota","status":"publish","type":"post","link":"http:\/\/fegrama.cat\/web\/cronica-del-prebenjami-a-amb-la-seva-consequent-derrota\/","title":{"rendered":"Cr\u00f2nica del Prebenjam\u00ed \u00abA\u00bb amb la seva consequent derrota."},"content":{"rendered":"\n<p>Prebenjam\u00ed \u201cA\u201d 1 &#8211; J\u00fapiter 2&nbsp;<\/p>\n\n\n\n<p>El cap de setmana passat els nostres nois del Prebenjam\u00ed \u00abA\u00bb van jugar el seu partit setmanal a casa despr\u00e9s del nadal, un partit molt igualat entre dos equips molt parells.<\/p>\n\n\n\n<p>Comen\u00e7ava la trobada amb un gol aviat de l&#8217;equip contrari (el J\u00fapiter). Els nostres es van ensorrar i van comen\u00e7ar a ser m\u00e9s intensos. Arran d&#8217;aix\u00f2 els de la Grama van comen\u00e7ar a tenir possessi\u00f3 i oportunitats. Van empatar el partit en el segon quart. En els dos \u00faltims per\u00edodes els nostres van ser superiors per\u00f2 la mala sort de cara al gol no feia que els nostres es posessin per davant en el marcador.<\/p>\n\n\n\n<p>En els \u00faltims instants i bolcats en atac una contra acaba en penal a favor del J\u00fapiter i amb el dolor\u00f3s i injust resultat d&#8217;1-2 on els nostres no van poder tenir la vict\u00f2ria.<\/p>\n\n\n\n<!--nextpage-->\n\n\n\n<p>Prebenjam\u00edn \u201cA\u201d 1 &#8211; J\u00fapiter 2&nbsp;<\/p>\n\n\n\n<p>El fin de semana pasado nuestros chicos del Prebenjam\u00edn \u201cA\u201d jugaron su partido semanal en casa despu\u00e9s de las navidades, un partido muy igualado entre dos equipos muy parejos.<\/p>\n\n\n\n<p>Comenzaba el encuentro con un gol tempranero del equipo contrario (el J\u00fapiter). Los nuestros se vinieron abajo y empezaron a ser m\u00e1s intensos. A ra\u00edz de eso los de la Grama empezaron a tener posesi\u00f3n y oportunidades. Empataron el partido en el segundo cuarto. En los dos \u00faltimos periodos los nuestros fueron superiores pero la mala suerte cara a gol no hac\u00eda que los nuestros se pusieran por delante en el marcador.<\/p>\n\n\n\n<p>En los \u00faltimos instantes y volcados en ataque una contra acaba en penalti a favor del J\u00fapiter y con el doloroso e injusto resultado de 1-2 donde los nuestros no pudieron tener la victoria.<br><\/p>\n","protected":false},"excerpt":{"rendered":"<p>Prebenjam\u00ed \u201cA\u201d 1 &#8211; J\u00fapiter 2&nbsp; El cap de setmana passat els nostres nois del Prebenjam\u00ed \u00abA\u00bb van jugar el seu partit setmanal a casa despr\u00e9s del nadal, un partit molt igualat entre dos equips molt parells. Comen\u00e7ava la trobada amb un gol aviat de l&#8217;equip contrari (el J\u00fapiter). Els nostres es van ensorrar i [&hellip;]<\/p>\n","protected":false},"author":1,"featured_media":27557,"comment_status":"closed","ping_status":"closed","sticky":false,"template":"","format":"standard","meta":{"footnotes":""},"categories":[4,12],"tags":[],"class_list":["post-27743","post","type-post","status-publish","format-standard","has-post-thumbnail","hentry","category-base-inclusiu","category-prebenjamins"],"_links":{"self":[{"href":"http:\/\/fegrama.cat\/web\/wp-json\/wp\/v2\/posts\/27743","targetHints":{"allow":["GET"]}}],"collection":[{"href":"http:\/\/fegrama.cat\/web\/wp-json\/wp\/v2\/posts"}],"about":[{"href":"http:\/\/fegrama.cat\/web\/wp-json\/wp\/v2\/types\/post"}],"author":[{"embeddable":true,"href":"http:\/\/fegrama.cat\/web\/wp-json\/wp\/v2\/users\/1"}],"replies":[{"embeddable":true,"href":"http:\/\/fegrama.cat\/web\/wp-json\/wp\/v2\/comments?post=27743"}],"version-history":[{"count":1,"href":"http:\/\/fegrama.cat\/web\/wp-json\/wp\/v2\/posts\/27743\/revisions"}],"predecessor-version":[{"id":27744,"href":"http:\/\/fegrama.cat\/web\/wp-json\/wp\/v2\/posts\/27743\/revisions\/27744"}],"wp:featuredmedia":[{"embeddable":true,"href":"http:\/\/fegrama.cat\/web\/wp-json\/wp\/v2\/media\/27557"}],"wp:attachment":[{"href":"http:\/\/fegrama.cat\/web\/wp-json\/wp\/v2\/media?parent=27743"}],"wp:term":[{"taxonomy":"category","embeddable":true,"href":"http:\/\/fegrama.cat\/web\/wp-json\/wp\/v2\/categories?post=27743"},{"taxonomy":"post_tag","embeddable":true,"href":"http:\/\/fegrama.cat\/web\/wp-json\/wp\/v2\/tags?post=27743"}],"curies":[{"name":"wp","href":"https:\/\/api.w.org\/{rel}","templated":true}]}}