{"id":27732,"date":"2020-01-13T18:14:38","date_gmt":"2020-01-13T17:14:38","guid":{"rendered":"http:\/\/fegrama.cat\/web\/?p=27732"},"modified":"2020-01-13T18:32:51","modified_gmt":"2020-01-13T17:32:51","slug":"juvenil","status":"publish","type":"post","link":"http:\/\/fegrama.cat\/web\/juvenil\/","title":{"rendered":"Juvenils amb els empats del \u00abB\u00bb i del \u00abC\u00bb."},"content":{"rendered":"\n<p>Juvenil \u201cB\u201d 0 &#8211; Monta\u00f1esa 0<\/p>\n\n\n\n<p>La setmana passada els del Juvenil \u00abB\u00bb van disputar un partit en el qual la Grama va jugar per a guanyar, mentre que la Monta\u00f1esa tamb\u00e9 va jugar per a no perdre.<\/p>\n\n\n\n<p>La primera part la pilota anava d&#8217;\u00e0rea a \u00e0rea sense que el mig-camp particip\u00e9s en el joc, la Monta\u00f1esa va provar el mig-camp ajuntant la l\u00ednia medul\u00b7lar i la defensiva per a neutralitzar el model de joc de la Grama i ho va aconseguir.<\/p>\n\n\n\n<p>Fins i tot i aix\u00f2 la Grama va gaudir de cinc clares oportunitats per a inaugurar el marcador per\u00f2 va faltar encert i sort.<\/p>\n\n\n\n<p>En la segona part va haver-hi m\u00e9s del mateix, amb moltes imprecisions en els dos b\u00e0ndols, la Grama va intentar marcar, per\u00f2 no arribava amb claredat i la Monta\u00f1esa comen\u00e7ava a ser perill\u00f3s amb les seves contres, al final empat a zero.<\/p>\n\n\n\n<p>Els nostres continuen treballant amb confian\u00e7a en les possibilitats que tenen.<br><\/p>\n\n\n\n<p><\/p>\n\n\n\n<hr class=\"wp-block-separator is-style-dots\"\/>\n\n\n\n<p><\/p>\n\n\n\n<p>Juvenil \u201cB\u201d 0 &#8211; Monta\u00f1esa 0<\/p>\n\n\n\n<p>La semana pasada los del Juvenil \u201cB\u201d disputaron un partido en el que la Grama jug\u00f3 para ganar, mientras que la Monta\u00f1esa tambi\u00e9n jug\u00f3 para no perder.<\/p>\n\n\n\n<p>La primera parte el ba\u00f3n viejo de \u00e1rea a \u00e1rea sin que el medio-campo participase en el juego, la Monta\u00f1esa prob\u00f3 el medio-campo juntando la l\u00ednea medular y la defensiva para neutralizar el modelo de juego de la Grama y lo consigui\u00f3.<\/p>\n\n\n\n<p>Aun y eso la Grama goz\u00f3 de cinco claras oportunidades para inaugurar el marcador pero falt\u00f3 acierto y suerte.<\/p>\n\n\n\n<p>En la segunda parte hubo m\u00e1s de lo mismo, con muchas imprecisiones en los dos bandos, la Grama intent\u00f3 marcar, pero no llegaba con claridad y la Monta\u00f1esa empezaba a ser peligroso con sus contras, al final empate a cero.<\/p>\n\n\n\n<p>Los nuestros siguen trabajando con confianza en las posibilidades que tienen.<br><\/p>\n\n\n\n<!--nextpage-->\n\n\n\n<figure class=\"wp-block-image size-large\"><img loading=\"lazy\" decoding=\"async\" width=\"1024\" height=\"768\" src=\"http:\/\/fegrama.cat\/web\/wp-content\/uploads\/2020\/01\/juv-c.jpeg\" alt=\"\" class=\"wp-image-27738\" srcset=\"http:\/\/fegrama.cat\/web\/wp-content\/uploads\/2020\/01\/juv-c.jpeg 1024w, http:\/\/fegrama.cat\/web\/wp-content\/uploads\/2020\/01\/juv-c-300x225.jpeg 300w, http:\/\/fegrama.cat\/web\/wp-content\/uploads\/2020\/01\/juv-c-768x576.jpeg 768w\" sizes=\"auto, (max-width: 1024px) 100vw, 1024px\" \/><\/figure>\n\n\n\n<p>Fund. Badalona \u201cB\u201d 0 &#8211; Juvenil \u201cC\u201d 0<\/p>\n\n\n\n<p>Partit intens el que es va viure el cap de setmana en l&#8217;Estadi Municipal de Badalona, en el qual el nostre Juvenil \u00abC\u00bb va competir davant una Badalona que va saber aguantar el marcador encara el domini Colomenc.<br>El partit comen\u00e7aria amb un equip local agressiu i amb la intenci\u00f3 de fer arribar r\u00e0pidament la pilota als jugadors atacants, generant algun dubte als nostres, que van haver de treure alguna pilota compromesa en l&#8217;\u00e0rea en els instants inicials.<br>No obstant aix\u00f2, abans del minut cinc de joc, la Grama va saber canviar el ritme del partit a trav\u00e9s d&#8217;una possessi\u00f3 que va obligar a ficar a la Badalona prop de la seva \u00e0rea arribant a ajuntar-se amb una l\u00ednia de sis amb uns tres homes per davant i un davanter despenjat.<br>La insist\u00e8ncia dels nostres per a trobar situacions de superioritat per fora i poder arribar a zones de perill amb avantatge va fer que es perd\u00e9s alguna pilota que va poder crear perill per a la nostra l\u00ednia de centrals (tots impecables sense pilota) i fins i tot per al nostre porter Arnau Franco, que va intervenir en una acci\u00f3 decisiva, abans del descans, salvant un m\u00e0 a m\u00e0 en la qual seria l&#8217;\u00fanica ocasi\u00f3 clara\u00a0del Badalona\u00a0en tot el partit.<br>El marcador no es movia al descans per\u00f2 les sensacions eren bones. El nostre Juvenil dominava en el joc i generava ocasions per\u00f2, la falta de punteria i les dificultats per trobar homes amb avantatge en l&#8217;\u00e0rea per l&#8217;acumulaci\u00f3 de defensors ficats enrere, van impedir fer sofrir en exc\u00e9s al rival.<\/p>\n\n\n\n<p>La segona part seria una continuaci\u00f3 de la primera, domini visitant i Badalona poc amena\u00e7ador en transicions.<br>En els minuts finals va faltar una mica m\u00e9s de control i claredat amb pilota deguda al nerviosisme que generava el marcador, per\u00f2 fins i tot en l&#8217;\u00faltima jugada els Colomencs van tenir opcions d&#8217;emportar-se els tres punts d&#8217;un partit clau per a l&#8217;objectiu de l&#8217;ascens.<br>L&#8217;equip segueix sense haver perdut i est\u00e0 tercer en la classificaci\u00f3 a tres punts i amb dos partits menys que l&#8217;actual l\u00edder, el&nbsp;CP&nbsp;Sarri\u00e0.<\/p>\n\n\n\n<p>La seg\u00fcent jornada ens oferir\u00e0 un altre partit clau davant la Manigua, l&#8217;\u00fanic equip fins ara juntament amb el nostre que no ha perdut cap partit. La trobada es disputar\u00e0 en el Municipal de Santa Coloma, el diumenge 19 de gener a les&nbsp;12h.<\/p>\n\n\n\n<p>REFLEXI\u00d3:<br>M\u00e9s enll\u00e0 d&#8217;algunes discrep\u00e0ncies evitables entre el nostre entrenador i el p\u00fablic local, el partit va tenir un protagonista negatiu el qual no volem com a exemple d&#8217;esportivitat ni d&#8217;educador.<br>L&#8217;entrenador&nbsp;del Badalona&nbsp;va demanar a cada jugador que havia de ser substitu\u00eft que es tir\u00e9s al s\u00f2l perqu\u00e8 el canvi no compt\u00e9s (en futbol base, els canvis per lesi\u00f3 no computen), va incentivar als seus jugadors a fingir en cada disputa i els va demanar que no saludessin al cos t\u00e8cnic visitant en acabar el partit.<br>Els seus jugadors, en canvi, van demostrar esportivitat en finalitzar la trobada saludant&nbsp;un a un a&nbsp;tots els integrants de l&#8217;equip&nbsp;Colomenc,&nbsp;incl\u00f2s el cos t\u00e8cnic, fent cas om\u00eds a les directrius del seu entrenador. Fins i tot algun jugador es va dirigir als nostres entrenadors per a demanar-nos disculpes pel poc fair play mostrat en el camp i exercint de portaveu del seu equip, dir-nos que no comparteixen la manera en la qual havien plantejat i desenvolupat el partit i per a felicitar-nos pel joc desenvolupat.<\/p>\n\n\n\n<p><\/p>\n\n\n\n<hr class=\"wp-block-separator is-style-dots\"\/>\n\n\n\n<p><\/p>\n\n\n\n<p>Fund. Badalona \u201cB\u201d 0 &#8211; Juvenil \u201cC\u201d 0<\/p>\n\n\n\n<p>Partido intenso el que se vivi\u00f3 el fin de semana en el\u00a0Estadi\u00a0Municipal de Badalona, en el que nuestro Juvenil \u201cC\u201d compiti\u00f3 ante un Badalona que supo aguantar el marcador a\u00fan el dominio\u00a0Colomense.<br>El partido empezar\u00eda con un equipo local agresivo y con la intenci\u00f3n de hacer llegar r\u00e1pidamente el bal\u00f3n a los jugadores atacantes, generando alguna duda a los nuestros, que tuvieron que sacar alg\u00fan bal\u00f3n comprometido en el \u00e1rea en los instantes iniciales.<br>No obstante, antes del minuto cinco de juego, la Grama supo cambiar el ritmo del partido a trav\u00e9s de una posesi\u00f3n que oblig\u00f3 a meter al Badalona cerca de su \u00e1rea llegando a juntarse con una l\u00ednea de seis con un tres hombres por delante y un delantero descolgado.<br>La insistencia de los nuestros para encontrar situaciones de superioridad por fuera y poder llegar a zonas de peligro con ventaja hizo que se perdiera alg\u00fan bal\u00f3n que pudo crear peligro para nuestra l\u00ednea de centrales (todos impecables sin bal\u00f3n) e incluso para nuestro portero Arnau Franco, que intervino en una acci\u00f3n decisiva, antes del descanso, salvando un mano a mano en la que ser\u00eda la \u00fanica ocasi\u00f3n clara del Badalona en todo el partido.<br>El marcador no se mov\u00eda al descanso pero las sensaciones eran buenas. Nuestro Juvenil dominaba en el juego y generaba ocasiones pero, la falta de punter\u00eda y las dificultades por encontrar hombres con ventaja en el \u00e1rea por la acumulaci\u00f3n de defensores metidos atr\u00e1s, impidieron hacer sufrir en exceso al rival.<br><\/p>\n\n\n\n<p>La segunda parte ser\u00eda una continuaci\u00f3n de la primera, dominio visitante y Badalona poco amenazante en transiciones.<br>En los minutos finales falt\u00f3 algo m\u00e1s de control y claridad con bal\u00f3n debido al nerviosismo que generaba el marcador, pero hasta en la \u00faltima jugada los\u00a0Colomenses\u00a0tuvieron opciones de llevarse los tres puntos de un partido clave para el objetivo del ascenso.<br>El equipo sigue sin haber perdido y est\u00e1 tercero en la clasificaci\u00f3n a tres puntos y con dos partidos menos que el actual l\u00edder, el\u00a0CP\u00a0Sarri\u00e0.<br><\/p>\n\n\n\n<p>La siguiente jornada nos deparar\u00e1 otro partido clave ante la Manigua, el \u00fanico equipo hasta ahora junto con el nuestro que no ha perdido ning\u00fan partido. El encuentro se disputar\u00e1 en el Municipal de Santa Coloma, el domingo 19 de enero a las 12h.<br><\/p>\n\n\n\n<p>REFLEXI\u00d3N:<br>M\u00e1s all\u00e1 de algunas discrepancias evitables entre nuestro entrenador y el p\u00fablico local, el partido tuvo un protagonista negativo el cual no queremos como ejemplo de deportividad ni de educador.<br>El entrenador del Badalona pidi\u00f3 a cada jugador que deb\u00eda ser sustituido que se tirara al suelo para que el cambio no contara (en futbol base, los cambios por lesi\u00f3n no computan), incentiv\u00f3 a sus jugadores a fingir en cada disputa y les pidi\u00f3 que no saludaran al cuerpo t\u00e9cnico visitante al acabar el partido.<br>Sus jugadores, en cambio, demostraron deportividad al finalizar el encuentro saludando uno a uno a todos los integrantes del equipo\u00a0Colomense, incluido el cuerpo t\u00e9cnico, haciendo caso omiso a las directrices de su entrenador. Incluso alg\u00fan jugador se dirigi\u00f3 a nuestros entrenadores para pedirnos disculpas por el poco\u00a0fair\u00a0play\u00a0mostrado en el campo y ejerciendo de portavoz de su equipo, decirnos que no comparten la manera en la que hab\u00edan planteado y desarrollado el partido y para felicitarnos por el juego desarrollado.<\/p>\n\n\n\n<!--nextpage-->\n\n\n\n<p>Juvenil \u201cD\u201d 1 &#8211; Pubillas casas 7<\/p>\n\n\n\n<p>El partit va tenir una mala primera part que va condicionar tot el partit dels nostres, ja que al cap de 30 segons de comen\u00e7ar el partit, la Fundaci\u00f3 perdia 0 a 1 i al cap de trenta minuts ja perdia 0 a 3&#8230;<\/p>\n\n\n\n<p>En canvi va arribar la segona part i la Grama va sortir a retallar dist\u00e0ncies i intentar rescatar algun punt per a seguir amb la bona ratxa. Al cap de 15 minuts de la segona part, retallava dist\u00e0ncies despr\u00e9s d&#8217;una bona jugada \u00abcombinativa\u00bb. La Fundaci\u00f3 dominava el partit i semblava que tornaria a escur\u00e7ar dist\u00e0ncies per\u00f2 una fallada en el centre del camp posava l&#8217;1 a 4 en el marcador i va ser quan la Fundaci\u00f3 va abaixar els bra\u00e7os encaixant 3 gols m\u00e9s en els \u00faltims deu minuts. Amb el que el resultat seria d&#8217;1-7 per a l&#8217;equip visitant.<\/p>\n\n\n\n<p><\/p>\n\n\n\n<hr class=\"wp-block-separator is-style-dots\"\/>\n\n\n\n<p><\/p>\n\n\n\n<p>Juvenil \u201cD\u201d 1 &#8211; Pubillas casas 7<\/p>\n\n\n\n<p>El partido tuvo una mala primera parte que condicion\u00f3 todo el partido de los nuestros, ya que a los 30 segundos de empezar el partido, la Fundaci\u00f3 perd\u00eda 0 a 1 y a los treinta minutos ya perd\u00eda 0 a 3&#8230;<\/p>\n\n\n\n<p>En cambio lleg\u00f3 la segunda parte y la Grama sali\u00f3 a recortar distancias e intentar rescatar alg\u00fan punto para seguir con la buena racha. A los 15 minutos de la segunda parte, recortaba distancias tras una buena jugada combinativa. La Fundacion dominaba el partido y parec\u00eda que volver\u00eda a acortar distancias pero un fallo en el centro del campo pon\u00eda el 1 a 4 en el marcador y fue cuando la Fundaci\u00f3 baj\u00f3 los brazos encajando 3 goles m\u00e1s en los \u00faltimos diez minutos. Con lo que el resultado ser\u00eda de 1-7 para el equipo visitante.<br><\/p>\n","protected":false},"excerpt":{"rendered":"<p>Juvenil \u201cB\u201d 0 &#8211; Monta\u00f1esa 0 La setmana passada els del Juvenil \u00abB\u00bb van disputar un partit en el qual la Grama va jugar per a guanyar, mentre que la Monta\u00f1esa tamb\u00e9 va jugar per a no perdre. La primera part la pilota anava d&#8217;\u00e0rea a \u00e0rea sense que el mig-camp particip\u00e9s en el joc, [&hellip;]<\/p>\n","protected":false},"author":1,"featured_media":27738,"comment_status":"closed","ping_status":"closed","sticky":false,"template":"","format":"standard","meta":{"footnotes":""},"categories":[4,6],"tags":[],"class_list":["post-27732","post","type-post","status-publish","format-standard","has-post-thumbnail","hentry","category-base-inclusiu","category-juvenils"],"_links":{"self":[{"href":"http:\/\/fegrama.cat\/web\/wp-json\/wp\/v2\/posts\/27732","targetHints":{"allow":["GET"]}}],"collection":[{"href":"http:\/\/fegrama.cat\/web\/wp-json\/wp\/v2\/posts"}],"about":[{"href":"http:\/\/fegrama.cat\/web\/wp-json\/wp\/v2\/types\/post"}],"author":[{"embeddable":true,"href":"http:\/\/fegrama.cat\/web\/wp-json\/wp\/v2\/users\/1"}],"replies":[{"embeddable":true,"href":"http:\/\/fegrama.cat\/web\/wp-json\/wp\/v2\/comments?post=27732"}],"version-history":[{"count":5,"href":"http:\/\/fegrama.cat\/web\/wp-json\/wp\/v2\/posts\/27732\/revisions"}],"predecessor-version":[{"id":27739,"href":"http:\/\/fegrama.cat\/web\/wp-json\/wp\/v2\/posts\/27732\/revisions\/27739"}],"wp:featuredmedia":[{"embeddable":true,"href":"http:\/\/fegrama.cat\/web\/wp-json\/wp\/v2\/media\/27738"}],"wp:attachment":[{"href":"http:\/\/fegrama.cat\/web\/wp-json\/wp\/v2\/media?parent=27732"}],"wp:term":[{"taxonomy":"category","embeddable":true,"href":"http:\/\/fegrama.cat\/web\/wp-json\/wp\/v2\/categories?post=27732"},{"taxonomy":"post_tag","embeddable":true,"href":"http:\/\/fegrama.cat\/web\/wp-json\/wp\/v2\/tags?post=27732"}],"curies":[{"name":"wp","href":"https:\/\/api.w.org\/{rel}","templated":true}]}}