{"id":27653,"date":"2019-12-24T15:46:11","date_gmt":"2019-12-24T14:46:11","guid":{"rendered":"http:\/\/fegrama.cat\/web\/?p=27653"},"modified":"2019-12-29T00:15:42","modified_gmt":"2019-12-28T23:15:42","slug":"croniques-dels-juvenils-c-i-d-amb-les-seves-victories","status":"publish","type":"post","link":"http:\/\/fegrama.cat\/web\/croniques-dels-juvenils-c-i-d-amb-les-seves-victories\/","title":{"rendered":"Cr\u00f2niques dels Juvenils \u00abB\u00bb, \u00abC\u00bb i \u00abD\u00bb amb les seves vict\u00f2ries."},"content":{"rendered":"\n<p>Barcino 2 &#8211; Juvenil \u00abB\u00bb 7<\/p>\n\n\n\n<p>Gran vict\u00f2ria del Juvenil \u00abB\u00bb amb un partit molt complet en totes les seves facetes. La Barcino va proposar un partit molt intens i r\u00e0pid que la\u00a0grama\u00a0va saber portar al seu terreny portant el ritme del partit, amb situacions cont\u00ednues per banda de 2C1 cada vegada les ocasions eren m\u00e9s clares. El primer a colpejar va ser la\u00a0barcino, per\u00f2 la\u00a0grama\u00a0va respondre de seguida per part d&#8217;Arnau, la pressi\u00f3 i assetjament de la\u00a0grama\u00a0s&#8217;accentuava, i a la mitja part s&#8217;arribava amb un 1-5 que reflectia la superioritat de la\u00a0grama, gols de Ra\u00fal, Arrepapo i dos d&#8217;Arnau.<\/p>\n\n\n\n<p>La segona part va transc\u00f3rrer igual que la primera amb domini total de la\u00a0grama\u00a0i la\u00a0barcino\u00a0sacsejant-se el setge, al final un gol d&#8217;Oliver i un altre d&#8217;Abel van deixar el marcador en 2-7. Un altre triomf del juvenil B abans de nadal, felicitats equip.<\/p>\n\n\n\n<p><\/p>\n\n\n\n<hr class=\"wp-block-separator is-style-dots\"\/>\n\n\n\n<p><\/p>\n\n\n\n<p>Barcino 2 &#8211; Juvenil \u00abB\u00bb 7<\/p>\n\n\n\n<p>Gran victoria del Juvenil\u00a0\u00abB\u00bb con un partido muy completo en todas sus facetas. La Barcino propuso un partido muy intenso y r\u00e1pido que la grama supo llevar a su terreno llevando el ritmo del partido, con situaciones continuas por banda de 2C1 cada vez las ocasiones eran m\u00e1s claras. El primero en golpear fue la barcino, pero la grama respondi\u00f3 enseguida por parte de Arnau, la presi\u00f3n y acoso de la grama se acentuaba, y a la media parte se llegaba con un 1-5 que reflejaba la superioridad de la grama, goles de Ra\u00fal,\u00a0Arrellano\u00a0y dos de Arnau.<\/p>\n\n\n\n<p>La segunda parte transcurri\u00f3 igual que la primera con dominio total de la grama y la barcino\u00a0sacudi\u00e9ndose\u00a0el asedio, al final un gol de Oliver\u00a0y otro de\u00a0Abel\u00a0dejaron el marcador en 2-7. Otro triunfo del\u00a0juvenil\u00a0B antes de navidad, felicidades equipo.<\/p>\n\n\n\n<!--nextpage-->\n\n\n\n<figure class=\"wp-block-image size-large\"><img loading=\"lazy\" decoding=\"async\" width=\"1024\" height=\"768\" src=\"http:\/\/fegrama.cat\/web\/wp-content\/uploads\/2019\/12\/JUV-C-2-1024x768.jpeg\" alt=\"\" class=\"wp-image-27654\" srcset=\"http:\/\/fegrama.cat\/web\/wp-content\/uploads\/2019\/12\/JUV-C-2-1024x768.jpeg 1024w, http:\/\/fegrama.cat\/web\/wp-content\/uploads\/2019\/12\/JUV-C-2-300x225.jpeg 300w, http:\/\/fegrama.cat\/web\/wp-content\/uploads\/2019\/12\/JUV-C-2-768x576.jpeg 768w, http:\/\/fegrama.cat\/web\/wp-content\/uploads\/2019\/12\/JUV-C-2-1536x1152.jpeg 1536w, http:\/\/fegrama.cat\/web\/wp-content\/uploads\/2019\/12\/JUV-C-2.jpeg 2048w\" sizes=\"auto, (max-width: 1024px) 100vw, 1024px\" \/><\/figure>\n\n\n\n<p>Juvenil \u201cC\u201d 5 \u2013&nbsp; Tur\u00f3 Peira 0<\/p>\n\n\n\n<p>Volta a la vict\u00f2ria per al nostre Juvenil C en l&#8217;\u00faltim partit de l&#8217;any. El joc dels Colomencs no va brillar per\u00f2 la qualitat dels seus jugadors es va imposar a un fluix Tur\u00f3 que no va ser capa\u00e7 d&#8217;acostar-se a la porteria defensada per Arnau Franco.<\/p>\n\n\n\n<p>El partit comen\u00e7ava amb domini local, amb gran control en fase de possessi\u00f3 i amb arribades clares amb perill. V\u00edctor Casta\u00f1o (en el minut 5), despr\u00e9s d&#8217;un c\u00f3rner perfectament executat pel combinat blauenc, convertia l&#8217;1-0 en el marcador rematant dins de l&#8217;\u00e0rea petita.<\/p>\n\n\n\n<p>Les ocasions van continuar arribant i l&#8217;equip va tornar a demostrar que la seva efectivitat en \u00e0rea rival continua sent una assignatura pendent, fins que Nick Vargas (en el minut 18) entrava en conducci\u00f3 dibuixant una diagonal fins a trobar un colpejo croat en el qual res va poder fer el porter, i millor jugador, de l&#8217;equip visitant.<\/p>\n\n\n\n<p>Els Colomencs van baixar el ritme i es va mantenir el resultat de 2-0 fins al descans.<\/p>\n\n\n\n<p>La segona meitat comen\u00e7ava amb sis canvis per part del nostre Juvenil per\u00f2 amb el mateix ritme que havia acabat la primera. La falta de flu\u00efdesa i el poc encert en \u00e0rea rival va fer que el marcador es mantingu\u00e9s parell fins al minut 76, en el qual Guillem Aguilar, despr\u00e9s de provocar un penal que ell mateix executaria, ampliava l&#8217;avantatge en el marcador.<\/p>\n\n\n\n<p>Takeru Nagai, que havia jugat els primers 45 minuts a bon nivell, va entrar de nou per a jugar l&#8217;\u00faltim tram del partit i en dues arribades (en el minut 84 i en el minut 85), signava un doblet per a deixar el marcador en el definitiu 5-0.<\/p>\n\n\n\n<p>L&#8217;equip marxa de vacances amb 0 gols encaixats com a local, havent perdut solament dos punts en el que portem de campionat i disposat a afrontar les \u00faltimes 5 jornades de la primera volta claus per a verificar si est\u00e0 preparat o no per a lluitar pel t\u00edtol de lliga.<\/p>\n\n\n\n<p>La seg\u00fcent jornada ser\u00e0 el cap de setmana de l&#8217;11 i 12 de Gener, en el camp de la Badalona i l&#8217;equip reprendr\u00e0 els entrenaments el 30 de desembre.<\/p>\n\n\n\n<p><\/p>\n\n\n\n<hr class=\"wp-block-separator is-style-dots\"\/>\n\n\n\n<p><\/p>\n\n\n\n<p>Juvenil C 5 \u2013&nbsp; Tur\u00f3 Peira 0<\/p>\n\n\n\n<p>Vuelta a la victoria para nuestro Juvenil C en el \u00faltimo partido del a\u00f1o. El juego de los Colomenses no brill\u00f3 pero la calidad de sus jugadores se impuso a un flojo Tur\u00f3 que no fue capaz de acercarse a la porter\u00eda defendida por Arnau Franco.<\/p>\n\n\n\n<p>El partido empezaba con dominio local, con gran control en fase de posesi\u00f3n y con llegadas claras con peligro. V\u00edctor Casta\u00f1o (en el minuto 5), tras un c\u00f3rner perfectamente ejecutado por el combinado azul\u00f3n, convert\u00eda el 1-0 en el marcador rematando dentro del \u00e1rea peque\u00f1a.<\/p>\n\n\n\n<p>Las ocasiones siguieron llegando y el equipo volvi\u00f3 a demostrar que su efectividad en \u00e1rea rival sigue siendo una asignatura pendiente, hasta que Nick Vargas (en el minuto 18) entraba en conducci\u00f3n dibujando una diagonal hasta encontrar un golpeo cruzado en el que nada pudo hacer el portero, y mejor jugador, del equipo visitante.<\/p>\n\n\n\n<p>Los Colomenses bajaron el ritmo y se mantuvo el resultado de 2-0 hasta el descanso.<\/p>\n\n\n\n<p>La segunda mitad empezaba con seis cambios por parte de nuestro Juvenil pero con el mismo ritmo que hab\u00eda acabado la primera. La falta de fluidez y el poco acierto en \u00e1rea rival hizo que el marcador se mantuviera parejo hasta el minuto 76, en el que Guillem Aguilar, tras provocar un penalti que \u00e9l mismo ejecutar\u00eda, ampliaba la ventaja en el marcador.<\/p>\n\n\n\n<p>Takeru Nagai, que hab\u00eda jugado los primeros 45 minutos a buen nivel, entr\u00f3 de nuevo para jugar el \u00faltimo tramo del partido y en dos llegadas (en el minuto 84 y en el minuto 85), firmaba un doblete para dejar el marcador en el definitivo 5-0.<\/p>\n\n\n\n<p>El equipo se va de vacaciones con 0 goles encajados como local, habiendo perdido solamente dos puntos en lo que llevamos de campeonato y dispuesto a afrentar las \u00faltimas 5 jornadas de la primera vuelta claves para verificar si est\u00e1 preparado o no para luchar por el t\u00edtulo de liga.<\/p>\n\n\n\n<p>La siguiente jornada ser\u00e1 el fin de semana del&nbsp; 11 y 12 de Enero, en el campo del Badalona y el equipo retomar\u00e1 los entrenamientos el 30 de diciembre.<br><\/p>\n\n\n\n<!--nextpage-->\n\n\n\n<p>Catalonia 2 &#8211; Juvenil \u201cD\u201d 3<\/p>\n\n\n\n<p>Un altre gran partit del Juvenil D que encarrila la segona vict\u00f2ria consecutiva. En una gran primera part on el JD va acabar amb 0-1 per\u00f2 es va poder anar al descans amb un avantatge major si hagu\u00e9s materialitzat els milers d&#8217;ocasions clares que va tenir.<\/p>\n\n\n\n<p>La fundaci\u00f3 continuava dominant en la segona part i en el minut 60 va augmentar el seu caseller amb un 0-2. Continuava dominant el Juvenil D i quan millor estava jugant el Catalonia retallava dist\u00e0ncies 1-2 per\u00f2 aix\u00ed i tot, la fundaci\u00f3 no renunciava a la possessi\u00f3 i domini total del partit cosa que va fer que en el minut 70 pos\u00e9s l&#8217;1-3. I aqu\u00ed va ser on l&#8217;equip local el va donar tot retallant dist\u00e0ncies 2-3 i intentant gratar algun punt per\u00f2 el JD amb treball i amb una implicaci\u00f3 fora de s\u00e8rie va fer que el marcador no es mogu\u00e9s i el resultat final no vari\u00e9s 2-3.<\/p>\n\n\n\n<p><\/p>\n\n\n\n<hr class=\"wp-block-separator is-style-dots\"\/>\n\n\n\n<p><\/p>\n\n\n\n<p>Catalonia 2 &#8211; Juvenil \u201cD\u201d 3<\/p>\n\n\n\n<p>Otro gran partido del Juvenil D que encarrila la segunda victoria consecutiva. En una gran primera parte donde el JD acab\u00f3 con 0-1 pero se pudo ir al descanso con una ventaja mayor si hubiera materializado las miles de ocasiones claras que tuvo.<\/p>\n\n\n\n<p>La fundaci\u00f3n segu\u00eda dominando en la segunda parte y en el minuto 60 aument\u00f3 su casillero con un 0-2. Continuaba dominando el Juvenil D y cuando mejor estaba jugando el Catalonia recortaba distancias 1-2 pero aun as\u00ed la fundaci\u00f3n no renunciaba a la posesi\u00f3n y dominio total del partido cosa que hizo que en el minuto 70 pusiera el 1-3. Y aqu\u00ed fue donde el equipo local lo dio todo recortando distancias 2-3 e intentando rascar alg\u00fan punto pero el JD con trabajo y con una implicaci\u00f3n fuera de serie hizo que el marcador no se moviera y el resultado final no variase 2-3.<br><\/p>\n","protected":false},"excerpt":{"rendered":"<p>Barcino 2 &#8211; Juvenil \u00abB\u00bb 7 Gran vict\u00f2ria del Juvenil \u00abB\u00bb amb un partit molt complet en totes les seves facetes. La Barcino va proposar un partit molt intens i r\u00e0pid que la\u00a0grama\u00a0va saber portar al seu terreny portant el ritme del partit, amb situacions cont\u00ednues per banda de 2C1 cada vegada les ocasions eren [&hellip;]<\/p>\n","protected":false},"author":1,"featured_media":27654,"comment_status":"closed","ping_status":"closed","sticky":false,"template":"","format":"standard","meta":{"footnotes":""},"categories":[4,6],"tags":[],"class_list":["post-27653","post","type-post","status-publish","format-standard","has-post-thumbnail","hentry","category-base-inclusiu","category-juvenils"],"_links":{"self":[{"href":"http:\/\/fegrama.cat\/web\/wp-json\/wp\/v2\/posts\/27653","targetHints":{"allow":["GET"]}}],"collection":[{"href":"http:\/\/fegrama.cat\/web\/wp-json\/wp\/v2\/posts"}],"about":[{"href":"http:\/\/fegrama.cat\/web\/wp-json\/wp\/v2\/types\/post"}],"author":[{"embeddable":true,"href":"http:\/\/fegrama.cat\/web\/wp-json\/wp\/v2\/users\/1"}],"replies":[{"embeddable":true,"href":"http:\/\/fegrama.cat\/web\/wp-json\/wp\/v2\/comments?post=27653"}],"version-history":[{"count":3,"href":"http:\/\/fegrama.cat\/web\/wp-json\/wp\/v2\/posts\/27653\/revisions"}],"predecessor-version":[{"id":27675,"href":"http:\/\/fegrama.cat\/web\/wp-json\/wp\/v2\/posts\/27653\/revisions\/27675"}],"wp:featuredmedia":[{"embeddable":true,"href":"http:\/\/fegrama.cat\/web\/wp-json\/wp\/v2\/media\/27654"}],"wp:attachment":[{"href":"http:\/\/fegrama.cat\/web\/wp-json\/wp\/v2\/media?parent=27653"}],"wp:term":[{"taxonomy":"category","embeddable":true,"href":"http:\/\/fegrama.cat\/web\/wp-json\/wp\/v2\/categories?post=27653"},{"taxonomy":"post_tag","embeddable":true,"href":"http:\/\/fegrama.cat\/web\/wp-json\/wp\/v2\/tags?post=27653"}],"curies":[{"name":"wp","href":"https:\/\/api.w.org\/{rel}","templated":true}]}}