{"id":27651,"date":"2019-12-24T13:02:06","date_gmt":"2019-12-24T12:02:06","guid":{"rendered":"http:\/\/fegrama.cat\/web\/?p=27651"},"modified":"2019-12-24T13:02:07","modified_gmt":"2019-12-24T12:02:07","slug":"croniques-dels-cadets-amb-una-victoria-a-domicili-dels-del-a","status":"publish","type":"post","link":"http:\/\/fegrama.cat\/web\/croniques-dels-cadets-amb-una-victoria-a-domicili-dels-del-a\/","title":{"rendered":"Cr\u00f2niques dels Cadets amb una vict\u00f2ria a domicili dels del \u00abA\u00bb ."},"content":{"rendered":"\n<p>Hospitalet 1 &#8211; Cadet \u201cA\u201d 3<\/p>\n\n\n\n<p>El nostre cadet \u00abA\u00bb tanca el 2019 amb una vict\u00f2ria a domicili.<\/p>\n\n\n\n<p>El partit es va posar molt aviat de cara per als Colomencs, en el minut 7 de joc, el pitxitxi Albert avan\u00e7ava als de \u00abSantaco\u00bb. Minuts de relaxaci\u00f3 dels blaus que van veure com l&#8217;Hospitalet apunto estava d&#8217;empatar-los en dues accions ben atallades pel porter Sergi. La primera part va acabar amb un tret de nou d&#8217;Albert que apunto estava de fer el segon.<\/p>\n\n\n\n<p>En la represa, domini absolut dels Colomencs, que liderats per un gran V\u00edctor, es feien amos de la trobada. En el minut 49 i despr\u00e9s d&#8217;una jugada individual de V\u00edctor, aquest mateix deia a Rub\u00e8n perqu\u00e8 fes el 0 a 2.<\/p>\n\n\n\n<p>Pocs minuts despr\u00e9s, de nou una acci\u00f3 individual de V\u00edctor en banda dreta, servia un centre perqu\u00e8 Albert de cap, fes el seu segon gol i el 0 a 3.<\/p>\n\n\n\n<p>La Grama era clara dominadora i arribava molt f\u00e0cil en transicions r\u00e0pides a la porteria local. No obstant aix\u00f2, en l&#8217;\u00fanica aproximaci\u00f3 d&#8217;Hospitalet fins a aquest moment, el migcampista hospitalenc treia un fort tret des de la frontal, fent in\u00fatil l&#8217;estirada de Sergi. La Fundaci\u00f3 va reaccionar de pressa i de nou en un contraatac comandat per V\u00edctor, l&#8217;\u00e0rbitre assenyalava la pena m\u00e0xima. Penal que va atallar el porter local i que va privar a Albert de fer el seu hat trick!!<\/p>\n\n\n\n<p><\/p>\n\n\n\n<hr class=\"wp-block-separator is-style-dots\"\/>\n\n\n\n<p><\/p>\n\n\n\n<p>Hospitalet 1 &#8211; Cadete \u201cA\u201d 3<\/p>\n\n\n\n<p>Nuestro cadete A cierra el 2019 con una victoria a domicilio.<\/p>\n\n\n\n<p>El partido se puso muy pronto de cara para los Colomenses, en el minuto 7 de juego, el pichichi Albert adelantaba a los de \u201cSantaco\u201d. Minutos de relajaci\u00f3n de los azulones que vieron como el Hospitalet apunto estaba de empatarlos en dos acciones bien atajadas por el guardameta Sergi. La primera parte acab\u00f3 con un disparo de nuevo de Albert que apunto estaba de hacer el segundo.<\/p>\n\n\n\n<p>En la reanudaci\u00f3n, dominio absoluto de los Colomenses, que liderados por un gran Victor, se hac\u00edan due\u00f1os del encuentro. En el minuto 49 y tras una jugada individual de V\u00edctor, este mismo dec\u00eda a Rub\u00e9n para que hiciera el 0 a 2.<\/p>\n\n\n\n<p>Pocos minutos despu\u00e9s, de nuevo una acci\u00f3n individual de V\u00edctor en banda derecha, serv\u00eda un centro para que Albert de cabeza, hiciera su segundo gol y el 0 a 3.<\/p>\n\n\n\n<p>La Grama era clara dominadora y llegaba muy f\u00e1cil en transiciones r\u00e1pidas a la porter\u00eda local. No obstante, en la \u00fanica aproximaci\u00f3n de Hospitalet hasta ese momento, el centrocampista hospitalense sacaba un fuerte disparo desde la frontal, haciendo in\u00fatil la estirada de Sergi. La Fundaci\u00f3n reaccion\u00f3 r\u00e1pido y de nuevo en un contragolpe comandado por Victor, el \u00e1rbitro se\u00f1alaba la pena m\u00e1xima. \u00a1Penalti que ataj\u00f3 el portero local y que priv\u00f3 a Albert de hacer su hat trick!!<\/p>\n\n\n\n<!--nextpage-->\n\n\n\n<p>J\u00fapiter 2 &#8211; Cadet \u201cC\u201d 1&nbsp;<\/p>\n\n\n\n<p>En el partit de la setmana passada dels nostres Cadets del \u00abC\u00bb, l&#8217;equip visitant (nosaltres) arrenca amb molta convicci\u00f3 i aix\u00f2 es va veure en el camp, domini i iniciativa per a la Grama.<\/p>\n\n\n\n<p>Tot va canviar en el minut 8 on un error va permetre que el J\u00fapiter s&#8217;avanc\u00e9s.<\/p>\n\n\n\n<p>Els nostres no havien assimilat el cop, que un altre error va suposar el segon. Molt calia escalar per a poder sumar alguna cosa.<\/p>\n\n\n\n<p>En la segona part es va intentar, Guill\u00e9n va aconseguir retallar dist\u00e0ncies amb tir exterior per\u00f2 els nostres no van poder aconseguir el segon que els don\u00e9s el premi.<br><\/p>\n\n\n\n<p><\/p>\n\n\n\n<hr class=\"wp-block-separator is-style-dots\"\/>\n\n\n\n<p><\/p>\n\n\n\n<p>J\u00fapiter 2 &#8211; Cadete \u201cC\u201d 1&nbsp;<\/p>\n\n\n\n<p>En el partido de la semana pasada de nuestros Cadetes del \u201cC\u201d, el equipo visitante (nosotros) arranca con mucha convicci\u00f3n y eso se vio en el campo, dominio e iniciativa para la Grama.&nbsp;<\/p>\n\n\n\n<p>Todo cambi\u00f3 en el minuto 8 donde un error permiti\u00f3 que el J\u00fapiter se adelantara.&nbsp;<\/p>\n\n\n\n<p>Los nuestros no hab\u00edan asimilado el golpe, que otro error supuso el segundo. Mucho hab\u00eda que escalar para poder sumar algo.&nbsp;<\/p>\n\n\n\n<p>En la segunda parte se intent\u00f3, Guill\u00e9n consigui\u00f3 recortar distancias con tiro exterior pero los nuestros no pudieron conseguir el segundo que les diera el premio.<\/p>\n\n\n\n<!--nextpage-->\n\n\n\n<p>Padua Assoc. Club 4 &#8211; Cadet \u201cD\u201d 2<\/p>\n\n\n\n<p>En el partit dels del Cadet \u00abD\u00bb, es van notar les tres baixes que tenien els nostres, on van sortir b\u00e9 a l&#8217;inici i van generar dues ocasions de seguida, que no van acabar marcant. Tot el contrari va passar amb l&#8217;equip contrari que en les dues primeres ocasions que van tenir, s\u00ed que van marcar.<\/p>\n\n\n\n<p>Abans del primer temps, els de la Grama van marcar una de diverses ocasions que van tenir, per\u00f2 van anul\u00b7lar el gol, encara sent aquest totalment correcte (legal).<\/p>\n\n\n\n<p>En la segona part els nostres dominen i arriba l&#8217;empat, per\u00f2 a la seg\u00fcent, en una fallada de sortida pilota van marcar el 3 a 2. Va anar passant temps i malgrat estar bolcats en la seva porteria tota l&#8217;estona els de la Grama no aconseguien marcar i finalment en una contra els contraris van marcar el seu quart gol.<\/p>\n\n\n\n<p><\/p>\n\n\n\n<hr class=\"wp-block-separator is-style-dots\"\/>\n\n\n\n<p><\/p>\n\n\n\n<p>Padua Assoc. Club 4 &#8211; Cadete \u201cD\u201d 2<\/p>\n\n\n\n<p>En el partido de los del Cadete \u201cD\u201d, se notaron las tres bajas que ten\u00edan los nuestros, donde salieron bien al inicio y generaron dos ocasiones enseguida, que no acabaron marcando. Todo lo contrario pas\u00f3 con el equipo contrario que en las dos primeras ocasiones que tuvieron, s\u00ed que marcaron.&nbsp;<\/p>\n\n\n\n<p>Antes del primer tiempo, los de la Grama marcaron una de varias ocasiones que tuvieron, pero anularon el gol, a\u00fan siendo este totalmente correcto (legal).<\/p>\n\n\n\n<p>En la segunda parte los nuestros dominan y llega el empate, pero a la siguiente, en un fallo de salida bal\u00f3n marcaron el 3 a 2. Fue pasando tiempo y a pesar de estar volcados en su porter\u00eda todo el rato los de la Grama no lograban marcar y finalmente en una contra los contrarios marcaron su cuarto gol.<br><\/p>\n\n\n\n<!--nextpage-->\n\n\n\n<p>Cadet \u201cE\u201d 1 &#8211; P.Bar.Anguera 2<\/p>\n\n\n\n<p>L&#8217;entrenadora diu: Ens enfront\u00e0vem davant els segons classificats en la lliga i sab\u00edem que era un partit de lluita cont\u00ednua. Sortim molt forts i tanquem al rival en el seu camp, no ens provocaven cap perill. Tall\u00e0vem cada jugada amb tranquil\u00b7litat i ens els deix\u00e0vem que passaran. En el minut 16, ten\u00edem a un defensa nostre tirat en el s\u00f2l, ja que havia pres mal. El rival, t\u00e8nia la pilota en el seu camp, en l&#8217;\u00faltima l\u00ednia del seu defensa i en comptes de tirar la pilota a fora com qualsevol altre equip hagu\u00e9s fet, ja que abans de res cal ser esportius. Aquests inicien un contraatac i marquen el 0-1. Han demostrat una falta molt gran d&#8217;esportivitat, no obstant aix\u00f2, nosaltres continuem treballant. Aquest jugador nostre ha hagut de ser canviat perqu\u00e8 no podia continuar. Aix\u00ed i tot, hem lluitat fins al final. Ten\u00edem jugades per\u00f2 no aconsegu\u00edem l&#8217;empat. Finalitza la primera part 0-1 perdent, marcador molt injust.<\/p>\n\n\n\n<p>Despr\u00e9s d&#8217;aix\u00f2 s&#8217;inicia la segona part, amb els de la Grama molt motivats, amb actitud i ganes. No permetien res als rivals. Per\u00f2 despr\u00e9s de cinc minuts de joc es comet una fallada en defensa el qual fa que el rival es posi 0 a 2 en el marcador.<\/p>\n\n\n\n<p>Els nostres segueixen igual no baixen els bra\u00e7os en cap moment. Els contraris no havien fet res per a mer\u00e8ixer el resultat. Els nostres tornen a tancar al rival que no sortia del seu camp. El rival cada vegada que els nostres escapaven, feien faltes i insultaven a m\u00e9s d&#8217;un jugador dels nostres.<\/p>\n\n\n\n<p>En el minut 56, Said fica el 1-2 en una jugada de c\u00f3rner, quan el nostre jugador celebra el gol, un rival li crida: fill de puta i algun insult m\u00e9s. El nostre jugador s&#8217;encara cap a ell i com l&#8217;\u00e0rbitre nom\u00e9s veu aquesta acci\u00f3, expulsen al nostre jugador. Els nostres no perden la calma i segueixen igual, encara que amb un menys. La resta de partit els nostres el van passar lluitant, malgrat les provocacions i insults, en els quals els nostres no queien en el seu joc. Els de la grama tenien jugades per\u00f2 sense \u00e8xit. Finalment acaba el partit 1 a 2 perdent.<\/p>\n\n\n\n<p>Dolors: resultat molt injust en el qual no es reflecteix la lluita i el bon partit que han realitzat els nostres. El rival ha demostrat la poca esportivitat que tenen. Ha estat vergony\u00f3s escoltar els insults i les provocacions que feien. Els nostres jugadors han estat de 10 davant les accions del rival. Estic molt contenta pel treball, no es tracta del resultat sin\u00f3 del que s&#8217;ha lluitat fins al final. Continuem treballant i sobretot, amb respecte que \u00e9s el que a ells els ha faltat.<\/p>\n\n\n\n<p><\/p>\n\n\n\n<hr class=\"wp-block-separator is-style-dots\"\/>\n\n\n\n<p><\/p>\n\n\n\n<p>Cadete \u201cE\u201d 1 &#8211; P.Bar.Anguera 2<\/p>\n\n\n\n<p>La entrenadora dice: Nos enfrent\u00e1bamos ante los segundos clasificados en la liga y sab\u00edamos que era un partido de lucha continua. Salimos muy fuertes y encerramos al rival en su campo, no nos provocaban ning\u00fan peligro. Cort\u00e1bamos cada jugada con tranquilidad y nos les dej\u00e1bamos que pasar\u00e1n. En el minuto 16, ten\u00edamos a un defensa nuestro tirado en el suelo, ya que hab\u00eda tomado da\u00f1o. El rival, tenia el bal\u00f3n en su campo, en la \u00faltima l\u00ednea de su defensa y en vez de tirar el bal\u00f3n a fuera como cualquier otro equipo hubiera hecho, ya que ante todo hay que ser deportivos. Estos inician un contraataque y marcan el 0-1. Han demostrado una falta muy grande de deportividad, no obstante, nosotros seguimos trabajando. Dicho jugador nuestro ha tenido que ser cambiado porque no pod\u00eda continuar. Aun as\u00ed, hemos luchado hasta el final. Ten\u00edamos jugadas pero no consegu\u00edamos el empate. Finaliza la primera parte 0-1 perdiendo, marcador muy injusto.<br><\/p>\n\n\n\n<p>Despu\u00e9s de esto se inicia la segunda parte, con los de la Grama muy motivados, con actitud y ganas. No permit\u00edan nada a los rivales. Pero tras cinco minutos de juego se comete un fallo en defensa el cual hace que el rival se ponga 0 a 2 en el marcador.<\/p>\n\n\n\n<p>Los nuestros siguen igual no bajan los brazos en ning\u00fan momento. Los contrarios no hab\u00edan hecho nada para merecer el resultado. Los nuestros vuelven a encerrar al rival que no sal\u00eda de su campo. El rival cada vez que los nuestros escapaban, hac\u00edan faltas e insultaban a m\u00e1s de un jugador de los nuestros.<\/p>\n\n\n\n<p>En el minuto 56, Said mete el 1-2 en una jugada de c\u00f3rner, cuando nuestro jugador celebra el gol, un rival le llama: hijo de puta y alg\u00fan insulto m\u00e1s. Nuestro jugador se encara hacia \u00e9l y como el \u00e1rbitro solo ve esa acci\u00f3n, expulsan a nuestro jugador. Los nuestros no pierden la calma y siguen igual, aunque con uno menos. El resto de partido los nuestros lo pasaron luchando, a pesar de las provocaciones e insultos, en los que los nuestros no ca\u00edan en su juego. Los de la grama ten\u00edan jugadas pero sin \u00e9xito. Finalmente acaba el partido 1 a 2 perdiendo.<br>Dolors: resultado muy injusto en el cual no se refleja la lucha y el buen partido que han realizado los nuestros. El rival ha demostrado la poca deportividad que tienen. Ha sido vergonzoso escuchar los insultos y las provocaciones que hac\u00edan. Nuestros jugadores han estado de 10 ante las acciones del rival. Estoy muy contenta por el trabajo, no se trata del resultado sino de lo que se ha luchado hasta el final. Seguimos trabajando y sobre todo, con respeto que es lo que a ellos les ha faltado.<\/p>\n","protected":false},"excerpt":{"rendered":"<p>Hospitalet 1 &#8211; Cadet \u201cA\u201d 3 El nostre cadet \u00abA\u00bb tanca el 2019 amb una vict\u00f2ria a domicili. El partit es va posar molt aviat de cara per als Colomencs, en el minut 7 de joc, el pitxitxi Albert avan\u00e7ava als de \u00abSantaco\u00bb. Minuts de relaxaci\u00f3 dels blaus que van veure com l&#8217;Hospitalet apunto estava [&hellip;]<\/p>\n","protected":false},"author":1,"featured_media":27545,"comment_status":"closed","ping_status":"closed","sticky":false,"template":"","format":"standard","meta":{"footnotes":""},"categories":[4,7],"tags":[],"class_list":["post-27651","post","type-post","status-publish","format-standard","has-post-thumbnail","hentry","category-base-inclusiu","category-cadets"],"_links":{"self":[{"href":"http:\/\/fegrama.cat\/web\/wp-json\/wp\/v2\/posts\/27651","targetHints":{"allow":["GET"]}}],"collection":[{"href":"http:\/\/fegrama.cat\/web\/wp-json\/wp\/v2\/posts"}],"about":[{"href":"http:\/\/fegrama.cat\/web\/wp-json\/wp\/v2\/types\/post"}],"author":[{"embeddable":true,"href":"http:\/\/fegrama.cat\/web\/wp-json\/wp\/v2\/users\/1"}],"replies":[{"embeddable":true,"href":"http:\/\/fegrama.cat\/web\/wp-json\/wp\/v2\/comments?post=27651"}],"version-history":[{"count":1,"href":"http:\/\/fegrama.cat\/web\/wp-json\/wp\/v2\/posts\/27651\/revisions"}],"predecessor-version":[{"id":27652,"href":"http:\/\/fegrama.cat\/web\/wp-json\/wp\/v2\/posts\/27651\/revisions\/27652"}],"wp:featuredmedia":[{"embeddable":true,"href":"http:\/\/fegrama.cat\/web\/wp-json\/wp\/v2\/media\/27545"}],"wp:attachment":[{"href":"http:\/\/fegrama.cat\/web\/wp-json\/wp\/v2\/media?parent=27651"}],"wp:term":[{"taxonomy":"category","embeddable":true,"href":"http:\/\/fegrama.cat\/web\/wp-json\/wp\/v2\/categories?post=27651"},{"taxonomy":"post_tag","embeddable":true,"href":"http:\/\/fegrama.cat\/web\/wp-json\/wp\/v2\/tags?post=27651"}],"curies":[{"name":"wp","href":"https:\/\/api.w.org\/{rel}","templated":true}]}}