{"id":27647,"date":"2019-12-24T03:13:51","date_gmt":"2019-12-24T02:13:51","guid":{"rendered":"http:\/\/fegrama.cat\/web\/?p=27647"},"modified":"2019-12-26T10:17:51","modified_gmt":"2019-12-26T09:17:51","slug":"la-victoria-del-prebenjami-b","status":"publish","type":"post","link":"http:\/\/fegrama.cat\/web\/la-victoria-del-prebenjami-b\/","title":{"rendered":"La vict\u00f2ria del Prebenjam\u00ed \u00abB\u00bb."},"content":{"rendered":"\n<p>Badalona 4 \u2013 Prebenjam\u00ed \u201cA\u201d 1<\/p>\n\n\n\n<p>Partit molt igualat que es\nva decantar al final per l&#8217;equip rival.<br>\nComen\u00e7\u00e0vem molt ficats en la trobada i una\njugada de c\u00f3rner assajat ens posava en el marcador.<br>\nEl primer quart va ser nostre amb ocasions\nque unes vegades no materialitzem i una altra el seu porter les parava, per\u00f2 no\nvam poder augmentar l&#8217;avantatge.<br>\nEn el segon el Badalona estrenyia i creava\nperill en contres i&nbsp;c\u00f3rners. Ens empataven i al final del quart es posen 2\n-1 en el marcador.<br>\nEn la segona part, en el tercer quart vam\nser de nou superiors, per\u00f2 segu\u00edem sense sort cara al gol. L&#8217;\u00faltim quart i\ndecisiu, bolcats en atac ho aprofita el rival per a tancar la trobada amb el 4\n\u2013 1 final.<\/p>\n\n\n\n<p><\/p>\n\n\n\n<hr class=\"wp-block-separator is-style-dots\"\/>\n\n\n\n<p><\/p>\n\n\n\n<p>Badalona 4 \u2013 Prebenjam\u00edn \u201cA\u201d 1<\/p>\n\n\n\n<p>Partido muy igualado que se decant\u00f3 al final por el equipo\nrival.<\/p>\n\n\n\n<p>Comenz\u00e1bamos muy metidos en el encuentro y una jugada de c\u00f3rner\nensayado nos pon\u00eda en el marcador.<\/p>\n\n\n\n<p>El primer cuarto fue nuestro con ocasiones que unas veces no\nmaterializamos y otra su portero las paraba, pero no pudimos aumentar la\nventaja.<\/p>\n\n\n\n<p>En el segundo el Badalona apretaba y creaba peligro en\ncontras y c\u00f3rneres. Nos empataban y al final del cuarto se ponen 2 -1 en el\nmarcador.<\/p>\n\n\n\n<p>En la segunda parte, en el tercer cuarto fuimos de nuevo superiores,\npero segu\u00edamos sin suerte cara al gol. El \u00faltimo cuarto y decisivo, volcados en\nataque lo aprovecha el rival para cerrar el encuentro con el 4 \u2013 1 final.<\/p>\n\n\n\n<!--nextpage-->\n\n\n\n<p>Els nostres petits del&nbsp;Prebenjam\u00edn&nbsp;\u00abB\u00bb van comen\u00e7ar el seu partit d&#8217;aquesta setmana passada&nbsp;apagats&nbsp;i desconcentrats. <\/p>\n\n\n\n<p>Al cap de cinc minuts els contraris van marcar un gol de falta i els nostres no van saber reaccionar.<br>Van continuar aix\u00ed perdent pilotes. Els de la Grama creaven ocasions per\u00f2 no aconseguien finalitzar-les, el migcampista ja estava fora de lloc i despistat en totes les destinacions. Va ser aix\u00ed com s&#8217;arriba a la mitja part perdent 1 a 0 en el marcador.<\/p>\n\n\n\n<p><br>Despr\u00e9s del descans, els nostres van sortir amb m\u00e9s ganes i pressionant. En un contraatac els de la Grama fiquen el seu primer gol. <\/p>\n\n\n\n<p>L&#8217;entrenador diu: \u00abAqu\u00ed ens comencem a col\u00b7locar i a saber jugar el nostre joc. Fallem molt gol i no sabem aprofitar. Partit igualat per\u00f2 al final en l&#8217;\u00faltim minut fiquem un gol des de lluny. Gran xutada que ens fa guanyar 3 punts important\u00edssims per a poder anar pujant en la taula.\u00bb<\/p>\n\n\n\n<p><\/p>\n\n\n\n<hr class=\"wp-block-separator is-style-dots\"\/>\n\n\n\n<p><\/p>\n\n\n\n<p>Monta\u00f1esa 1 &#8211; Prebenjam\u00edn \u201cB\u201d 2<\/p>\n\n\n\n<p>Nuestros peque\u00f1os del&nbsp;Prebenjam\u00edn&nbsp;\u201cB\u201d empezaron su partido de esta semana pasada apagados y desconcentrados.<\/p>\n\n\n\n<p> A los cinco minutos los contrarios marcaron un gol de falta y los nuestros no supieron reaccionar.<br>Siguieron as\u00ed perdiendo balones. Los de la Grama creaban ocasiones pero no lograban finalizarlas, el mediocampo ya estaba fuera de lugar y despostado en todos los destinos.&nbsp;Fue&nbsp;as\u00ed como se llega a la media parte perdiendo 1 a 0 en el marcador.<br><\/p>\n\n\n\n<p>Despu\u00e9s del descanso, los nuestros salieron con m\u00e1s ganas y presionando. En un contraataque los de la Grama meten su primer gol. <\/p>\n\n\n\n<p>El entrenador dice: \u201cAqu\u00ed nos empezamos a colocar y a saber jugar nuestro juego. Fallamos mucho gol y no sabemos aprovechar. Partido igualado pero al final en el \u00faltimo minuto metemos un gol desde lejos. Gran chute que nos hace ganar 3 puntos&nbsp;important\u00edsimos&nbsp;para poder ir subiendo en la tabla.\u201d<\/p>\n","protected":false},"excerpt":{"rendered":"<p>Badalona 4 \u2013 Prebenjam\u00ed \u201cA\u201d 1 Partit molt igualat que es va decantar al final per l&#8217;equip rival. Comen\u00e7\u00e0vem molt ficats en la trobada i una jugada de c\u00f3rner assajat ens posava en el marcador. El primer quart va ser nostre amb ocasions que unes vegades no materialitzem i una altra el seu porter les [&hellip;]<\/p>\n","protected":false},"author":1,"featured_media":14922,"comment_status":"closed","ping_status":"closed","sticky":false,"template":"","format":"standard","meta":{"footnotes":""},"categories":[4,12],"tags":[],"class_list":["post-27647","post","type-post","status-publish","format-standard","has-post-thumbnail","hentry","category-base-inclusiu","category-prebenjamins"],"_links":{"self":[{"href":"http:\/\/fegrama.cat\/web\/wp-json\/wp\/v2\/posts\/27647","targetHints":{"allow":["GET"]}}],"collection":[{"href":"http:\/\/fegrama.cat\/web\/wp-json\/wp\/v2\/posts"}],"about":[{"href":"http:\/\/fegrama.cat\/web\/wp-json\/wp\/v2\/types\/post"}],"author":[{"embeddable":true,"href":"http:\/\/fegrama.cat\/web\/wp-json\/wp\/v2\/users\/1"}],"replies":[{"embeddable":true,"href":"http:\/\/fegrama.cat\/web\/wp-json\/wp\/v2\/comments?post=27647"}],"version-history":[{"count":2,"href":"http:\/\/fegrama.cat\/web\/wp-json\/wp\/v2\/posts\/27647\/revisions"}],"predecessor-version":[{"id":27656,"href":"http:\/\/fegrama.cat\/web\/wp-json\/wp\/v2\/posts\/27647\/revisions\/27656"}],"wp:featuredmedia":[{"embeddable":true,"href":"http:\/\/fegrama.cat\/web\/wp-json\/wp\/v2\/media\/14922"}],"wp:attachment":[{"href":"http:\/\/fegrama.cat\/web\/wp-json\/wp\/v2\/media?parent=27647"}],"wp:term":[{"taxonomy":"category","embeddable":true,"href":"http:\/\/fegrama.cat\/web\/wp-json\/wp\/v2\/categories?post=27647"},{"taxonomy":"post_tag","embeddable":true,"href":"http:\/\/fegrama.cat\/web\/wp-json\/wp\/v2\/tags?post=27647"}],"curies":[{"name":"wp","href":"https:\/\/api.w.org\/{rel}","templated":true}]}}