{"id":27635,"date":"2019-12-24T02:44:08","date_gmt":"2019-12-24T01:44:08","guid":{"rendered":"http:\/\/fegrama.cat\/web\/?p=27635"},"modified":"2019-12-24T03:21:12","modified_gmt":"2019-12-24T02:21:12","slug":"infantilabc","status":"publish","type":"post","link":"http:\/\/fegrama.cat\/web\/infantilabc\/","title":{"rendered":"Infantils, amb la golejada del \u00abA\u00bb."},"content":{"rendered":"\n<figure class=\"wp-block-image size-large\"><img loading=\"lazy\" decoding=\"async\" width=\"1024\" height=\"768\" src=\"http:\/\/fegrama.cat\/web\/wp-content\/uploads\/2019\/12\/INFANTIL-A-1024x768.jpeg\" alt=\"\" class=\"wp-image-27636\" srcset=\"http:\/\/fegrama.cat\/web\/wp-content\/uploads\/2019\/12\/INFANTIL-A-1024x768.jpeg 1024w, http:\/\/fegrama.cat\/web\/wp-content\/uploads\/2019\/12\/INFANTIL-A-300x225.jpeg 300w, http:\/\/fegrama.cat\/web\/wp-content\/uploads\/2019\/12\/INFANTIL-A-768x576.jpeg 768w, http:\/\/fegrama.cat\/web\/wp-content\/uploads\/2019\/12\/INFANTIL-A-1536x1152.jpeg 1536w, http:\/\/fegrama.cat\/web\/wp-content\/uploads\/2019\/12\/INFANTIL-A.jpeg 2048w\" sizes=\"auto, (max-width: 1024px) 100vw, 1024px\" \/><\/figure>\n\n\n\n<p>Infantil \u00abA\u00bb 5 &#8211;&nbsp;F.F Badalona 0<\/p>\n\n\n\n<p>Manita&nbsp;de l&#8217;infantil A per a acabar l&#8217;any<br>Els de&nbsp;Brian&nbsp;Espinola&nbsp;que fa dos partits no van ser ben tractats fora de casa, aquesta \u00faltima setmana van sortir a portes en el derbi. Venia comentant-se molt aquest partit per\u00f2 els de l&#8217;Infantil \u00abA\u00bb van parlar en el camp.<br>Es va jugar una primera part incre\u00efble amb domini de joc total on es pot destacar a tot l&#8217;equip el treball d&#8217;uni\u00f3 que van fer. En el minut 17, Rub\u00e8n obria el marcador. Amb la gran din\u00e0mica i les bones sensacions que l&#8217;Infantil de la Grama portava de diverses setmanes anteriors, aquesta vegada la pilota va voler entrar, van jugar en equip i van sortir les coses.<br>En minut 20, els nostres van fallar un penal, per\u00f2 no es van ensorrar.&nbsp;Mamadou&nbsp;the&nbsp;\u00abKILLER\u00bb marcava el segon gol, i Rub\u00e8n mancant 3 minuts per al final de la primera part posava el 3 a 0 en el marcador.<br>Podria haver estat m\u00e9s inflat per\u00f2 aquesta vegada no se&#8217;ls podia demanar m\u00e9s als nostres nois. Ganes, entrega, i intensitat en la segona part; els de&nbsp;Brian&nbsp;volien m\u00e9s. Van seguir amb defensa de tres fent basculacions en defensa molt b\u00e9 tira com la primera part, els interiors \u00abvan estar de 10\u00bb.<br>La banqueta va funcionar i el nivell sempre va estar&nbsp;molt molt&nbsp;alt sense donar&nbsp;al Badalona&nbsp;cap opci\u00f3. M\u00e9s tard, era una altra vegada&nbsp;Mamadou&nbsp;qui marcava el quart gol a deu minuts del final amb un&nbsp;hactrik&nbsp;i la m\u00e0 damunt de la taula. La Grama va continuar tocant i tocant; i aix\u00ed fins al final.<\/p>\n\n\n\n<p>Brian&nbsp;Espinola&nbsp;(entrenador): Content per ells es mereixien un partit aix\u00ed. Treballen com a aut\u00e8ntics bojos i el seu lliurament \u00e9s m\u00e0xim. \u00c9s veritat que port\u00e0vem dos partits empatant contra grans rivals i amb mala fortuna dels \u00e0rbitres. Per\u00f2 estan agafant el ritme que sab\u00edem que agafarien. Era un partit dif\u00edcil; pod\u00edem posar a l&#8217;equip en la taula on es mereixen. I aix\u00ed ho van fer. Estic orgull\u00f3s d&#8217;ells pel seu treball. \u00c9s incre\u00efble veure com milloren un equip totalment nou. Ara toca l&#8217;aturada que no agrada res perqu\u00e8 crec que ara estem en el nostre millor nivell. Per\u00f2 no dubto que seguiran com fins ara. No hem guanyat res, hi ha molt a treballar. Per\u00f2 \u00e9s un pas important i veure a l&#8217;equip unit i les sensacions de passades jornades fan pensar que continuarem lluitant fins al final.<\/p>\n\n\n\n<p>Bones festes de part del cos t\u00e8cnic i de tots els integrants de l&#8217;Infantil \u00abA\u00bb.<br>Tornarem amb m\u00e9s ganes!!!<\/p>\n\n\n\n<p><\/p>\n\n\n\n<hr class=\"wp-block-separator is-style-dots\"\/>\n\n\n\n\n\n<p>Infantil \u201cA\u201d 5 &#8211; F.F Badalona 0<\/p>\n\n\n\n<p>Manita del infantil \u00abA\u00bb para acabar el a\u00f1o.<br>Los de Brian&nbsp;Espinola&nbsp;que hace dos partidos no fueron bien tratados fuera de casa, esta \u00faltima semana salieron a portas en el derbi. Ven\u00eda coment\u00e1ndose mucho este partido pero los del Infantil \u201cA\u201d hablaron en el campo.<br>Se jug\u00f3 una primera parte incre\u00edble con dominio de juego total donde se puede destacar a todo el equipo el trabajo de uni\u00f3n que hicieron. En el minuto 17, Rub\u00e9n abr\u00eda el marcador. Con la gran din\u00e1mica y las buenas sensaciones que el Infantil de la Grama llevaba de varias semanas anteriores, esta vez la pelota quiso entra jugaron en equipo y salieron las cosas.<br>En minuto 20, los nuestros fallaron un penalti, pero no se vinieron abajo.&nbsp;Mamadou&nbsp;the&nbsp;\u201cKILLER\u201d marcaba el segundo gol, y Rub\u00e9n a falta de 3 minutos para el final de la primera parte pon\u00eda el 3 a 0 en el marcador.<br>Podr\u00eda haber sido m\u00e1s abultado pero esta vez no se les pod\u00eda pedir m\u00e1s a nuestros chicos. Ganas, entrega, intensidad en la segunda parte; los de Brian quer\u00edan m\u00e1s. Siguieron con defensa de tres haciendo basculaciones en defensa muy bien echa como la primera parte, los interiores \u201cestuvieron de 10\u201d.<br>El banquillo funcion\u00f3 y el nivel siempre estuvo&nbsp;muy muy&nbsp;alto sin dar al Badalona ninguna opci\u00f3n. M\u00e1s tarde, era otra vez&nbsp;Mamadou&nbsp;quien marcaba el cuarto gol a diez minutos del final con un&nbsp;hactrik&nbsp;y la mano encima de la mesa. La Grama sigui\u00f3 tocando y tocando; y as\u00ed hasta el final.<\/p>\n\n\n\n<p>Brian&nbsp;Espinola&nbsp;(entrenador): Contento por ellos se merec\u00edan un partido as\u00ed. Trabajan como aut\u00e9nticos locos y su entrega es m\u00e1xima. Es verdad que llev\u00e1bamos dos partidos empatando contra grandes rivales y con mala fortuna de los \u00e1rbitros. Pero est\u00e1n cogiendo el ritmo que sab\u00edamos que coger\u00edan. Era un partido dif\u00edcil pod\u00edamos poner al equipo en la tabla donde se merecen. Y as\u00ed lo hicieron. Estoy orgulloso de ellos por su trabajo es incre\u00edble ver c\u00f3mo mejoran un equipo totalmente nuevo. Ahora toca el par\u00f3n que no gusta nada porque creo que ahora estamos en nuestro mejor nivel. Pero no dudo que seguir\u00e1n como hasta ahora. No hemos ganado nada hay mucho que trabajar. Pero es un paso importante y ver al equipo unido y las sensaciones de pasadas jornadas hacen pensar que seguiremos luchando hasta el final.<br>Felices fiestas de parte del cuerpo t\u00e9cnico y de todos los integrantes del Infantil \u201cA\u201d.<br>\u00a1\u00a1\u00a1Volveremos con m\u00e1s ganas!!!<\/p>\n\n\n\n<!--nextpage-->\n\n\n\n<p>Infantil B 4 &#8211; Vilassar de Dalt 0<\/p>\n\n\n\n<p>Els de l&#8217;Infantil B van jugar contra el Vilassar de Dalt el seu 11a jornada on en la primera part van marcar el primer gol amb tan sols 15 segons de joc. Despr\u00e9s fins al minut 27 no es va marcar el segon, tamb\u00e9 dels nostres seguit un tercer. Per tant, els de la Grama ja anaven victoriosos als 30 minuts de joc amb difer\u00e8ncia als visitants. Va ser en aquesta primera part del joc on als de la Grama se&#8217;ls va fer m\u00e9s f\u00e0cil trobar gol, a difer\u00e8ncia de la segona part on havien de tenir molt m\u00e9s control del partit perqu\u00e8 la situaci\u00f3 en el camp era diferent. Amb esfor\u00e7 va arribar l&#8217;\u00faltim gol (minut 50 de joc).<br><\/p>\n\n\n\n<p><\/p>\n\n\n\n<hr class=\"wp-block-separator is-style-dots\"\/>\n\n\n\n<p><\/p>\n\n\n\n<p>Infantil B 4 &#8211; Vilassar de Dalt 0<\/p>\n\n\n\n<p>Los del Infantil B jugaron contra el Vilassar de Dalt su 11a jornada donde en la primera parte marcaron el primer gol con tan solo 15 segundos de juego. Despu\u00e9s hasta el minuto 27 no se marc\u00f3 el segundo, tambi\u00e9n de los nuestros seguido un tercero. Por lo tanto, los de la Grama ya iban victoriosos a los 30 minutos de juego con diferencia a los visitantes. Fue en esta primera parte del juego donde a los de la Grama se les hizo m\u00e1s f\u00e1cil encontrar gol, a diferencia de la segunda parte donde ten\u00edan que tener mucho m\u00e1s control del partido porque la situaci\u00f3n en el campo era distinta. Con esfuerzo lleg\u00f3 el \u00faltimo gol (minuto 50 de juego).<\/p>\n\n\n\n<!--nextpage-->\n\n\n\n<figure class=\"wp-block-image size-large\"><img loading=\"lazy\" decoding=\"async\" width=\"1024\" height=\"768\" src=\"http:\/\/fegrama.cat\/web\/wp-content\/uploads\/2019\/12\/infantil-c-1024x768.jpeg\" alt=\"\" class=\"wp-image-27641\" srcset=\"http:\/\/fegrama.cat\/web\/wp-content\/uploads\/2019\/12\/infantil-c-1024x768.jpeg 1024w, http:\/\/fegrama.cat\/web\/wp-content\/uploads\/2019\/12\/infantil-c-300x225.jpeg 300w, http:\/\/fegrama.cat\/web\/wp-content\/uploads\/2019\/12\/infantil-c-768x576.jpeg 768w, http:\/\/fegrama.cat\/web\/wp-content\/uploads\/2019\/12\/infantil-c-1536x1152.jpeg 1536w, http:\/\/fegrama.cat\/web\/wp-content\/uploads\/2019\/12\/infantil-c.jpeg 2048w\" sizes=\"auto, (max-width: 1024px) 100vw, 1024px\" \/><\/figure>\n\n\n\n<p>La Salle Bonanova 4 &#8211; Infantil \u00abC\u00bb 3<\/p>\n\n\n\n<p>Hi havia ja una necessitat dels 3 punts abans de l&#8217;aturada per als nostres nois de l&#8217;Infantil \u00abC\u00bb.<br><\/p>\n\n\n\n<p>Un gran partit dels nostres els qui van comen\u00e7ar dominant, la qual cosa els va fer ficar el 0-1. Sense deixar d&#8217;atacar, els de la Grama van seguir fins a fer-se l&#8217;u a un, culpant a l&#8217;\u00e0rbitre per\u00f2 les ganes de remuntada dels nostres,&nbsp;es&nbsp;van \u00abmig esfumar\u00bb amb un gol de la Salle pel cap alt pur estil a la m\u00e0 de Maradona. Aix\u00ed i tot sense desesperar-se, els de la Grama van continuar atacant, per\u00f2 ja no hi havia res a fer. Un penal a favor dels contraris posava el 3-1 i la r\u00e0bia dels nostres veient el robatori de la m\u00e0 i el penal, van remuntar fins al final amb un resultat final de 4 a 3, perdent per\u00f2 amb bona sensaci\u00f3 de joc dels de la Grama.<br><\/p>\n\n\n\n<p>L&#8217;entrenador recalca: PARTIT ROBAT!!!<br><\/p>\n\n\n\n<p>Bones festes \ud83c\udf81\ud83c\udf84 de part dels de l&#8217;Infantil \u00abC\u00bb.<\/p>\n\n\n\n<p><\/p>\n\n\n\n<hr class=\"wp-block-separator is-style-dots\"\/>\n\n\n\n<p><br>La Salle Bonanova 4 &#8211; Infantil \u00abC\u00bb 3<\/p>\n\n\n\n<p>Hab\u00eda ya una necesidad de los 3 puntos antes del par\u00f3n para nuestros chicos del Infantil \u201cC\u201d.<\/p>\n\n\n\n<p>Un gran partido de los nuestros quienes empezaron dominando, lo que les hizo meter el 0-1. Sin dejar de atacar, los de la Grama siguieron hasta hacerse el uno a uno, culpando al \u00e1rbitro pero las ganas de remontada de los nuestros, se \u201cmedio esfumaron\u201d con un gol de la Salle a lo m\u00e1s puro estilo a la mano de Maradona. Aun as\u00ed sin desesperarse, los de la Grama siguieron atacando, pero ya no hab\u00eda nada que hacer. Un penalti a favor de los contrarios pon\u00eda el 3-1 y la rabia de los nuestros viendo el robo de la mano y el penalti, remontaron hasta el final con un resultado final de 4 a 3, perdiendo pero con buena sensaci\u00f3n de juego de los de la Grama.<\/p>\n\n\n\n<p>El entrenador recalca: \u00a1\u00a1\u00a1PARTIDO ROBADO!!!<\/p>\n\n\n\n<p>Felices Fiestas \ud83c\udf81\ud83c\udf84 de parte de los del Infantil \u201cC\u201d.<br><\/p>\n","protected":false},"excerpt":{"rendered":"<p>Infantil \u00abA\u00bb 5 &#8211;&nbsp;F.F Badalona 0 Manita&nbsp;de l&#8217;infantil A per a acabar l&#8217;anyEls de&nbsp;Brian&nbsp;Espinola&nbsp;que fa dos partits no van ser ben tractats fora de casa, aquesta \u00faltima setmana van sortir a portes en el derbi. Venia comentant-se molt aquest partit per\u00f2 els de l&#8217;Infantil \u00abA\u00bb van parlar en el camp.Es va jugar una primera part [&hellip;]<\/p>\n","protected":false},"author":1,"featured_media":27636,"comment_status":"closed","ping_status":"closed","sticky":false,"template":"","format":"standard","meta":{"footnotes":""},"categories":[4,9],"tags":[],"class_list":["post-27635","post","type-post","status-publish","format-standard","has-post-thumbnail","hentry","category-base-inclusiu","category-infantils"],"_links":{"self":[{"href":"http:\/\/fegrama.cat\/web\/wp-json\/wp\/v2\/posts\/27635","targetHints":{"allow":["GET"]}}],"collection":[{"href":"http:\/\/fegrama.cat\/web\/wp-json\/wp\/v2\/posts"}],"about":[{"href":"http:\/\/fegrama.cat\/web\/wp-json\/wp\/v2\/types\/post"}],"author":[{"embeddable":true,"href":"http:\/\/fegrama.cat\/web\/wp-json\/wp\/v2\/users\/1"}],"replies":[{"embeddable":true,"href":"http:\/\/fegrama.cat\/web\/wp-json\/wp\/v2\/comments?post=27635"}],"version-history":[{"count":4,"href":"http:\/\/fegrama.cat\/web\/wp-json\/wp\/v2\/posts\/27635\/revisions"}],"predecessor-version":[{"id":27642,"href":"http:\/\/fegrama.cat\/web\/wp-json\/wp\/v2\/posts\/27635\/revisions\/27642"}],"wp:featuredmedia":[{"embeddable":true,"href":"http:\/\/fegrama.cat\/web\/wp-json\/wp\/v2\/media\/27636"}],"wp:attachment":[{"href":"http:\/\/fegrama.cat\/web\/wp-json\/wp\/v2\/media?parent=27635"}],"wp:term":[{"taxonomy":"category","embeddable":true,"href":"http:\/\/fegrama.cat\/web\/wp-json\/wp\/v2\/categories?post=27635"},{"taxonomy":"post_tag","embeddable":true,"href":"http:\/\/fegrama.cat\/web\/wp-json\/wp\/v2\/tags?post=27635"}],"curies":[{"name":"wp","href":"https:\/\/api.w.org\/{rel}","templated":true}]}}