{"id":27613,"date":"2019-12-17T22:05:25","date_gmt":"2019-12-17T21:05:25","guid":{"rendered":"http:\/\/fegrama.cat\/web\/?p=27613"},"modified":"2019-12-17T22:05:26","modified_gmt":"2019-12-17T21:05:26","slug":"una-victoria-mes-dels-nostres-inclusius-que-com-sempre-ho-van-donar-tot-en-la-pista","status":"publish","type":"post","link":"http:\/\/fegrama.cat\/web\/una-victoria-mes-dels-nostres-inclusius-que-com-sempre-ho-van-donar-tot-en-la-pista\/","title":{"rendered":"Una vict\u00f2ria m\u00e9s dels nostres Inclusius que com sempre, ho van donar tot en la pista."},"content":{"rendered":"\n<figure class=\"wp-block-image size-large\"><img loading=\"lazy\" decoding=\"async\" width=\"1024\" height=\"576\" src=\"http:\/\/fegrama.cat\/web\/wp-content\/uploads\/2019\/12\/WhatsApp-Image-2019-12-17-at-19.38.21-1024x576.jpeg\" alt=\"\" class=\"wp-image-27614\" srcset=\"http:\/\/fegrama.cat\/web\/wp-content\/uploads\/2019\/12\/WhatsApp-Image-2019-12-17-at-19.38.21-1024x576.jpeg 1024w, http:\/\/fegrama.cat\/web\/wp-content\/uploads\/2019\/12\/WhatsApp-Image-2019-12-17-at-19.38.21-300x169.jpeg 300w, http:\/\/fegrama.cat\/web\/wp-content\/uploads\/2019\/12\/WhatsApp-Image-2019-12-17-at-19.38.21-768x432.jpeg 768w, http:\/\/fegrama.cat\/web\/wp-content\/uploads\/2019\/12\/WhatsApp-Image-2019-12-17-at-19.38.21-1536x864.jpeg 1536w, http:\/\/fegrama.cat\/web\/wp-content\/uploads\/2019\/12\/WhatsApp-Image-2019-12-17-at-19.38.21.jpeg 2048w\" sizes=\"auto, (max-width: 1024px) 100vw, 1024px\" \/><figcaption>Dalt d&#8217;esquerra a dreta:<br> Manuel Garrido, Jose Antonio Collada, David Rodriguez, Daniel Caba\u00f1as, Jofre Ruiz, Sergio Molina<br> Sota d&#8217;esquerra a dreta: <br>Daniel Salinas, Jes\u00fas Luna, Manuel Caparr\u00f3s, Miguel S\u00e1nchez i Sonia Gonz\u00e1lez.<\/figcaption><\/figure>\n\n\n\n<p><\/p>\n\n\n\n<p>Sant Boi 4 &#8211; F.E. Grama Inclusiu 10<\/p>\n\n\n\n<p>Ahir dimarts 17 de desembre, els Inclusius van jugar el seu partit de lliga setmanal contra el Sant Boi, en aquesta ocasi\u00f3 fora de casa.<\/p>\n\n\n\n<p>Per sort, una altra nova vict\u00f2ria dels nostres amb el resultat final de 4-10 trepitjant fort a Sant Boi de Llobregat.<br><\/p>\n\n\n\n<p>La trobada va estar controlada completament pels nostres, ja des del primer minut quan els de la Grama comen\u00e7aven guanyant amb 0 a 1 en el marcador.&nbsp;<\/p>\n\n\n\n<p>Despr\u00e9s d&#8217;una estona en joc, arriba el descans i el resultat \u00e9s d&#8217;1 a 4 preferent per als visitants.<\/p>\n\n\n\n<p>En tornar del descans, comen\u00e7a la segona part i l&#8217;entrenador dels nostres es va encarregar d&#8217;anar rotant a tots els jugadors perqu\u00e8 els que ja havien jugat poguessin descansar despr\u00e9s del gran esfor\u00e7 que van demostrar tots els Inclusius de la Grama en la pista.<br><\/p>\n\n\n\n<p>Felicitats nois! Una vegada m\u00e9s un treball ENORME, sobretot els golejadors:<\/p>\n\n\n\n<p>Sergio Molina (5), Manuel Caparr\u00f3s (2), Miguel S\u00e1nchez (1), Daniel Salines (1) i Jose Antonio Collada (1).<br><\/p>\n\n\n\n<p>El pr\u00f2xim partit es disputar\u00e0 el divendres 20 de desembre a les 11\u202fh del mat\u00ed en el pavell\u00f3 \u00abLa Bastida\u00bb enfront del Manresa. A continuar treballant amb les mateixes ganes!!<br><\/p>\n\n\n\n<!--nextpage-->\n\n\n\n<p>Sant Boi 4 &#8211; F.E.Grama Inclusivo 10<\/p>\n\n\n\n<p>Ayer martes 17 de diciembre, los Inclusivos jugaron su partido de liga semanal contra el Sant Boi, en esta ocasi\u00f3n fuera de casa.<\/p>\n\n\n\n<p>Por suerte, otra nueva victoria de los nuestros con el resultado final de 4-10 pisando fuerte en Sant Boi de Llobregat.<\/p>\n\n\n\n<p>El encuentro estuvo controlado completamente por los nuestros, ya desde el primer minuto cuando los de la Grama empezaban ganando con 0 a 1 en el marcador. Despu\u00e9s de un rato en juego, llega el descanso y el resultado es de 1 a 4 preferente para los visitantes.<\/p>\n\n\n\n<p>Tras el descanso, empieza la segunda parte y el entrenador de los nuestros se encarg\u00f3 de ir rotando a todos los jugadores para que los que ya hab\u00edan jugado pudieran descansar despu\u00e9s del gran esfuerzo que demostraron todos los Inclusivos de la Grama en la pista.<\/p>\n\n\n\n<p>\u00a1Felicidades chicos! una vez m\u00e1s un trabajo ENORME, sobretodo los goleadores:<\/p>\n\n\n\n<p>Sergio Molina (5), Manuel Caparr\u00f3s (2), Miguel S\u00e1nchez (1), Daniel Salinas (1) y Jose Antonio Collada (1).<\/p>\n\n\n\n<p>El pr\u00f3ximo partido se disputar\u00e1 el viernes 20 de diciembre a las 11h de la ma\u00f1ana en el pabell\u00f3n \u201cLa Bastida\u201d frente al Manresa. \u00a1\u00a1A seguir trabajando con las mismas ganas!!<br><\/p>\n","protected":false},"excerpt":{"rendered":"<p>Sant Boi 4 &#8211; F.E. Grama Inclusiu 10 Ahir dimarts 17 de desembre, els Inclusius van jugar el seu partit de lliga setmanal contra el Sant Boi, en aquesta ocasi\u00f3 fora de casa. Per sort, una altra nova vict\u00f2ria dels nostres amb el resultat final de 4-10 trepitjant fort a Sant Boi de Llobregat. La [&hellip;]<\/p>\n","protected":false},"author":1,"featured_media":27614,"comment_status":"closed","ping_status":"closed","sticky":false,"template":"","format":"standard","meta":{"footnotes":""},"categories":[4,1256],"tags":[],"class_list":["post-27613","post","type-post","status-publish","format-standard","has-post-thumbnail","hentry","category-base-inclusiu","category-inclusiu"],"_links":{"self":[{"href":"http:\/\/fegrama.cat\/web\/wp-json\/wp\/v2\/posts\/27613","targetHints":{"allow":["GET"]}}],"collection":[{"href":"http:\/\/fegrama.cat\/web\/wp-json\/wp\/v2\/posts"}],"about":[{"href":"http:\/\/fegrama.cat\/web\/wp-json\/wp\/v2\/types\/post"}],"author":[{"embeddable":true,"href":"http:\/\/fegrama.cat\/web\/wp-json\/wp\/v2\/users\/1"}],"replies":[{"embeddable":true,"href":"http:\/\/fegrama.cat\/web\/wp-json\/wp\/v2\/comments?post=27613"}],"version-history":[{"count":1,"href":"http:\/\/fegrama.cat\/web\/wp-json\/wp\/v2\/posts\/27613\/revisions"}],"predecessor-version":[{"id":27615,"href":"http:\/\/fegrama.cat\/web\/wp-json\/wp\/v2\/posts\/27613\/revisions\/27615"}],"wp:featuredmedia":[{"embeddable":true,"href":"http:\/\/fegrama.cat\/web\/wp-json\/wp\/v2\/media\/27614"}],"wp:attachment":[{"href":"http:\/\/fegrama.cat\/web\/wp-json\/wp\/v2\/media?parent=27613"}],"wp:term":[{"taxonomy":"category","embeddable":true,"href":"http:\/\/fegrama.cat\/web\/wp-json\/wp\/v2\/categories?post=27613"},{"taxonomy":"post_tag","embeddable":true,"href":"http:\/\/fegrama.cat\/web\/wp-json\/wp\/v2\/tags?post=27613"}],"curies":[{"name":"wp","href":"https:\/\/api.w.org\/{rel}","templated":true}]}}