{"id":27608,"date":"2019-12-17T19:42:00","date_gmt":"2019-12-17T18:42:00","guid":{"rendered":"http:\/\/fegrama.cat\/web\/?p=27608"},"modified":"2019-12-17T19:50:19","modified_gmt":"2019-12-17T18:50:19","slug":"croniques-dels-juvenils-amb-11-golazos-del-d","status":"publish","type":"post","link":"http:\/\/fegrama.cat\/web\/croniques-dels-juvenils-amb-11-golazos-del-d\/","title":{"rendered":"Cr\u00f2niques dels Juvenils amb 11 \u00abGOLAZOS\u00bb del \u00abD\u00bb."},"content":{"rendered":"\n<p>CF\u00a0Damm 4 &#8211; FE Grama 2<\/p>\n\n\n\n<p>L&#8217;entrenador del Juvenil \u00abA\u00bb diu:<\/p>\n\n\n\n<p>Un mal inici de la segona part ens sentencia.<\/p>\n\n\n\n<p>El partit va iniciar amb una Grama decidida a guanyar, en la primera jugada un robo en una&nbsp;pressi\u00f3&nbsp;alta&nbsp;aconsegu\u00edem&nbsp;fer el 0-1 d&#8217;Aliou.<\/p>\n\n\n\n<p>Aix\u00ed i tot&nbsp;el domini de la&nbsp;Damm&nbsp;provocava que&nbsp;hagu\u00e9ssim&nbsp;de jugar amb bloc baix i defensar els seus bons atacs, amb molt dinamisme i ens costava tenir la pilota per evitar que ens tanquessin.<\/p>\n\n\n\n<p>En&nbsp;dues&nbsp;jugades molt ben trenades ens aconseguien&nbsp;remuntar&nbsp;el partit al minut 30.<\/p>\n\n\n\n<p>A partir d&#8217;aqu\u00ed&nbsp;vam&nbsp;comen\u00e7ar a estirar&nbsp;l\u00ednies&nbsp;i aconseguir fer atacs&nbsp;m\u00e9s&nbsp;llargs, gaudint de bones ocasions i aconseguint empatar en una bona jugada&nbsp;col\u00b7lectiva.<\/p>\n\n\n\n<p>La segona part, inicia amb&nbsp;dues&nbsp;accions amb una&nbsp;s\u00e8rie&nbsp;de rebots que ens posen un&nbsp;dif\u00edcil&nbsp;de&nbsp;remuntar&nbsp;4-2. Tot i&nbsp;aix\u00ed&nbsp;l&#8217;equip ho va intentar gaudint&nbsp;d&#8217;ocasions&nbsp;clares, fins i tot amb un travesser per apropar-nos al marcador.<\/p>\n\n\n\n<p><\/p>\n\n\n\n<hr class=\"wp-block-separator is-style-dots\"\/>\n\n\n\n<p><\/p>\n\n\n\n<p>Entrenador del Juvenil \u00abA\u00bb:<\/p>\n\n\n\n<p>Un mal inicio de la segunda parte nos sentencia.<\/p>\n\n\n\n<p>El partido inici\u00f3 con una&nbsp;Grama&nbsp;decidida a ganar, en la primera jugada uno robo en una presi\u00f3n alta consegu\u00edamos hacer el 0-1 de&nbsp;Aliou.<\/p>\n\n\n\n<p>Aun as\u00ed el dominio de la&nbsp;Damm&nbsp;provocaba que tuvi\u00e9ramos que jugar con bloque bajo y defender sus buenos ataques, con mucho dinamismo y nos costaba tener la pelota para evitar que nos cerraran.<\/p>\n\n\n\n<p>En dos jugadas muy muy trenzadas nos consegu\u00edan remontar el partido al minuto 30.<\/p>\n\n\n\n<p>A partir de aqu\u00ed empezamos a estirar l\u00edneas y conseguir hacer ataques m\u00e1s largos, disfrutando de buenas ocasiones y consiguiendo empatar en una buena jugada colectiva.<\/p>\n\n\n\n<p>La segunda parte, inicia con dos acciones con una serie de rebotes que nos posan un dif\u00edcil de remontar 4-2. Aun as\u00ed el equipo lo intent\u00f3 disfrutando de ocasiones claras, incluso con un larguero para acercarnos al marcador.<\/p>\n\n\n\n<!--nextpage-->\n\n\n\n<p>Juvenil \u201cB\u201d 0 &#8211; Horta 1<\/p>\n\n\n\n<p>Derrota injusta per als del juvenil B, ja que si va haver-hi un equip que va mer\u00e8ixer la vict\u00f2ria va ser la Grama.<\/p>\n\n\n\n<p>La primera part es va jugar tota en camp rival, l\u2019Horta tenia els seus onze jugadors en el seu mig camp i era molt dif\u00edcil embastar jugades netes, fins i tot i aix\u00f2 la Grama aconseguia arribar i crear ocasions per banda per\u00f2 cap d&#8217;elles va entrar. En canvi, l\u2019Horta l&#8217;\u00fanica aproximaci\u00f3 en tot el partit va aconseguir materialitzar-la en el seu primer gol.<\/p>\n\n\n\n<p>La segona part va tornar a transc\u00f3rrer tota en camp contrari, accentuant la pressi\u00f3 i les arribades a l&#8217;\u00e0rea rival, per\u00f2 a vegades els pals, unes altres el porter&#8230; i sin\u00f3 la precipitaci\u00f3 en la finalitzaci\u00f3, no s&#8217;aconseguia marcar.<\/p>\n\n\n\n<p>Els \u00faltims 15 minuts es van jugar dins de l&#8217;\u00e0rea rival, amb una seq\u00fc\u00e8ncia de rematades i serveis de cantonada que feien preveure l&#8217;empat, per\u00f2 al final la pilota estava predestinada a no entrar.<\/p>\n\n\n\n<p>Felicitats a l&#8217;equip perqu\u00e8 no es va rendir ni en l&#8217;\u00faltim segon. Malgrat la derrota, seguim prop del cap.<br><\/p>\n\n\n\n<p><\/p>\n\n\n\n<hr class=\"wp-block-separator is-style-dots\"\/>\n\n\n\n<p><\/p>\n\n\n\n<p>Juvenil \u201cB\u201d 0 &#8211; Horta 1<\/p>\n\n\n\n<p>Derrota injusta para los del juvenil B, ya que si hubo un equipo que mereci\u00f3 la victoria fue la Grama.&nbsp;<\/p>\n\n\n\n<p>La primera parte se jug\u00f3 toda en campo rival, el Horta ten\u00eda sus once jugadores en su medio campo y era muy dif\u00edcil hilvanar jugadas limpias, aun y eso la Grama consegu\u00eda llegar y crear ocasiones por banda pero ninguna de ellas entr\u00f3. En cambio, el Horta la \u00fanica aproximaci\u00f3n en todo el partido consigui\u00f3 materializarla en su primer gol.&nbsp;<\/p>\n\n\n\n<p>La segunda parte volvi\u00f3 a transcurrir toda en campo contrario, acentuando la presi\u00f3n y las llegadas al \u00e1rea rival, pero a veces los palos, otras el portero&#8230; y sino la precipitaci\u00f3n en la finalizaci\u00f3n, no se consegu\u00eda marcar.&nbsp;<\/p>\n\n\n\n<p>Los \u00faltimos 15 minutos se jugaron dentro del \u00e1rea rival, con una secuencia de remates y saques de esquina que hac\u00edan prever el empate, pero al final el bal\u00f3n estaba predestinado a no entrar.&nbsp;<\/p>\n\n\n\n<p>Felicidades al equipo porque no se rindi\u00f3 ni en el \u00faltimo segundo. A pesar de la derrota, seguimos cerca de la cabeza.<br><\/p>\n\n\n\n<p><\/p>\n\n\n\n<!--nextpage-->\n\n\n\n<figure class=\"wp-block-image size-large\"><img loading=\"lazy\" decoding=\"async\" width=\"1024\" height=\"768\" src=\"http:\/\/fegrama.cat\/web\/wp-content\/uploads\/2019\/12\/juv-c-1024x768.jpeg\" alt=\"\" class=\"wp-image-27609\" srcset=\"http:\/\/fegrama.cat\/web\/wp-content\/uploads\/2019\/12\/juv-c-1024x768.jpeg 1024w, http:\/\/fegrama.cat\/web\/wp-content\/uploads\/2019\/12\/juv-c-300x225.jpeg 300w, http:\/\/fegrama.cat\/web\/wp-content\/uploads\/2019\/12\/juv-c-768x576.jpeg 768w, http:\/\/fegrama.cat\/web\/wp-content\/uploads\/2019\/12\/juv-c-1536x1152.jpeg 1536w, http:\/\/fegrama.cat\/web\/wp-content\/uploads\/2019\/12\/juv-c.jpeg 2048w\" sizes=\"auto, (max-width: 1024px) 100vw, 1024px\" \/><\/figure>\n\n\n\n<p>Diagonal 3 \u2013 Juvenil \u201cC\u201d 3<\/p>\n\n\n\n<p>Primers dos punts que deixa de guanyar el nostre Juvenil C en el complicat camp del Diagonal.<\/p>\n\n\n\n<p>Els nostres no van sortir al camp amb l&#8217;actitud i concentraci\u00f3 que requeria el partit, veient-se superat per un equip local que, aprofitant la difer\u00e8ncia d&#8217;edat i l&#8217;avantatge f\u00edsic, generava perill en cada transici\u00f3.<\/p>\n\n\n\n<p>En el minut 5, despr\u00e9s d&#8217;un c\u00f3rner molt mal defensat per part dels Colomenses, el Diagonal s&#8217;avan\u00e7ava en el marcador. Els minuts passaven i la Grama millorava, comen\u00e7ant a crear situacions de perill per a la porteria local i dominant totes les fases del joc. Nick Vargas (min 22) empatava el partit creuant la pilota des de dins de l&#8217;\u00e0rea. El partit s&#8217;aniria al descans amb el marcador d&#8217;un a un per\u00f2 amb bones sensacions.<\/p>\n\n\n\n<p>La segona meitat va comen\u00e7ar amb domini visitant, ficant enrere a un Diagonal que ja no amena\u00e7ava en transicions. El nostre juvenil va romandre pacient amb pilota fins que Takeru Nagai (min 62), en una gran acci\u00f3 d&#8217;Alejandro Campos, que va reapar\u00e8ixer despr\u00e9s de lesi\u00f3, i d&#8217;Arnau Roca per banda esquerra, va avan\u00e7ar als nostres per a certificar la superioritat vista en gran part del partit. No obstant aix\u00f2, l&#8217;equip local va empatar el partit en una acci\u00f3 a\u00efllada en la qual, despr\u00e9s d&#8217;un canvi de joc en un servei de banda, quedava un jugador sol per a intentar un tir molt lluny\u00e0 que acabaria entrant pel pal llarg del porter. Dos minuts m\u00e9s tard, Hugo Abril (min 72) retornava l&#8217;avantatge en un llan\u00e7ament lliure directe a una gran dist\u00e0ncia de la porteria.<\/p>\n\n\n\n<p>L&#8217;equip va saber sofrir els \u00faltims intents de reacci\u00f3 del Diagonal, i va disposar d&#8217;ocasions que no va aconseguir convertir en gol per a tancar el partit, per\u00f2 una falta en el minut 90\u2019 pocs metres per davant del centre del camp i molt escorada a banda esquerra, va convertir amb fortuna el porter del Diagonal per a deixar el definitiu 3-3 en el marcador.<\/p>\n\n\n\n<p>El nostre juvenil afrontar\u00e0 aquest diumenge l&#8217;\u00faltim partit abans de festes a casa, a les 18.30, davant el Tur\u00f3 de la Peira, amb opcions d&#8217;escalar llocs en la classificaci\u00f3 i ratificar el seu domini com a local.<br><\/p>\n\n\n\n<p><\/p>\n\n\n\n<hr class=\"wp-block-separator is-style-dots\"\/>\n\n\n\n<p><\/p>\n\n\n\n<p>Diagonal 3 \u2013 Juvenil \u201cC\u201d 3<\/p>\n\n\n\n<p>Primeros dos puntos que deja de ganar nuestro Juvenil C en el complicado campo del Diagonal.&nbsp;<\/p>\n\n\n\n<p>Los nuestros no salieron al campo con la actitud y concentraci\u00f3n que requer\u00eda el partido, vi\u00e9ndose superado por un equipo local que, aprovechando la diferencia de edad y la ventaja f\u00edsica, generaba peligro en cada transici\u00f3n.&nbsp;<\/p>\n\n\n\n<p>En el minuto 5, tras un c\u00f3rner muy mal defendido por parte de los Colomenses, el Diagonal se adelantaba en el marcador. Los minutos pasaban y la Grama mejoraba, empezando a crear situaciones de peligro para la porter\u00eda local y dominando todas las fases del juego. Nick Vargas (min 22) empataba el partido cruzando el bal\u00f3n desde dentro del \u00e1rea. El partido se ir\u00eda al descanso con el marcador de uno a uno pero con buenas sensaciones.<\/p>\n\n\n\n<p>La segunda mitad empez\u00f3 con dominio visitante, metiendo atr\u00e1s a un Diagonal que ya no amenazaba en transiciones. Nuestro juvenil permaneci\u00f3 paciente con bal\u00f3n hasta que Takeru Nagai (min 62), en una gran acci\u00f3n de Alejandro Campos, que reapareci\u00f3 tras lesi\u00f3n, y de Arnau Roca por banda izquierda, adelant\u00f3 a los nuestros para certificar la superioridad vista en gran parte del partido. No obstante, el equipo local empat\u00f3 el partido en una acci\u00f3n aislada en la que, tras un cambio de juego en un saque de banda, quedaba un jugador solo para intentar un tiro muy lejano que acabar\u00eda entrando por el palo largo del portero. Dos minutos m\u00e1s tarde, Hugo Abril (min 72) devolv\u00eda la ventaja en un lanzamiento libre directo a una gran distancia de la porter\u00eda.&nbsp;<\/p>\n\n\n\n<p>El equipo supo sufrir los \u00faltimos intentos de reacci\u00f3n del Diagonal, y dispuso de ocasiones que no consigui\u00f3 convertir en gol para cerrar el partido, pero una falta en el minuto 90\u2019 pocos metros por delante del centro del campo y muy escorada a banda izquierda, convirti\u00f3 con fortuna el portero del Diagonal para dejar el definitivo 3-3 en el marcador.<\/p>\n\n\n\n<p>Nuestro juvenil afrontar\u00e1 este domingo el \u00faltimo partido antes de fiestas en casa, a las 18:30, ante el Tur\u00f3 de la Peira, con opciones de escalar puestos en la clasificaci\u00f3n y ratificar su dominio como local.<\/p>\n\n\n\n<!--nextpage-->\n\n\n\n<figure class=\"wp-block-image size-large\"><img loading=\"lazy\" decoding=\"async\" width=\"1024\" height=\"768\" src=\"http:\/\/fegrama.cat\/web\/wp-content\/uploads\/2019\/12\/juv-d-1024x768.jpeg\" alt=\"\" class=\"wp-image-27610\" srcset=\"http:\/\/fegrama.cat\/web\/wp-content\/uploads\/2019\/12\/juv-d-1024x768.jpeg 1024w, http:\/\/fegrama.cat\/web\/wp-content\/uploads\/2019\/12\/juv-d-300x225.jpeg 300w, http:\/\/fegrama.cat\/web\/wp-content\/uploads\/2019\/12\/juv-d-768x576.jpeg 768w, http:\/\/fegrama.cat\/web\/wp-content\/uploads\/2019\/12\/juv-d-1536x1152.jpeg 1536w, http:\/\/fegrama.cat\/web\/wp-content\/uploads\/2019\/12\/juv-d.jpeg 2048w\" sizes=\"auto, (max-width: 1024px) 100vw, 1024px\" \/><\/figure>\n\n\n\n<p>Juvenil \u201cD\u201d 11 &#8211; BARCINO 0<\/p>\n\n\n\n<p>La setmana passada els nostres nois del Juvenil \u201cD\u201d van jugar un gran partit en el qual van aconseguir la seva primera vict\u00f2ria en el que va de temporada.<\/p>\n\n\n\n<p>La primera part va estar molt ben jugada per l&#8217;equip local, la qual cosa va fer que s&#8217;an\u00e9s a la mitja part amb 9-0 en el marcador a favor dels de la Grama.<\/p>\n\n\n\n<p>En la segona part, la Fundaci\u00f3 va deixar d&#8217;estr\u00e8nyer l&#8217;accelerador i nom\u00e9s va poder marcar dos gols m\u00e9s amb el que el resultat final seria de 11-0.<br><\/p>\n\n\n\n<p><\/p>\n\n\n\n<hr class=\"wp-block-separator is-style-dots\"\/>\n\n\n\n<p><\/p>\n\n\n\n<p>Juvenil \u201cD\u201d 11 &#8211; BARCINO 0<\/p>\n\n\n\n<p>La semana pasada nuestros chicos del Juvenil \u201cD\u201d jugaron un gran partido en el que lograron su primera victoria en lo que va de temporada.&nbsp;<\/p>\n\n\n\n<p>La primera parte estuvo muy bien jugada por el equipo local, la cual cosa hizo que se fuera a la media parte con 9-0 en el marcador a favor de los de la Grama.<\/p>\n\n\n\n<p>En la segunda parte, la Fundaci\u00f3n dej\u00f3 de apretar el acelerador y solo pudo marcar dos goles m\u00e1s con lo que el resultado final ser\u00eda de 11-0.<br><\/p>\n","protected":false},"excerpt":{"rendered":"<p>CF\u00a0Damm 4 &#8211; FE Grama 2 L&#8217;entrenador del Juvenil \u00abA\u00bb diu: Un mal inici de la segona part ens sentencia. El partit va iniciar amb una Grama decidida a guanyar, en la primera jugada un robo en una&nbsp;pressi\u00f3&nbsp;alta&nbsp;aconsegu\u00edem&nbsp;fer el 0-1 d&#8217;Aliou. Aix\u00ed i tot&nbsp;el domini de la&nbsp;Damm&nbsp;provocava que&nbsp;hagu\u00e9ssim&nbsp;de jugar amb bloc baix i defensar els [&hellip;]<\/p>\n","protected":false},"author":1,"featured_media":27610,"comment_status":"closed","ping_status":"closed","sticky":false,"template":"","format":"standard","meta":{"footnotes":""},"categories":[4,6],"tags":[],"class_list":["post-27608","post","type-post","status-publish","format-standard","has-post-thumbnail","hentry","category-base-inclusiu","category-juvenils"],"_links":{"self":[{"href":"http:\/\/fegrama.cat\/web\/wp-json\/wp\/v2\/posts\/27608","targetHints":{"allow":["GET"]}}],"collection":[{"href":"http:\/\/fegrama.cat\/web\/wp-json\/wp\/v2\/posts"}],"about":[{"href":"http:\/\/fegrama.cat\/web\/wp-json\/wp\/v2\/types\/post"}],"author":[{"embeddable":true,"href":"http:\/\/fegrama.cat\/web\/wp-json\/wp\/v2\/users\/1"}],"replies":[{"embeddable":true,"href":"http:\/\/fegrama.cat\/web\/wp-json\/wp\/v2\/comments?post=27608"}],"version-history":[{"count":2,"href":"http:\/\/fegrama.cat\/web\/wp-json\/wp\/v2\/posts\/27608\/revisions"}],"predecessor-version":[{"id":27612,"href":"http:\/\/fegrama.cat\/web\/wp-json\/wp\/v2\/posts\/27608\/revisions\/27612"}],"wp:featuredmedia":[{"embeddable":true,"href":"http:\/\/fegrama.cat\/web\/wp-json\/wp\/v2\/media\/27610"}],"wp:attachment":[{"href":"http:\/\/fegrama.cat\/web\/wp-json\/wp\/v2\/media?parent=27608"}],"wp:term":[{"taxonomy":"category","embeddable":true,"href":"http:\/\/fegrama.cat\/web\/wp-json\/wp\/v2\/categories?post=27608"},{"taxonomy":"post_tag","embeddable":true,"href":"http:\/\/fegrama.cat\/web\/wp-json\/wp\/v2\/tags?post=27608"}],"curies":[{"name":"wp","href":"https:\/\/api.w.org\/{rel}","templated":true}]}}