{"id":27602,"date":"2019-12-17T18:01:59","date_gmt":"2019-12-17T17:01:59","guid":{"rendered":"http:\/\/fegrama.cat\/web\/?p=27602"},"modified":"2019-12-17T18:02:39","modified_gmt":"2019-12-17T17:02:39","slug":"27602-2","status":"publish","type":"post","link":"http:\/\/fegrama.cat\/web\/27602-2\/","title":{"rendered":"Cr\u00f2niques dels Cadets amb la golejada del \u00abE\u00bb."},"content":{"rendered":"\n<p>Cadet \u201cA\u201d 3 &#8211; Damm 2<\/p>\n\n\n\n<p>Gran vict\u00f2ria del Cadet \u00abA\u00bb en el Municipal, davant sens dubte d&#8217;un dels millors equips del grup!<\/p>\n\n\n\n<p>El partit es posava molt aviat de cara per als de Santa Coloma, que en el minut dos i despr\u00e9s d&#8217;una jugada individual d&#8217;Albert, aquest cedia, perqu\u00e8 H\u00e8ctor pos\u00e9s l&#8217;1-0.<\/p>\n\n\n\n<p>L&#8217;equip Colomenc no va cessar a continuar pressionant a dalt buscant ampliar el marcador i en el minut 21, el pitxitxi Albert posava el 2-0. A partir d&#8217;aqu\u00ed, el domini dels cervesers que sense generar ocasions molt clares, s\u00ed que es feien amb el domini del joc. Just abans del descans, la Damm escur\u00e7aria dist\u00e0ncies. Amb 2-1 s&#8217;arribava al descans.<\/p>\n\n\n\n<p>En la represa, la Damm va sortir molt ben plantada i dominava el joc. Per\u00f2 precisament quan m\u00e9s estrenyien els vermells, va arribar el tercer gol dels de Manu Pel\u00e1ez. Franco s&#8217;endinsava en l&#8217;\u00e0rea i despr\u00e9s d&#8217;un propi rebutgi, feia el 3-1. Serien bons moments per als locals, que al contraatac tenien dues ocasions clares per a fer el quart gol. Quart gol que no arribava i si arribaria el 3-2 dels visitants en un centre lateral.<\/p>\n\n\n\n<p>Arriben els deu \u00faltims minuts d&#8217;infart, on els cervesers estrenyien per a empatar i els de Santa Coloma es defensaven amb dents i ungles! 3-2 final i els 3 punts es van quedar en Santa Coloma.<\/p>\n\n\n\n<p><\/p>\n\n\n\n<hr class=\"wp-block-separator is-style-dots\"\/>\n\n\n\n<p><\/p>\n\n\n\n<p>Cadete \u201cA\u201d 3 &#8211; Damm 2<\/p>\n\n\n\n<p>Gran victoria del Cadete \u201cA\u201d en el Municipal, ante sin duda \u00a1uno de los mejores equipos del grupo!<\/p>\n\n\n\n<p>El partido se pon\u00eda muy pronto de cara para los de Santa Coloma, que en el minuto dos y tras una jugada individual de Albert, este ced\u00eda, para que H\u00e9ctor pusiera el 1-0.<\/p>\n\n\n\n<p>El equipo Colomense no ces\u00f3 en seguir presionando arriba buscando ampliar el marcador y en el minuto 21, el pichichi Albert pon\u00eda el 2-0. A partir de aqu\u00ed, dominio de los cerveceros que sin generar ocasiones muy claras, s\u00ed se hac\u00edan con el dominio del juego. Justo antes del descanso, la Damm acortar\u00eda distancias, con 2-1 se llegaba al descanso.<\/p>\n\n\n\n<p>En la reanudaci\u00f3n, la Damm sali\u00f3 muy bien plantada y dominaba el juego. Pero precisamente cuando m\u00e1s apretaban los rojos, lleg\u00f3 el tercer gol de los de Manu Pel\u00e1ez. Franco se adentraba en el \u00e1rea y tras un propio rechace, hac\u00eda el 3-1. Ser\u00edan buenos momentos para los locales, que al contragolpe ten\u00edan dos ocasiones claras para hacer el cuarto gol. Cuarto gol que no llegaba y si llegar\u00eda el 3-2 de los visitantes en un centro lateral.<\/p>\n\n\n\n<p>Llegan los diez \u00faltimos, de infarto, donde los cerveceros apretaban para empatar y los de Santa Coloma se defend\u00edan con u\u00f1as y dientes! 3-2 final y los 3 puntos se quedaron en Santa Coloma.<br><\/p>\n\n\n\n<!--nextpage-->\n\n\n\n<p>Cadet \u201cC\u201d 0 &#8211; Martinenc 2<\/p>\n\n\n\n<p>En el partit de la setmana passada, els nostres nois del Cadet \u201cC\u201d van jugar un bon primer temps, on es va veure un intercanvi de cops amb alguna ocasi\u00f3 per a tots dos equips.<\/p>\n\n\n\n<p>Despr\u00e9s del descans l&#8217;escenari va canviar, els visitants es van trobar m\u00e9s c\u00f2modes i van ser ells qui es van emportar el partit.<\/p>\n\n\n\n<p>Els gols van arribar despr\u00e9s d&#8217;una falta lateral i un servei en llarg del porter.<\/p>\n\n\n\n<p>La seg\u00fcent setmana ja anir\u00e0 millor.<br><\/p>\n\n\n\n<p><\/p>\n\n\n\n<hr class=\"wp-block-separator is-style-dots\"\/>\n\n\n\n<p><\/p>\n\n\n\n<p>Cadete \u201cC\u201d 0 &#8211; Martinenc 2<\/p>\n\n\n\n<p>En el partido de la semana pasada, nuestros chicos del Cadete \u201cC\u201d jugaron un buen primer tiempo, donde se vio un intercambio de golpes con alguna ocasi\u00f3n para ambos equipos.&nbsp;<\/p>\n\n\n\n<p>Tras el descanso el escenario cambi\u00f3, los visitantes se encontraron m\u00e1s c\u00f3modos y fueron ellos quien se llevaron el partido.&nbsp;<\/p>\n\n\n\n<p>Los goles llegaron tras una falta lateral y un saque en largo del portero.<\/p>\n\n\n\n<p>La siguiente semana ya ir\u00e1 mejor.<br><\/p>\n\n\n\n<!--nextpage-->\n\n\n\n<figure class=\"wp-block-image size-large\"><img loading=\"lazy\" decoding=\"async\" width=\"1024\" height=\"768\" src=\"http:\/\/fegrama.cat\/web\/wp-content\/uploads\/2019\/12\/cadet-e-1024x768.jpeg\" alt=\"\" class=\"wp-image-27603\" srcset=\"http:\/\/fegrama.cat\/web\/wp-content\/uploads\/2019\/12\/cadet-e-1024x768.jpeg 1024w, http:\/\/fegrama.cat\/web\/wp-content\/uploads\/2019\/12\/cadet-e-300x225.jpeg 300w, http:\/\/fegrama.cat\/web\/wp-content\/uploads\/2019\/12\/cadet-e-768x576.jpeg 768w, http:\/\/fegrama.cat\/web\/wp-content\/uploads\/2019\/12\/cadet-e-1536x1152.jpeg 1536w, http:\/\/fegrama.cat\/web\/wp-content\/uploads\/2019\/12\/cadet-e.jpeg 2048w\" sizes=\"auto, (max-width: 1024px) 100vw, 1024px\" \/><\/figure>\n\n\n\n<p>Veterans Catalunya 3 &#8211; 6 Cadet \u201cE\u201d.<\/p>\n\n\n\n<p>S&#8217;inicia el partit i els nostres van sortir molt forts, lluitaven cada pilota i creaven jugades bones en atac. R\u00e0pidament en el minut sis, els nostres s&#8217;avan\u00e7aven en el marcador amb un gol de Jean Pierre que finalitza molt b\u00e9 l&#8217;u contra un amb el porter.<\/p>\n\n\n\n<p>Els nostres es posen 0 a 1, per\u00f2 van continuar treballant per augmentar el marcador. En el minut 10, Bishop, un dels nostres davanters es va escapar nom\u00e9s cap a porta i res m\u00e9s trepitjar \u00e0rea, el porter va sortir per ell provocant un penal, penal que posteriorment marca H\u00e8ctor.<\/p>\n\n\n\n<p>Els nostres segueixen igual, tocaven b\u00e9, encara que cometien errors ximples per no prendre bones decisions. En el minut 18, ve l&#8217;1-2, per una fallada dels nostres en defensa que va deixar nom\u00e9s al davanter. Els de la grama seguien pr\u00e0cticament igual, per\u00f2 baixant una mica el ritme, la qual cosa provoca l&#8217;empat del rival en el minut 22 amb un centre que sobrepassa als nostres l&#8217;esquena. Aix\u00ed i tot, l&#8217;equip no es va ensorrar, van aixecar cap i van continuar treballant la qual cosa els va fer arribar al desempat en el minut 26 amb un altre gol de Jean Pierre.&nbsp;<\/p>\n\n\n\n<p>Arriba aix\u00ed la mitja part amb 2-3 en el marcador, favorable per als de la Grama.<br><\/p>\n\n\n\n<p>S&#8217;iniciava la segona part. Els de la Grama es mantenen igual de forts i amb el mateix ritme que en la primera. Tallaven totes les jugades que iniciava el rival i els provocaven perill.<\/p>\n\n\n\n<p>Despr\u00e9s d&#8217;haver passat deu minuts, en el minut 52 els nostres posen el 2-4 amb un gol d&#8217;Omar. Els blaus continuen estrenyent i r\u00e0pidament, en el minut 54, amb el seu segon gol, Bishop va marcar el 2-5, jugada que havia creat Izan escapant-se en velocitat per la banda esquerra i que posteriorment, va fer una passada al punt de penal per a Bishop.<\/p>\n\n\n\n<p>Els de Santa Coloma baixen una mica el ritme en l&#8217;atac, per\u00f2 no permetien que el rival els domini ni ens cre\u00ef jugades. En el minut 62, Isaac marca un gran gol amb un llan\u00e7ament des de fora de l&#8217;\u00e0rea. L&#8217;equip segueix igual, els contraris creen alguna que una altra jugada per\u00f2 el porter dels nostres les per a sense cap mena de problema. Aix\u00ed i tot en el minut 77, el rival marca el seu tercer gol, despr\u00e9s d&#8217;una fallada de marques. Finalitza el partit 3-6.<\/p>\n\n\n\n<p><\/p>\n\n\n\n<hr class=\"wp-block-separator is-style-dots\"\/>\n\n\n\n<p><\/p>\n\n\n\n<p>Veterans Catalunya 3 &#8211; 6 Cadete \u201cE\u201d<\/p>\n\n\n\n<p>Se inicia el partido y los nuestros salieron muy fuertes, luchaban cada bal\u00f3n y creaban jugadas buenas en ataque. R\u00e1pidamente en el minuto seis, los nuestros se adelantaban en el marcador con un gol de Jean Pierre que finaliza muy bien el uno contra uno con el portero.<\/p>\n\n\n\n<p>Los nuestros se ponen 0 a 1, pero siguieron trabajando. En el minuto 10, Bishop, uno de nuestros delanteros se escap\u00f3 solo hacia puerta y nada m\u00e1s pisar \u00e1rea el portero sali\u00f3 a por \u00e9l provocando un penalti, penalti que posteriormente marca H\u00e9ctor.<\/p>\n\n\n\n<p>Los nuestros siguen igual, tocaban bien, aunque comet\u00edan errores tontos por no tomar buenas decisiones. En el minuto 18, viene el 1-2, por un fallo de los nuestros en defensa que dej\u00f3 solo al delantero. Los de la grama segu\u00edan igual, bajando un poco el ritmo, lo que provoca el empate del rival en el minuto 22 con un centro que sobrepasa a los nuestros las espaldas. Aun as\u00ed, el equipo no se vino abajo, levantaron cabeza y siguieron trabajando la cual cosa les hizo llegar al desempate en el minuto 26 con otro gol de Jean Pierre. Llega as\u00ed la media parte con 2-3 en el marcador, favorable para los de la Grama.<br><\/p>\n\n\n\n<p>Se iniciaba la segunda parte. Los de la Grama se mantienen igual de fuertes y con el mismo ritmo que en la primera. Cortaban todas las jugadas que iniciaba el rival y les provocaban peligro.<\/p>\n\n\n\n<p>Tras haber pasado diez minutos, en el minuto 52 los nuestros ponen el 2-4 con un gol de Omar. Los azules siguen apretando y r\u00e1pidamente, en el minuto 54, con su segundo gol, Bishop marc\u00f3 el 2-5, jugada que hab\u00eda creado Izan escap\u00e1ndose en velocidad por la banda izquierda y que posteriormente, hizo un pase al punto de penalti para Bishop.<\/p>\n\n\n\n<p>Los de Santa Coloma bajan un poco el ritmo en el ataque, pero no permit\u00edan que el rival los domine ni nos cree jugadas. En el minuto 62, Isaac marca un gran gol con un lanzamiento desde fuera del \u00e1rea. El equipo sigue igual, los contrarios crean alguna que otra jugada pero el portero de los nuestros las para sin ning\u00fan tipo de problema. Aun as\u00ed en el minuto 77, el rival marca su tercer gol, tras un fallo de marcas. Finaliza el partido 3-6.<br><\/p>\n\n\n\n<p><br><\/p>\n","protected":false},"excerpt":{"rendered":"<p>Cadet \u201cA\u201d 3 &#8211; Damm 2 Gran vict\u00f2ria del Cadet \u00abA\u00bb en el Municipal, davant sens dubte d&#8217;un dels millors equips del grup! El partit es posava molt aviat de cara per als de Santa Coloma, que en el minut dos i despr\u00e9s d&#8217;una jugada individual d&#8217;Albert, aquest cedia, perqu\u00e8 H\u00e8ctor pos\u00e9s l&#8217;1-0. L&#8217;equip Colomenc [&hellip;]<\/p>\n","protected":false},"author":1,"featured_media":27603,"comment_status":"closed","ping_status":"closed","sticky":false,"template":"","format":"standard","meta":{"footnotes":""},"categories":[4,7],"tags":[],"class_list":["post-27602","post","type-post","status-publish","format-standard","has-post-thumbnail","hentry","category-base-inclusiu","category-cadets"],"_links":{"self":[{"href":"http:\/\/fegrama.cat\/web\/wp-json\/wp\/v2\/posts\/27602","targetHints":{"allow":["GET"]}}],"collection":[{"href":"http:\/\/fegrama.cat\/web\/wp-json\/wp\/v2\/posts"}],"about":[{"href":"http:\/\/fegrama.cat\/web\/wp-json\/wp\/v2\/types\/post"}],"author":[{"embeddable":true,"href":"http:\/\/fegrama.cat\/web\/wp-json\/wp\/v2\/users\/1"}],"replies":[{"embeddable":true,"href":"http:\/\/fegrama.cat\/web\/wp-json\/wp\/v2\/comments?post=27602"}],"version-history":[{"count":3,"href":"http:\/\/fegrama.cat\/web\/wp-json\/wp\/v2\/posts\/27602\/revisions"}],"predecessor-version":[{"id":27606,"href":"http:\/\/fegrama.cat\/web\/wp-json\/wp\/v2\/posts\/27602\/revisions\/27606"}],"wp:featuredmedia":[{"embeddable":true,"href":"http:\/\/fegrama.cat\/web\/wp-json\/wp\/v2\/media\/27603"}],"wp:attachment":[{"href":"http:\/\/fegrama.cat\/web\/wp-json\/wp\/v2\/media?parent=27602"}],"wp:term":[{"taxonomy":"category","embeddable":true,"href":"http:\/\/fegrama.cat\/web\/wp-json\/wp\/v2\/categories?post=27602"},{"taxonomy":"post_tag","embeddable":true,"href":"http:\/\/fegrama.cat\/web\/wp-json\/wp\/v2\/tags?post=27602"}],"curies":[{"name":"wp","href":"https:\/\/api.w.org\/{rel}","templated":true}]}}