{"id":27598,"date":"2019-12-16T23:46:08","date_gmt":"2019-12-16T22:46:08","guid":{"rendered":"http:\/\/fegrama.cat\/web\/?p=27598"},"modified":"2019-12-16T23:46:09","modified_gmt":"2019-12-16T22:46:09","slug":"croniques-dels-infantils-amb-la-reflexio-del-futbol-sense-violencia","status":"publish","type":"post","link":"http:\/\/fegrama.cat\/web\/croniques-dels-infantils-amb-la-reflexio-del-futbol-sense-violencia\/","title":{"rendered":"Cr\u00f2niques dels Infantils amb la reflexi\u00f3 del f\u00fatbol sense viol\u00e8ncia."},"content":{"rendered":"\n<p>Infantil \u201cA\u201d 2 &#8211; Europa 2<\/p>\n\n\n\n<p>PARTID\u00c0S dels petits de l&#8217;Infantil \u00abA\u00bb contra el l\u00edder&#8230; amb \u00abrobatori a m\u00e0 armada!\u00bb<\/p>\n\n\n\n<p>Els de Brian Espinola van saltar al camp a posar els punts sobre les \u00abi\u00bb amb gran descaradura contra el l\u00edder. Els nostres van jugar una molt bona primera part amb una pressi\u00f3 alta i defensa de tres amb un gol de Mamadou i diverses ocasions per a anar-se amb un m\u00e9s en marcador.&nbsp;<\/p>\n\n\n\n<p>Va seguir el partit i un gol mal anul\u00b7lat per fora de joc gravat deixava el marcador a 1-0.<\/p>\n\n\n\n<p>En la segona part l&#8217;infantil va sortir m\u00e9s replegat, ja que necessitaven una mica d&#8217;oxigen despr\u00e9s de gran desgast de la primera part. \u00abSab\u00edem que anirien per totes perqu\u00e8 es jugaven el lideratge\u00bb deia Brian Espinola.<\/p>\n\n\n\n<p>L&#8217;Europa va comen\u00e7ar a circular molt b\u00e9 la pilota com acostuma a fer; nosaltres busc\u00e0vem les contres. Una mala acci\u00f3 del nostre defensa posava l&#8217;1-1 en el minut 60. Jodra la va tenir per\u00f2 el pal el va evitar. Mancant tres minuts, Mamadou s&#8217;anava i li feien un clar \u00abagarr\u00f3n\u00bb, on la targeta havia de ser vermella (pel de l&#8217;equip contrari) i l&#8217;\u00e0rbitre va assenyalar groga.<\/p>\n\n\n\n<p>La cosa en la graderia per part de pares dels contraris, que increpaven al t\u00e8cnic i als jugadors, es posava lletja. Per\u00f2 Mamadou va tornar en el minut 68 amb un gol letal.<\/p>\n\n\n\n<p>L&#8217;\u00e0rbitre afegia 4 minuts i en el 74, un llan\u00e7ament d&#8217;ells amb quatre jugadors d&#8217;Europa en fora de joc i falta al nostre porter; assenyala gol. Una cosa incre\u00efble que mai s&#8217;havia vist.<br><\/p>\n\n\n\n<p>Brian Espinola (entrenador): Avui vull felicitar a tots jugadors i pares el que hem viscut avui en el Camp Nou Serdenya contra Europa, fa 13 anys s\u00f3c entrenador i mai he viscut cap cosa aix\u00ed. Des del minut 15 de la primera part, una part del p\u00fablic va comen\u00e7ar a increpar als jugadors i al cos t\u00e8cnic, sense nosaltres entrar, vull dir-ho ALT I CLAR. \u00c9s una VERGONYA que nens de 13 i 14 anys hagin de viure uns insults de graus molt alts com a assassins o racista, &#8230;. i ho deixo aqu\u00ed. Ens omplim la boca que no volem veure viol\u00e8ncia en el futbol i em decep que un Club tan gran com Europa no faci res sobre aquest tema estant entrenadors all\u00ed i coordinador esportiu.&nbsp;<\/p>\n\n\n\n<p>Felicito els pares de la Grama perqu\u00e8 \u00e9s dif\u00edcil i diu molt d&#8217;aquest club els valors que s&#8217;inculquen. Que al teu fill des del minut 15 li estiguin cridant de tot i no diguis res perqu\u00e8 defensem un escut i Club molt important, diu molt d&#8217;ells.&nbsp;<\/p>\n\n\n\n<p>Ho dic amb aquestes paraules perqu\u00e8 \u00e9s indignaci\u00f3, el resultat ja \u00e9s aix\u00f2 de menys o com hagin estat els gols. Per\u00f2 com consta en acta va haver-hi altercats. Senyors que est\u00e0veu en el camp de l&#8217;Europa; No volem viol\u00e8ncia i deixem als nens que juguin a futbol perqu\u00e8 a m\u00e9s de ser un gran Club t\u00e9 molt bons jugadors. Per\u00f2 tenir gent en la graderia com aquestes persones per anomenar-les educadament no us fan b\u00e9. Qui va estar avui en el camp&#8230; crec que em quedo curt i educat per al viscut avui que en 13 anys mai l&#8217;he viscut. No als insults: ni a entrenadors ni jugadors ni \u00e0rbitre. I deixin jugar als nens que aix\u00f2 \u00e9s el que s\u00f3n.<\/p>\n\n\n\n<p>Em deixa molt a desitjar que hi havia molts entrenadors d&#8217;Europa i coordinadors i no van voler frenar aix\u00f2. \u00c9s inexplicable, espero que mai aneu a un camp i us tractin de la manera que va tractar el vostre p\u00fablic, perqu\u00e8 en la Grama segur que no passaran, s&#8217;anomenen: valors i educaci\u00f3.<br><\/p>\n\n\n\n<p>Felicitats a l&#8217;Infantil \u00abA\u00bb de Grama i Infantil \u00abA\u00bb de l&#8217;Europa per un \u00abpartidazo\u00bb per a emmarcar perqu\u00e8 b\u00e9 saben ells el que ha succe\u00eft avui aqu\u00ed.<br><\/p>\n\n\n\n<p>A continuar treballant amb m\u00e9s ganes que mai Infantils \u00abA\u00bb de la Grama, us mereixeu tot el millor que us passi i tot treball t\u00e9 el seu recompensa.<\/p>\n\n\n\n<p><\/p>\n\n\n\n<hr class=\"wp-block-separator is-style-dots\"\/>\n\n\n\n<p><\/p>\n\n\n\n<p>Europa 2 &#8211; Infantil \u201cA\u201d 2<\/p>\n\n\n\n<p>Partidazo de Infantil \u201cA\u201d contra el l\u00edder\u2026 \u00a1con robo a mano armada!<\/p>\n\n\n\n<p>Los de Brian Espinola saltaron al campo a poner los puntos sobre las \u201ci\u201d con gran descaro contra el l\u00edder. Los nuestros jugaron una muy buena primera parte con una presi\u00f3n alta y defensa de tres con un gol de Mamadou y varias ocasiones para irse con uno m\u00e1s en marcador. Sigui\u00f3 el partido y un gol mal anulado por fuera de juego grabado dejaba el marcador a 1-0.<\/p>\n\n\n\n<p>En la segunda parte el infantil sali\u00f3 m\u00e1s replegado ya que necesitaban un poco de ox\u00edgeno despu\u00e9s de gran desgaste de la primera parte. \u201cSab\u00edamos que ir\u00edan a por todas porque se jugaban el liderato\u201d dec\u00eda Brian Espinola.<\/p>\n\n\n\n<p>El Europa empez\u00f3 a circular muy bien el bal\u00f3n como acostumbra a hacer; nosotros busc\u00e1bamos las contras. Una mala acci\u00f3n de nuestro defensa pon\u00eda el 1-1 en el minuto 60. Jodra la tuvo pero el palo lo evit\u00f3. A falta de tres minutos, Mamadou se iba solo y le hac\u00edan un claro agarr\u00f3n, siendo el \u00faltimo defensor que era la roja y el \u00e1rbitro se\u00f1al\u00f3 amarilla.<\/p>\n\n\n\n<p>La cosa en la grada por parte de padres de los contrarios, que increpaban al t\u00e9cnico y a los jugadores, se pon\u00eda fea. Pero Mamadou volvi\u00f3 en el minuto 68 con un gol letal.<\/p>\n\n\n\n<p>El \u00e1rbitro a\u00f1ad\u00eda 4 minutos y en el 74, un lance de ellos con cuatro jugadores de Europa en fuera de juego y falta a nuestro portero; se\u00f1ala gol algo incre\u00edble que jam\u00e1s se hab\u00eda visto.<br><\/p>\n\n\n\n<p>Brian Espinola (entrenador): Hoy quiero felicitar a todos jugadores y padres lo que hemos vivido hoy en el Campo Nou Serdenya contra Europa, llevo 13 a\u00f1os entrenando y jam\u00e1s lo he vivido. Desde minuto 15 de la primera parte, una parte del p\u00fablico empez\u00f3 a increpar a los jugadores y al cuerpo t\u00e9cnico, sin nosotros entrar, quiero decirlo alto y claro. Es una VERG\u00dcENZA que ni\u00f1os de 13 y 14 a\u00f1os tengan que vivir unos insultos de grados muy altos como asesinos o racista,&#8230;. y lo dejo ah\u00ed. Nos llenamos la boca de que no queremos ver violencia en el f\u00fatbol y me decepciona que un Club tan grande como Europa no haga nada al respecto estando entrenadores all\u00ed y coordinador deportivo. Felicito a los padres de la Grama porque es dif\u00edcil y dice mucho de este club los valores que se inculcan. Que a tu hijo desde el minuto 15 le est\u00e9n llamando de todo y no digas nada porque defendemos un escudo y Club muy importante, dice mucho de ellos. Lo digo con estas palabras porque es indignaci\u00f3n, el resultado ya es lo de menos o como hayan sido los goles. Pero como consta en acta hubo altercados. Se\u00f1ores que estabais en el campo del Europa. No queremos violencia y dejar a los ni\u00f1os que jueguen a f\u00fatbol porque adem\u00e1s de ser un gran Club tiene muy buenos jugadores. Pero tener gente en la grada como estas personas por llamarlas educadamente no os hacen bien. Quien estuvo hoy en el campo creo que me quedo corto y educado para lo vivido hoy que en 13 a\u00f1os jam\u00e1s lo he vivido. No a los insultos: ni a entrenadores ni jugadores ni \u00e1rbitro. Y dejen jugar a los ni\u00f1os que eso es lo que son.<\/p>\n\n\n\n<p>Me deja mucho que desear que hab\u00eda muchos entrenadores de Europa y coordinadores y no quisieron frenar esto. Es inexplicable espero que jam\u00e1s vay\u00e1is a un campo y os traten de la manera que trat\u00f3 vuestro p\u00fablico, porque en Grama seguro que no pasar\u00e1n, se llaman valores y educaci\u00f3n.<\/p>\n\n\n\n<p>Felicidades al Infantil \u201cA\u201d de Grama y Infantil \u201cA\u201d del Europa por un partidazo para enmarcar porque bien saben ellos lo que ha sucedido hoy aqu\u00ed.<\/p>\n\n\n\n<p>A seguir trabajando con m\u00e1s ganas que nunca Infantiles \u201cA\u201d os merec\u00e9is todo lo mejor que os pase y todo trabajo tiene su recompensa.<\/p>\n\n\n\n<!--nextpage-->\n\n\n\n<p>J\u00fapiter 4 &#8211; Infantil \u201cB\u201d 0<\/p>\n\n\n\n<p>Cr\u00f2nica d&#8217;avui de la 10a jornada<\/p>\n\n\n\n<p>Els nostres nois de l&#8217;Infantil \u00abB\u00bb jugaven la seva 10a jornada fora de casa contra el J\u00fapiter, on van jugar la MILLOR primera part que mai havien fet els nostres amb un control total del partit, per\u00f2 amb dues arribades dels contraris per banda, els nostres encaixen el 2-0. Important remarcar que en la primera part els nostres van perdonar cinc ocasions clares de gol on la pilota no volia entrar.<br><\/p>\n\n\n\n<p>Arriba la segona part on els de la Grama ja no dominen tant el joc, encara que una mica m\u00e9s que els contraris.&nbsp;<\/p>\n\n\n\n<p>Els nostres perdonen dues ocasions clares, per\u00f2 els locals amb dues ocasions m\u00e9s de dues fallades per no buidar b\u00e9 la pilota en l&#8217;\u00e0rea, ens aconsegueixen ficar dos gols m\u00e9s.<br><\/p>\n\n\n\n<p>Aix\u00ed i tot felicitar els de la Grama que van fer una GRAN millora en el joc malgrat la falta de gol.&nbsp;<\/p>\n\n\n\n<p><\/p>\n\n\n\n<hr class=\"wp-block-separator is-style-dots\"\/>\n\n\n\n<p><\/p>\n\n\n\n<p>J\u00fapiter 4 &#8211; Infantil \u201cB\u201d 0<\/p>\n\n\n\n<p>Cr\u00f3nica de hoy de la 10a jornada<\/p>\n\n\n\n<p>Nuestros chicos del Infantil \u201cB\u201d jugaban su 10a jornada fuera de casa contra el J\u00fapiter, donde jugaron la MEJOR primera parte que jam\u00e1s hab\u00edan hecho los nuestros con un control total del partido, pero con dos llegadas de los contrarios por banda, los nuestros encajan el 2-0. Importante remarcar que en la primera parte los nuestros perdonaron cinco ocasiones claras de gol donde el bal\u00f3n no quer\u00eda entrar.<\/p>\n\n\n\n<p>Llega la segunda parte donde los de la Grama ya no dominan tanto el juego, aunque algo m\u00e1s que los contrarios. Los nuestros perdonan dos ocasiones claras, pero los locales con dos ocasiones m\u00e1s de dos fallos por no despeja bien el bal\u00f3n en el \u00e1rea, nos consiguen meter dos goles m\u00e1s.<\/p>\n\n\n\n<p>Aun as\u00ed felicitar a los de la Grama que hicieron una GRAN mejora en el juego a pesar de la falta de gol.<br><\/p>\n\n\n\n<!--nextpage-->\n\n\n\n<p>Infantil \u201cC\u201d 2 &#8211; Hailukong Barcelona Club Futbol 2<\/p>\n\n\n\n<p>El cap de setmana passat els de l&#8217;Infantil \u201cC\u201d de la Fundaci\u00f3 van jugar el seu partit a casa on van comen\u00e7ar dominant i donant un bon joc de pilota.<\/p>\n\n\n\n<p>Va arribar aix\u00ed el descans on els nostres anaven guanyant amb un 2-0 molt merescut en el marcador.<\/p>\n\n\n\n<p>Al comen\u00e7ament de la segona part, els visitants van ficar el seu primer gol i els nostres es van ensorrar. M\u00e9s tard van marcar el segon i el resultat final va quedar en empat per no continuar lluitant fins a l&#8217;\u00faltim minut.<\/p>\n\n\n\n<p><\/p>\n\n\n\n<hr class=\"wp-block-separator is-style-dots\"\/>\n\n\n\n<p><\/p>\n\n\n\n<p>Infantil \u201cC\u201d 2 &#8211; Hailukong Barcelona Club Futbol 2<\/p>\n\n\n\n<p>El fin de semana pasado los del Infantil \u201cC\u201d de la Fundaci\u00f3n jugaron su partido en casa donde empezaron dominando y dando un buen juego de bal\u00f3n.&nbsp;<\/p>\n\n\n\n<p>Lleg\u00f3 as\u00ed el descanso donde los nuestros iban ganando con un 2-0 muy merecido en el marcador.<\/p>\n\n\n\n<p>Al comienzo de la segunda parte, los visitantes metieron su primer gol y los nuestros se vinieron abajo. M\u00e1s tarde marcaron el segundo y el resultado final qued\u00f3 en empate por no seguir luchando hasta el \u00faltimo minuto.<br><\/p>\n","protected":false},"excerpt":{"rendered":"<p>Infantil \u201cA\u201d 2 &#8211; Europa 2 PARTID\u00c0S dels petits de l&#8217;Infantil \u00abA\u00bb contra el l\u00edder&#8230; amb \u00abrobatori a m\u00e0 armada!\u00bb Els de Brian Espinola van saltar al camp a posar els punts sobre les \u00abi\u00bb amb gran descaradura contra el l\u00edder. Els nostres van jugar una molt bona primera part amb una pressi\u00f3 alta i [&hellip;]<\/p>\n","protected":false},"author":1,"featured_media":27469,"comment_status":"closed","ping_status":"closed","sticky":false,"template":"","format":"standard","meta":{"footnotes":""},"categories":[4,9],"tags":[],"class_list":["post-27598","post","type-post","status-publish","format-standard","has-post-thumbnail","hentry","category-base-inclusiu","category-infantils"],"_links":{"self":[{"href":"http:\/\/fegrama.cat\/web\/wp-json\/wp\/v2\/posts\/27598","targetHints":{"allow":["GET"]}}],"collection":[{"href":"http:\/\/fegrama.cat\/web\/wp-json\/wp\/v2\/posts"}],"about":[{"href":"http:\/\/fegrama.cat\/web\/wp-json\/wp\/v2\/types\/post"}],"author":[{"embeddable":true,"href":"http:\/\/fegrama.cat\/web\/wp-json\/wp\/v2\/users\/1"}],"replies":[{"embeddable":true,"href":"http:\/\/fegrama.cat\/web\/wp-json\/wp\/v2\/comments?post=27598"}],"version-history":[{"count":1,"href":"http:\/\/fegrama.cat\/web\/wp-json\/wp\/v2\/posts\/27598\/revisions"}],"predecessor-version":[{"id":27599,"href":"http:\/\/fegrama.cat\/web\/wp-json\/wp\/v2\/posts\/27598\/revisions\/27599"}],"wp:featuredmedia":[{"embeddable":true,"href":"http:\/\/fegrama.cat\/web\/wp-json\/wp\/v2\/media\/27469"}],"wp:attachment":[{"href":"http:\/\/fegrama.cat\/web\/wp-json\/wp\/v2\/media?parent=27598"}],"wp:term":[{"taxonomy":"category","embeddable":true,"href":"http:\/\/fegrama.cat\/web\/wp-json\/wp\/v2\/categories?post=27598"},{"taxonomy":"post_tag","embeddable":true,"href":"http:\/\/fegrama.cat\/web\/wp-json\/wp\/v2\/tags?post=27598"}],"curies":[{"name":"wp","href":"https:\/\/api.w.org\/{rel}","templated":true}]}}