{"id":27590,"date":"2019-12-16T21:09:15","date_gmt":"2019-12-16T20:09:15","guid":{"rendered":"http:\/\/fegrama.cat\/web\/?p=27590"},"modified":"2019-12-16T21:09:16","modified_gmt":"2019-12-16T20:09:16","slug":"els-prebenjamins-que-malgrat-perdre-ho-van-donar-tot","status":"publish","type":"post","link":"http:\/\/fegrama.cat\/web\/els-prebenjamins-que-malgrat-perdre-ho-van-donar-tot\/","title":{"rendered":"Els Prebenjamins que malgrat perdre, ho van donar tot."},"content":{"rendered":"\n<figure class=\"wp-block-image size-large\"><img loading=\"lazy\" decoding=\"async\" width=\"1024\" height=\"1024\" src=\"http:\/\/fegrama.cat\/web\/wp-content\/uploads\/2019\/12\/preb-a-1024x1024.jpeg\" alt=\"\" class=\"wp-image-27591\" srcset=\"http:\/\/fegrama.cat\/web\/wp-content\/uploads\/2019\/12\/preb-a-1024x1024.jpeg 1024w, http:\/\/fegrama.cat\/web\/wp-content\/uploads\/2019\/12\/preb-a-300x300.jpeg 300w, http:\/\/fegrama.cat\/web\/wp-content\/uploads\/2019\/12\/preb-a-150x150.jpeg 150w, http:\/\/fegrama.cat\/web\/wp-content\/uploads\/2019\/12\/preb-a-768x768.jpeg 768w, http:\/\/fegrama.cat\/web\/wp-content\/uploads\/2019\/12\/preb-a-55x55.jpeg 55w, http:\/\/fegrama.cat\/web\/wp-content\/uploads\/2019\/12\/preb-a.jpeg 1080w\" sizes=\"auto, (max-width: 1024px) 100vw, 1024px\" \/><\/figure>\n\n\n\n<p>Prebenjam\u00ed \u201cA\u201d 2 &#8211; Martinenc 5<\/p>\n\n\n\n<p>Els del Prebenjam\u00ed \u00abA\u00bb van aprofitar el final del partit a casa per a fer l&#8217;amic invisible (el podeu veure a la foto de dalt).<\/p>\n\n\n\n<p>Va comen\u00e7ar el partit amb un marcador molt inflat en contra per al vist en el terreny de joc. La pegada del rival i la mala sort dels nostres cara al gol, va posar un partit molt \u00abcosta amunt\u00bb. Encara aix\u00ed, els de la Grama van tenir el control i el futbol, per\u00f2 com diu l&#8217;entrenador: \u00abA vegades no sols amb aix\u00f2 es guanya, vam ser de menys a m\u00e9s a mesura que avan\u00e7ava el partit, per\u00f2 no va poder ser&#8230; A continuar treballant que cal acabar l&#8217;any amb aquestes bones sensacions\u00bb.<br><\/p>\n\n\n\n<p><\/p>\n\n\n\n<hr class=\"wp-block-separator is-style-dots\"\/>\n\n\n\n<p><\/p>\n\n\n\n<p>Prebenjam\u00edn \u201cA\u201d 2 &#8211; Martinenc 5<\/p>\n\n\n\n<p>Los del Prebenjam\u00edn \u201cA\u201d aprovecharon el final del partido en casa para hacer el amigo invisible (lo pod\u00e9is ver en la foto de arriba).&nbsp;<\/p>\n\n\n\n<p>Empez\u00f3 el partido con un marcador muy abultado en contra para lo visto en el terreno de juego. La pegada del rival y la mala suerte de los nuestros cara al gol, puso un partido muy \u201ccuesta arriba\u201d. A\u00fan as\u00ed, los de la Grama tuvieron el control y el f\u00fatbol, pero como dice el entrenador: \u201cA veces no s\u00f3lo con esto se gana, fuimos de menos a m\u00e1s conforme avanzaba el partido, pero no pudo ser\u2026 A seguir trabajando que hay que acabar el a\u00f1o con estas buenas sensaciones\u201d.<br><\/p>\n\n\n\n<!--nextpage-->\n\n\n\n<figure class=\"wp-block-image size-large\"><img loading=\"lazy\" decoding=\"async\" width=\"768\" height=\"1024\" src=\"http:\/\/fegrama.cat\/web\/wp-content\/uploads\/2019\/12\/PREBBB-CWhatsApp-Image-2019-12-14-at-14.52.13.jpeg\" alt=\"\" class=\"wp-image-27592\" srcset=\"http:\/\/fegrama.cat\/web\/wp-content\/uploads\/2019\/12\/PREBBB-CWhatsApp-Image-2019-12-14-at-14.52.13.jpeg 768w, http:\/\/fegrama.cat\/web\/wp-content\/uploads\/2019\/12\/PREBBB-CWhatsApp-Image-2019-12-14-at-14.52.13-225x300.jpeg 225w\" sizes=\"auto, (max-width: 768px) 100vw, 768px\" \/><\/figure>\n\n\n\n<p>Pere Gol 6 &#8211; Prebenjam\u00ed \u201cC\u201d 2<\/p>\n\n\n\n<p>El dissabte passat nostres petitons del Prebenjam\u00ed \u00abC\u00bb van jugar un partit molt disputat contra un gran rival on ho van donar tot en el camp malgrat les dificultats que plantejava el partit. Un 1-1 al descans, un partit en el qual van condemnar alguns errors puntuals de la Grama i finalment van portar a la derrota. Per\u00f2 malgrat aix\u00f2, un partid\u00e0s dels nostres amb doblet d&#8217;Aaron Ahmed el 9 de l&#8217;equip, amb dues definicions dins i fora de l&#8217;\u00e0rea que van ser claus en el transcurs del partit. M\u00e9s tard ocasions gaireb\u00e9 de gol d&#8217;El\u00edas (9) i Derek (10) que no van acabar entrant. L&#8217;entrenador: \u00abContent amb els nens i continuem treballant per a rebre la setmana que ve al l\u00edder a casa!\u00bb<\/p>\n\n\n\n<p><br><\/p>\n\n\n\n<hr class=\"wp-block-separator is-style-dots\"\/>\n\n\n\n<p><\/p>\n\n\n\n<figure class=\"wp-block-image size-large\"><img loading=\"lazy\" decoding=\"async\" width=\"768\" height=\"1024\" src=\"http:\/\/fegrama.cat\/web\/wp-content\/uploads\/2019\/12\/PREBBB-CWhatsApp-Image-2019-12-14-at-14.52.13-1.jpeg\" alt=\"\" class=\"wp-image-27593\" srcset=\"http:\/\/fegrama.cat\/web\/wp-content\/uploads\/2019\/12\/PREBBB-CWhatsApp-Image-2019-12-14-at-14.52.13-1.jpeg 768w, http:\/\/fegrama.cat\/web\/wp-content\/uploads\/2019\/12\/PREBBB-CWhatsApp-Image-2019-12-14-at-14.52.13-1-225x300.jpeg 225w\" sizes=\"auto, (max-width: 768px) 100vw, 768px\" \/><\/figure>\n\n\n\n<p>Pere Gol 6 &#8211; Prebenjam\u00edn \u201cC\u201d 2<\/p>\n\n\n\n<p>El s\u00e1bado pasado nuestros chiquitines del Prebenjam\u00edn \u201cC\u201d jugaron un partido muy disputado contra un gran rival d\u00f3nde lo dieron todo en el campo a pesar de las dificultades que planteaba el partido. Un 1-1 al descanso, un partido en el que condenaron algunos errores puntuales de la Grama y finalmente llevaron a la derrota. Pero a pesar de eso, un partidazo de los nuestros con doblete de Aar\u00f3n Ahmed el 9 del equipo, con dos definiciones dentro y fuera del \u00e1rea que fueron claves en el transcurso del partido. M\u00e1s tarde ocasiones casi de gol de El\u00edas (9) y Derek (10) que no acabaron entrando. El entrenador: \u201c\u00a1Contento con los peques y seguimos trabajando para recibir la semana que viene al l\u00edder en casa!\u201d<br><\/p>\n","protected":false},"excerpt":{"rendered":"<p>Prebenjam\u00ed \u201cA\u201d 2 &#8211; Martinenc 5 Els del Prebenjam\u00ed \u00abA\u00bb van aprofitar el final del partit a casa per a fer l&#8217;amic invisible (el podeu veure a la foto de dalt). Va comen\u00e7ar el partit amb un marcador molt inflat en contra per al vist en el terreny de joc. La pegada del rival i [&hellip;]<\/p>\n","protected":false},"author":1,"featured_media":27592,"comment_status":"closed","ping_status":"closed","sticky":false,"template":"","format":"standard","meta":{"footnotes":""},"categories":[4,12],"tags":[],"class_list":["post-27590","post","type-post","status-publish","format-standard","has-post-thumbnail","hentry","category-base-inclusiu","category-prebenjamins"],"_links":{"self":[{"href":"http:\/\/fegrama.cat\/web\/wp-json\/wp\/v2\/posts\/27590","targetHints":{"allow":["GET"]}}],"collection":[{"href":"http:\/\/fegrama.cat\/web\/wp-json\/wp\/v2\/posts"}],"about":[{"href":"http:\/\/fegrama.cat\/web\/wp-json\/wp\/v2\/types\/post"}],"author":[{"embeddable":true,"href":"http:\/\/fegrama.cat\/web\/wp-json\/wp\/v2\/users\/1"}],"replies":[{"embeddable":true,"href":"http:\/\/fegrama.cat\/web\/wp-json\/wp\/v2\/comments?post=27590"}],"version-history":[{"count":1,"href":"http:\/\/fegrama.cat\/web\/wp-json\/wp\/v2\/posts\/27590\/revisions"}],"predecessor-version":[{"id":27594,"href":"http:\/\/fegrama.cat\/web\/wp-json\/wp\/v2\/posts\/27590\/revisions\/27594"}],"wp:featuredmedia":[{"embeddable":true,"href":"http:\/\/fegrama.cat\/web\/wp-json\/wp\/v2\/media\/27592"}],"wp:attachment":[{"href":"http:\/\/fegrama.cat\/web\/wp-json\/wp\/v2\/media?parent=27590"}],"wp:term":[{"taxonomy":"category","embeddable":true,"href":"http:\/\/fegrama.cat\/web\/wp-json\/wp\/v2\/categories?post=27590"},{"taxonomy":"post_tag","embeddable":true,"href":"http:\/\/fegrama.cat\/web\/wp-json\/wp\/v2\/tags?post=27590"}],"curies":[{"name":"wp","href":"https:\/\/api.w.org\/{rel}","templated":true}]}}