{"id":27588,"date":"2019-12-16T20:42:41","date_gmt":"2019-12-16T19:42:41","guid":{"rendered":"http:\/\/fegrama.cat\/web\/?p=27588"},"modified":"2019-12-16T20:42:43","modified_gmt":"2019-12-16T19:42:43","slug":"una-dura-derrota-pels-mes-petits","status":"publish","type":"post","link":"http:\/\/fegrama.cat\/web\/una-dura-derrota-pels-mes-petits\/","title":{"rendered":"Una dura derrota pels m\u00e9s petits."},"content":{"rendered":"\n<p>Escola 0 &#8211; Singuerlin 5<\/p>\n\n\n\n<p>El dissabte passat, van jugar a casa els petitons de la Grama. Va ser un partit que va comen\u00e7ar molt b\u00e9. Els nostres petits van jugar contra els segons de la lliga, i en la primera part, els contraris nom\u00e9s van marcar un gol. Per desgr\u00e0cia va arribar la segona part on els contraris van marcar els seg\u00fcents gols, aix\u00ed i tot amb el cap alt i a continuar aprenent.<br><\/p>\n\n\n\n<!--nextpage-->\n\n\n\n<p>Escuela 0 &#8211; Singuerlin 5<\/p>\n\n\n\n<p>El s\u00e1bado pasado jugaron los peque\u00f1itos de la Grama en casa. Fue un partido que empez\u00f3 muy bien. Nuestros peque\u00f1os jugaron contra los segundos de la liga, y en la primera parte, los contrarios solo marcaron un gol. Por desgracia lleg\u00f3 la segunda parte donde los contrarios marcaron los siguientes goles, aun as\u00ed con la cabeza alta y a seguir aprendiendo.<br><\/p>\n","protected":false},"excerpt":{"rendered":"<p>Escola 0 &#8211; Singuerlin 5 El dissabte passat, van jugar a casa els petitons de la Grama. Va ser un partit que va comen\u00e7ar molt b\u00e9. Els nostres petits van jugar contra els segons de la lliga, i en la primera part, els contraris nom\u00e9s van marcar un gol. Per desgr\u00e0cia va arribar la segona [&hellip;]<\/p>\n","protected":false},"author":1,"featured_media":27403,"comment_status":"closed","ping_status":"closed","sticky":false,"template":"","format":"standard","meta":{"footnotes":""},"categories":[4,33],"tags":[],"class_list":["post-27588","post","type-post","status-publish","format-standard","has-post-thumbnail","hentry","category-base-inclusiu","category-escola-diari-feg"],"_links":{"self":[{"href":"http:\/\/fegrama.cat\/web\/wp-json\/wp\/v2\/posts\/27588","targetHints":{"allow":["GET"]}}],"collection":[{"href":"http:\/\/fegrama.cat\/web\/wp-json\/wp\/v2\/posts"}],"about":[{"href":"http:\/\/fegrama.cat\/web\/wp-json\/wp\/v2\/types\/post"}],"author":[{"embeddable":true,"href":"http:\/\/fegrama.cat\/web\/wp-json\/wp\/v2\/users\/1"}],"replies":[{"embeddable":true,"href":"http:\/\/fegrama.cat\/web\/wp-json\/wp\/v2\/comments?post=27588"}],"version-history":[{"count":1,"href":"http:\/\/fegrama.cat\/web\/wp-json\/wp\/v2\/posts\/27588\/revisions"}],"predecessor-version":[{"id":27589,"href":"http:\/\/fegrama.cat\/web\/wp-json\/wp\/v2\/posts\/27588\/revisions\/27589"}],"wp:featuredmedia":[{"embeddable":true,"href":"http:\/\/fegrama.cat\/web\/wp-json\/wp\/v2\/media\/27403"}],"wp:attachment":[{"href":"http:\/\/fegrama.cat\/web\/wp-json\/wp\/v2\/media?parent=27588"}],"wp:term":[{"taxonomy":"category","embeddable":true,"href":"http:\/\/fegrama.cat\/web\/wp-json\/wp\/v2\/categories?post=27588"},{"taxonomy":"post_tag","embeddable":true,"href":"http:\/\/fegrama.cat\/web\/wp-json\/wp\/v2\/tags?post=27588"}],"curies":[{"name":"wp","href":"https:\/\/api.w.org\/{rel}","templated":true}]}}