{"id":27581,"date":"2019-12-15T23:49:35","date_gmt":"2019-12-15T22:49:35","guid":{"rendered":"http:\/\/fegrama.cat\/web\/?p=27581"},"modified":"2019-12-15T23:49:36","modified_gmt":"2019-12-15T22:49:36","slug":"torneig-dels-de-lalevi-c-per-la-marato-de-tv3","status":"publish","type":"post","link":"http:\/\/fegrama.cat\/web\/torneig-dels-de-lalevi-c-per-la-marato-de-tv3\/","title":{"rendered":"TORNEIG DELS DE L&#8217;ALEV\u00cd \u00abC\u00bb PER LA MARAT\u00d3 DE TV3"},"content":{"rendered":"\n<p>El passat cap de setmana els nostres petits de l&#8217;Alev\u00ed \u00abC\u00bb van disputar un torneig, el de la Marat\u00f3 de TV3 per a la lluita de les malalties minorit\u00e0ries. Els resultats van ser els seg\u00fcents:<br><br>Cornell\u00e0 1 \u2013 Alev\u00ed \u00abC\u00bb 0<br>En aquest partit el rival va marcar en un tir directe en l&#8217;\u00fanica ocasi\u00f3 que van poder tenir. Els de la Grama van generar moltes ocasions que no van poder materialitzar.<br><br>Damm 2 &#8211; Alev\u00ed \u00abC\u00bb 1<br>Gran partit on els nostres van estar molt prop d&#8217;empatar obligant a la Damm a renunciar a la seva sortida comminat\u00f2ria en els \u00faltims minuts del partit.<br>Europa 0 &#8211; Alev\u00ed \u00abC\u00bb 0<br>Partit on un travesser i el porter rival va negar als nostres una merescuda vict\u00f2ria, la que els nostres nois van buscar i van lluitar durant tot el partit.<br><br>Badalona 3 &#8211; Alev\u00ed \u00abC\u00bb 0<br>Partit davant el finalista del Torneig, jugat res m\u00e9s finalitzar l&#8217;anterior. Els de Badalona es van imposar amb claredat, encara que els de Santa Coloma van tenir les seves opcions per a retallar dist\u00e0ncies en diverses ocasions.<br><br>Gran torneig dels nois competint en un grup molt dif\u00edcil contra equips de molta categoria.<\/p>\n\n\n\n<!--nextpage-->\n\n\n\n<p>El pasado fin de semana nuestros peque\u00f1os del Alev\u00edn \u201cC\u201d disputaron un torneo, el de la Marat\u00f3n de TV3 para la lucha de las enfermedades minoritarias. Los resultados fueron los siguientes:<\/p>\n\n\n\n<p>Cornell\u00e1 1 \u2013 Alev\u00edn \u201cC\u201d 0<\/p>\n\n\n\n<p>En este partido el rival marc\u00f3 en un tiro directo en la \u00fanica ocasi\u00f3n que pudieron tener. Los de la Grama generaron muchas ocasiones que no pudieron materializar.<\/p>\n\n\n\n<p><\/p>\n\n\n\n<p>Damm 2 &#8211; Alev\u00edn \u201cC\u201d 1<\/p>\n\n\n\n<p>Gran partido donde los nuestros estuvieron muy cerca de empatar obligando a la Damm a renunciar a su salida conminativa en los \u00faltimos minutos del partido.<\/p>\n\n\n\n<p><\/p>\n\n\n\n<p>Europa 0 &#8211; Alev\u00edn \u201cC\u201d 0<\/p>\n\n\n\n<p>Partido donde un larguero y el portero rival neg\u00f3 a los nuestros una merecida victoria, la que nuestros chicos buscaron y lucharon durante todo el partido.<\/p>\n\n\n\n<p><\/p>\n\n\n\n<p>Badalona 3 &#8211; Alev\u00edn \u201cC\u201d 0<\/p>\n\n\n\n<p>Partido ante el finalista del Torneo, jugado nada m\u00e1s finalizar el anterior. Los de Badalona se impusieron con claridad, aunque los de Santa Coloma tuvieron sus opciones para recortar distancias en varias ocasiones.<\/p>\n\n\n\n<p><\/p>\n\n\n\n<p>Gran torneo de los chicos compitiendo en un grupo muy dif\u00edcil contra equipos de mucha categor\u00eda.<br><\/p>\n","protected":false},"excerpt":{"rendered":"<p>El passat cap de setmana els nostres petits de l&#8217;Alev\u00ed \u00abC\u00bb van disputar un torneig, el de la Marat\u00f3 de TV3 per a la lluita de les malalties minorit\u00e0ries. Els resultats van ser els seg\u00fcents: Cornell\u00e0 1 \u2013 Alev\u00ed \u00abC\u00bb 0En aquest partit el rival va marcar en un tir directe en l&#8217;\u00fanica ocasi\u00f3 que [&hellip;]<\/p>\n","protected":false},"author":1,"featured_media":27559,"comment_status":"closed","ping_status":"closed","sticky":false,"template":"","format":"standard","meta":{"footnotes":""},"categories":[10,4],"tags":[],"class_list":["post-27581","post","type-post","status-publish","format-standard","has-post-thumbnail","hentry","category-alevins","category-base-inclusiu"],"_links":{"self":[{"href":"http:\/\/fegrama.cat\/web\/wp-json\/wp\/v2\/posts\/27581","targetHints":{"allow":["GET"]}}],"collection":[{"href":"http:\/\/fegrama.cat\/web\/wp-json\/wp\/v2\/posts"}],"about":[{"href":"http:\/\/fegrama.cat\/web\/wp-json\/wp\/v2\/types\/post"}],"author":[{"embeddable":true,"href":"http:\/\/fegrama.cat\/web\/wp-json\/wp\/v2\/users\/1"}],"replies":[{"embeddable":true,"href":"http:\/\/fegrama.cat\/web\/wp-json\/wp\/v2\/comments?post=27581"}],"version-history":[{"count":1,"href":"http:\/\/fegrama.cat\/web\/wp-json\/wp\/v2\/posts\/27581\/revisions"}],"predecessor-version":[{"id":27582,"href":"http:\/\/fegrama.cat\/web\/wp-json\/wp\/v2\/posts\/27581\/revisions\/27582"}],"wp:featuredmedia":[{"embeddable":true,"href":"http:\/\/fegrama.cat\/web\/wp-json\/wp\/v2\/media\/27559"}],"wp:attachment":[{"href":"http:\/\/fegrama.cat\/web\/wp-json\/wp\/v2\/media?parent=27581"}],"wp:term":[{"taxonomy":"category","embeddable":true,"href":"http:\/\/fegrama.cat\/web\/wp-json\/wp\/v2\/categories?post=27581"},{"taxonomy":"post_tag","embeddable":true,"href":"http:\/\/fegrama.cat\/web\/wp-json\/wp\/v2\/tags?post=27581"}],"curies":[{"name":"wp","href":"https:\/\/api.w.org\/{rel}","templated":true}]}}