{"id":27575,"date":"2019-12-15T17:27:56","date_gmt":"2019-12-15T16:27:56","guid":{"rendered":"http:\/\/fegrama.cat\/web\/?p=27575"},"modified":"2019-12-15T17:28:20","modified_gmt":"2019-12-15T16:28:20","slug":"la-nova-grama-tomba-al-sabadell-nord","status":"publish","type":"post","link":"http:\/\/fegrama.cat\/web\/la-nova-grama-tomba-al-sabadell-nord\/","title":{"rendered":"La nova Grama tomba al Sabadell Nord"},"content":{"rendered":"\n<figure class=\"wp-block-gallery columns-1 is-cropped wp-block-gallery-1 is-layout-flex wp-block-gallery-is-layout-flex\"><ul class=\"blocks-gallery-grid\"><li class=\"blocks-gallery-item\"><figure><img loading=\"lazy\" decoding=\"async\" width=\"1024\" height=\"683\" src=\"http:\/\/fegrama.cat\/web\/wp-content\/uploads\/2019\/12\/PHOTO-2019-12-15-15-53-51-1024x683.jpg\" alt=\"\" data-id=\"27576\" data-full-url=\"http:\/\/fegrama.cat\/web\/wp-content\/uploads\/2019\/12\/PHOTO-2019-12-15-15-53-51.jpg\" data-link=\"http:\/\/fegrama.cat\/web\/?attachment_id=27576\" class=\"wp-image-27576\" srcset=\"http:\/\/fegrama.cat\/web\/wp-content\/uploads\/2019\/12\/PHOTO-2019-12-15-15-53-51-1024x683.jpg 1024w, http:\/\/fegrama.cat\/web\/wp-content\/uploads\/2019\/12\/PHOTO-2019-12-15-15-53-51-300x200.jpg 300w, http:\/\/fegrama.cat\/web\/wp-content\/uploads\/2019\/12\/PHOTO-2019-12-15-15-53-51-768x512.jpg 768w, http:\/\/fegrama.cat\/web\/wp-content\/uploads\/2019\/12\/PHOTO-2019-12-15-15-53-51-1536x1024.jpg 1536w, http:\/\/fegrama.cat\/web\/wp-content\/uploads\/2019\/12\/PHOTO-2019-12-15-15-53-51.jpg 2048w\" sizes=\"auto, (max-width: 1024px) 100vw, 1024px\" \/><\/figure><\/li><\/ul><figcaption class=\"blocks-gallery-caption\">\u00c1ngel \u00e9s un dels homes destacats a la 14 jorndada (FOTO: Joan Villagrasa)<\/figcaption><\/figure>\n\n\n\n<p class=\"has-medium-font-size\"><strong>Ho necessit\u00e0vem, \u00a0feia falta una vict\u00f2ria contundent per carregar de moral a un equip amb nou entrenador a la banqueta i el partit no ha decepcionat.<\/strong><\/p>\n\n\n\n<p>-DBC- Disposava Juanma Pons un onze inicial amb pocs canvis respecte al que s\u2019ha vist en jornades anteriors: Luque en porteria; defensa per Michel, Jorge, Juan Carlos i Rojas; Roger i Velasco al mig; les bandes per \u00c1ngel i Peris; i la punta d\u2019atac per \u00c9ric i \u00d3scar Mu\u00f1oz.\u00a0 <\/p>\n\n\n\n<p>Un onze de garanties tot i\nles dificultats pel t\u00e8cnic que veia com Crist\u00f3bal i Edu arribaven justos als\npartit i com Lucas i Bruno es quedaven fora per lesi\u00f3. <\/p>\n\n\n\n<p>Comen\u00e7ava el matx amb la\nigualtat que caracteritza els inicis per\u00f2 amb una Grama ben plantada i\nsolid\u00e0ria mentre el Sabadell Nord intentava trepitjar camp contrari i amena\u00e7ava\namb un primer c\u00f3rner a favor. &nbsp;<\/p>\n\n\n\n<p>I amb aquest gui\u00f3 arribava la primera gran ocasi\u00f3. Va ser per \u00c9ric L\u00f3pez, als 7 minuts de joc. Una pilota enviada per sobre dels centrals vallesans queia a les botes del davanter colomenc. El control va ser bo, per\u00f2 la d\u00e8cima de segon que es triga en mirar a l\u2019assistent per veure si la jugada era v\u00e0lida, va servir a Lluri per tancar els espais a \u00c9ric en el m\u00e0 a m\u00e0 i enviar la pilota a c\u00f3rner. <\/p>\n\n\n\n<p>I no trigaria en tenir la segona \u00c9ric L\u00f3pez als quinze minuts de joc. En una bona centrada, va poder rematar des de la frontal de l\u2019\u00e0rea petita, una pilota franca per fer el primer de la matinal. Per\u00f2 de nou el seu remat va picar a les cames d\u2019un defensor evitant el gol.<\/p>\n\n\n\n<p>Dominava la Grama, feia\ncircular la pilota, generava superioritats en atac i tot feia preveure que el\ngol havia d\u2019arribar tard o d\u2019hora. Per\u00f2 tots sabem que al futbol no existeix la\nl\u00f2gica i aix\u00ed va succeir sobre la gespa del Municipal. Una pilota en zona d\u2019extrem\nesquerra pels vallesans acaba en una falta de Michel justament al v\u00e8rtex de l\u2019\u00e0rea.\nDes d\u2019aquella cantonada Marc Mart\u00ed feia la centrada, cap defensor \u00e9s capa\u00e7 de\nrefusar-la, cap davanter \u00e9s capa\u00e7 de rematar-la i la pilota s\u2019introdueix a la &nbsp;porteria de Luque sense oposici\u00f3. Minut 33 de\njoc i els homes de Pons ja estaven per darrera al marcador, 0-1.<\/p>\n\n\n\n<p>Es quedava gelada la parr\u00f2quia local tot i el mati solejat que es podia viure a Santa Coloma per\u00f2 la Grama no va canviar el seu gui\u00f3. Aguantar la possessi\u00f3 i seguir generant perill va ser la clau per buscar la igualada al marcador. <\/p>\n\n\n\n<p>Aix\u00ed, als 44 minuts de joc,\njustament abans del descans, va arribar una jugada molt similar a la del gol\nsabadellenc per\u00f2, en aquesta ocasi\u00f3, favorable a la Grama. En zona d\u2019extrem dret,\nla defensa vallesana van realitzar una falta al v\u00e8rtex de la seva \u00e0rea. Roger\nPeris va picar la pilota molt tancadeta per Jorge Omar. El defensor uruguai\u00e0 la\ntoca per\u00f2 Arnau, un defensor, anota l\u2019empat en pr\u00f2pia porta. &nbsp;Poc m\u00e9s, sobre la botzina el col\u00b7legiat va\nassenyalar el cam\u00ed de vestidors amb 1-1 al marcador.<\/p>\n\n\n\n<p>Sense temps per tornar a\nseure despr\u00e9s de la represa, una bona jugada per banda esquerra d\u2019\u00c8ric L\u00f3pez va\nacabar amb una centrada des de l\u00ednia de fons que no va poder refusar b\u00e9 Lluri.\nEn segona jugada, Roger Peris va ca\u00e7ar el ref\u00fas posant el cap i anotant el 2-1\nper la Fundaci\u00f3 als 46 de joc.<\/p>\n\n\n\n<p>Bona reacci\u00f3 dels homes de\nPons al gol inicial del Sabadell Nord i tota la segona part per afrontar amb avantatge.\nEls vallesans veien com els seus plans es trastocaven pel gol de la Grama i,\nmentrestant, els colomencs es sentien amb forces per dominar absolutament el\npartit durant els primers minuts de la segona part.<\/p>\n\n\n\n<p>Amb el marcador a favor i\namb el control del partit, el m\u00edster de la Grama va introduir els primers\ncanvis donant entrada Edu Soler per Velasco (min.59) i a Pe\u00f1a per \u00c9ric L\u00f3pez\n(min.63).&nbsp; Feia el mateix Quico D\u00edaz amb\nun triple canvi.<\/p>\n\n\n\n<p>Sense perdre la seguretat\ndefensiva, ben plantats en tot moment, els nostres van &nbsp;saber mantenir a ratlla les embranzides del\nSabadell nord. Per\u00f2 no hi van haver-hi facilitats, els visitants van donar un\npas endavant en busca de l\u2019empat posant a prova a Luque. Mentre, responia \u00d3scar\nMu\u00f1oz amb una lluita immensa per banda dreta i una bona centrada per Peris. El\ndavanter colomenc no va poder orientar el seu remat i la pilota va sortir\ndesviada. A m\u00e9s, pels nostres queia lesionat Edu Soler que havia d\u2019abandonar el\nterreny de joc deu minuts despr\u00e9s d\u2019haver entrat. <\/p>\n\n\n\n<p>Seguia movent la banqueta\nel t\u00e8cnic de la Grama per assestar el cop de gr\u00e0cia a l\u2019equip valles\u00e0. Amb el\nSabadell Nord trepitjant el camp rival i els blaus buscant la contra, l\u2019entrada\nde Mar\u00e7al al mig del camp i de Crist\u00f3bal en punta d\u2019atac, havien de servir per\nsentenciar. <\/p>\n\n\n\n<p>I aix\u00ed va ser, va sortir b\u00e9\nla jugada de Pons i en una contra letal ben condu\u00efda per Peris la pilota acaba\na les botes de Crist\u00f3bal que no dubta i fa pujar el tercer gol al marcador quan\ncorria el minut 84 de joc.<\/p>\n\n\n\n<p>Per\u00f2 la festa no havia d\u2019acabar.\nEls finals de partit a a Can Peixauet venen sempre carregats de gols i, als 88\nminuts, una internada de Roger Pe\u00f1a per banda esquerra acaba amb el jugador de\nla Grama a terra a dins de l\u2019\u00e0rea. No ho va dubtar Javier Crespo assenyalant\nels onze metros i tampoc ho va dubtar Crist\u00f3bal per batre &nbsp;a Lluri i anotar el 4-1. &nbsp;<\/p>\n\n\n\n<p>Amb el temps complert, quan el col\u00b7legiat ja tenia el xiulet a la boca per posar punt i final al partit, Jairo va engaltar un potent xut des de la frontal directe a l\u2019escaire esquerra de Luque i anotant el 4-2 amb el que va finalitzar el matx.<\/p>\n\n\n\n<p>Aquesta vict\u00f2ria dels nois\nde &nbsp;Juanma Pons suposa la setena de la\ntemporada, ens dona un pas endavant en la classificaci\u00f3 despr\u00e9s de les derrotes\nde Palam\u00f3s i Matar\u00f3 per\u00f2, sobre tot, deixa bones sensacions en una plantilla\nque ha jugat molt bon partit contra el Sabadell Nord i on tots han estat a un nivell\nmolt alt, tal i com s\u2019espera d\u2019aquests jugadors que encara tenen molt a dir en\naquest campionat.<\/p>\n\n\n\n<p>La propera setmana, abans\nde l\u2019aturada nadalenca, visitarem el Municipal Germans Montalvo per\u00f2 el partit\nno ser\u00e0 en diumenge sin\u00f3 que s\u2019ha canviat l\u2019horari i el matx ser\u00e0 el dissabte\n21 de desembre a les 16h.<\/p>\n\n\n\n<p><a href=\"http:\/\/fcf.cat\/acta\/1920\/futbol-11\/primera-catalana\/grup-1\/1cat\/fundacio-esportiva-grama-a\/1cat\/sabadell-nord-cf-a\">CLIQUEU PER VEURE L\u2019ACTA DEL PARTIT<\/a><\/p>\n\n\n\n<p><a href=\"http:\/\/fcf.cat\/classificacio\/1920\/futbol-11\/primera-catalana\/grup-1\">CLIQUEU PER VEURE LA CLASSIFICACI\u00d3 DE 1CAT1<\/a><\/p>\n\n\n\n<div class=\"wp-block-group\"><div class=\"wp-block-group__inner-container is-layout-flow wp-block-group-is-layout-flow\">\n<div class=\"wp-block-group\"><div class=\"wp-block-group__inner-container is-layout-flow wp-block-group-is-layout-flow\">\n<p>______________________________________________________________________<\/p>\n<\/div><\/div>\n<\/div><\/div>\n\n\n\n<div class=\"wp-block-group\"><div class=\"wp-block-group__inner-container is-layout-flow wp-block-group-is-layout-flow\">\n<figure class=\"wp-block-gallery columns-1 is-cropped wp-block-gallery-2 is-layout-flex wp-block-gallery-is-layout-flex\"><ul class=\"blocks-gallery-grid\"><li class=\"blocks-gallery-item\"><figure><img loading=\"lazy\" decoding=\"async\" width=\"1024\" height=\"979\" src=\"http:\/\/fegrama.cat\/web\/wp-content\/uploads\/2019\/12\/Imagen1-1-1024x979.jpg\" alt=\"\" data-id=\"27577\" data-full-url=\"http:\/\/fegrama.cat\/web\/wp-content\/uploads\/2019\/12\/Imagen1-1.jpg\" data-link=\"http:\/\/fegrama.cat\/web\/?attachment_id=27577\" class=\"wp-image-27577\" srcset=\"http:\/\/fegrama.cat\/web\/wp-content\/uploads\/2019\/12\/Imagen1-1-1024x979.jpg 1024w, http:\/\/fegrama.cat\/web\/wp-content\/uploads\/2019\/12\/Imagen1-1-300x287.jpg 300w, http:\/\/fegrama.cat\/web\/wp-content\/uploads\/2019\/12\/Imagen1-1-768x734.jpg 768w, http:\/\/fegrama.cat\/web\/wp-content\/uploads\/2019\/12\/Imagen1-1.jpg 1365w\" sizes=\"auto, (max-width: 1024px) 100vw, 1024px\" \/><\/figure><\/li><\/ul><figcaption class=\"blocks-gallery-caption\">Crist\u00f3bal anota el penal en el 4-1 (FOTO: Joan Villagrasa)<\/figcaption><\/figure>\n<\/div><\/div>\n\n\n\n<p class=\"has-medium-font-size\"><strong>Lo necesit\u00e1bamos, hac\u00eda falta una victoria contundente para cargar de moral a un equipo con nuevo entrenador en el banquillo y el partido no ha decepcionado.<\/strong><\/p>\n\n\n\n<p><br> Dispon\u00eda Juanma Pons un once inicial con pocos cambios respecto a lo visto en jornadas anteriores: Luque en porter\u00eda; defensa para Michel, Jorge, Juan Carlos y Rojas; Roger y Velasco en medio; las bandas para \u00c1ngel y Peris; y la punta de ataque para \u00c9ric y \u00d3scar Mu\u00f1oz.<\/p>\n\n\n\n<p><br> Un once de garant\u00edas a pesar de las dificultades para el t\u00e9cnico que ve\u00eda como Crist\u00f3bal y Edu llegaban justos al partido y como Lucas y Bruno se quedaban fuera por lesi\u00f3n.<\/p>\n\n\n\n<p><br> Comenzaba el encuentro con la igualdad que caracteriza los inicios pero con una Grama bien plantada y solidaria mientras el Sabadell Nord intentaba pisar campo contrario y amenazaba con un primer c\u00f3rner a favor.<br> <\/p>\n\n\n\n<p>Y con este gui\u00f3n llegaba la primera gran ocasi\u00f3n. Fue para \u00c9ric L\u00f3pez, a los 7 minutos de juego. Una pelota enviada por encima de los centrales vallesanos ca\u00eda en las botas del delantero colomense. El control fue bueno, pero la d\u00e9cima de segundo que se tarda en mirar al asistente para ver si la jugada era v\u00e1lida, le sirvi\u00f3 a Lluri para cerrar los espacios a \u00c9ric en el mano a mano y enviar el bal\u00f3n a c\u00f3rner.<\/p>\n\n\n\n<p><br> Y no tardar\u00eda en tener la segunda \u00c9ric L\u00f3pez a los quince minutos de juego. En un buen centro, pudo rematar desde la frontal del \u00e1rea peque\u00f1a, un bal\u00f3n franco para hacer el primero de la matinal. Pero de nuevo su remate golpe\u00f3 en las piernas de un defensor evitando el gol.<\/p>\n\n\n\n<p><br> Dominaba la Grama, hac\u00eda circular el bal\u00f3n, generaba superioridades en ataque y todo hac\u00eda prever que el gol ten\u00eda que llegar tarde o temprano. Pero todos sabemos que en el f\u00fatbol no existe la l\u00f3gica y as\u00ed sucedi\u00f3 sobre el c\u00e9sped del Municipal. Un bal\u00f3n en zona de extremo izquierda para los vallesanos termina en una falta de Michel justamente en el v\u00e9rtice del \u00e1rea. Desde aquella esquina Marc Mart\u00ed lanzaba el centro, ning\u00fan defensor es capaz de rechazarla, ning\u00fan delantero es capaz de rematarla y el bal\u00f3n se introduce en la porter\u00eda de Luque sin oposici\u00f3n. Minuto 33 de juego y los hombres de Pons ya estaban por detr\u00e1s en el marcador, 0-1.<\/p>\n\n\n\n<p><br> Se quedaba helada la parroquia local a pesar de la ma\u00f1ana soleada que vivimos en Santa Coloma pero la Grama no cambi\u00f3 su gui\u00f3n. Aguantar la posesi\u00f3n y seguir generando peligro fue la clave para buscar la igualada en el marcador.<\/p>\n\n\n\n<p><br> As\u00ed, a los 44 minutos de juego, justamente antes del descanso, lleg\u00f3 una jugada muy similar a la del gol sabadellense pero, en esta ocasi\u00f3n, favorable a la Grama. En zona de extremo derecho, la defensa vallesana realiz\u00f3 una falta en el v\u00e9rtice de su \u00e1rea. Roger Peris pic\u00f3 el bal\u00f3n muy cerradito para Jorge Omar. El defensor uruguayo la toca pero Arnau, un defensor, anota el empate en propia puerta. Poco m\u00e1s, sobre la bocina el colegiado se\u00f1al\u00f3 el camino de vestuarios con 1-1 en el marcador.<\/p>\n\n\n\n<p><br> Sin tiempo para volver a sentarse tras la reanudaci\u00f3n, una buena jugada por banda izquierda de Eric L\u00f3pez termin\u00f3 con un centro desde l\u00ednea de fondo que no pudo rechazar bien Ll\u00faria. En segunda jugada, Roger Peris caz\u00f3 el rechace poniendo la cabeza y anotando el 2-1 por la Fundaci\u00f3n a los 46 de juego.<\/p>\n\n\n\n<p><br>Buena reacci\u00f3n de los hombres de Pons al gol inicial del Sabadell Nord y toda la segunda parte para afrontar con ventaja. Los vallesanos ve\u00edan como sus planes se trastocaban por el gol de la Grama y, mientras tanto, los colomenses se sent\u00edan con fuerzas para dominar absolutamente el partido durante los primeros minutos de la segunda parte.<br> Con el marcador a favor y con el control del partido, el mister de la Grama introdujo los primeros cambios dando entrada a Edu Soler por Velasco (min.59) y Pe\u00f1a por \u00c9ric L\u00f3pez (min.63). Hac\u00eda lo mismo Quico D\u00edaz con un triple cambio.<\/p>\n\n\n\n<p><br> Sin perder la seguridad defensiva, bien plantados en todo momento, los nuestros supieron mantener a raya los empujes del Sabadell Nord. Pero no hubo facilidades, los visitantes dieron un paso adelante en busca del empate poniendo a prueba a Luque. Mientras, respond\u00eda \u00d3scar Mu\u00f1oz con una lucha inmensa por banda derecha y un buen centro para Peris. El delantero colomense no pudo orientar su remate y el bal\u00f3n sali\u00f3 desviado. Adem\u00e1s, por los nuestros ca\u00eda lesionado Edu Soler que ten\u00eda que abandonar el terreno de juego diez minutos despu\u00e9s de haber entrado.<\/p>\n\n\n\n<p><br> Segu\u00eda moviendo el banquillo el t\u00e9cnico de la Grama para asestar el golpe de gracia al equipo vallesano. Con el Sabadell Nord pisando el campo rival y los azules buscando la contra, la entrada de Mar\u00e7al en medio del campo y de Crist\u00f3bal en punta de ataque, deb\u00edan servir para sentenciar.<br> Y as\u00ed fue, sali\u00f3 bien la jugada de Pons y en una contra letal bien conducida por Peris el bal\u00f3n acaba en las botas de Crist\u00f3bal que no duda y hace subir el tercer gol al marcador cuando corr\u00eda el minuto 84 de juego.<\/p>\n\n\n\n<p><br> Pero la fiesta no iba a terminar aqu\u00ed. Los finales de partido  en Can Peixauet vienen siempre cargados de goles y, a los 88 minutos, una internada de Roger Pe\u00f1a por banda izquierda acaba con el jugador de la Grama en el suelo dentro del \u00e1rea. No lo dud\u00f3 Javier Crespo se\u00f1alando los once metros y tampoco lo dud\u00f3 Crist\u00f3bal para batir a su y anotar el 4-1.<\/p>\n\n\n\n<p><br> Con el tiempo cumplido, cuando el colegiado ya ten\u00eda el silbato en la boca para poner punto y final al partido, Jairo enganch\u00f3 un potente disparo desde la frontal directo a la escuadra izquierda de Luque y anotando el 4-2 con el que finaliz\u00f3 el encuentro.<\/p>\n\n\n\n<p><br> Esta victoria de los chicos de Juanma Pons supone la s\u00e9ptima de la temporada, nos da un paso adelante en la clasificaci\u00f3n despu\u00e9s de las derrotas de Palam\u00f3s y Matar\u00f3 pero, sobre todo, deja buenas sensaciones en una plantilla que ha jugado muy buen partido contra el Sabadell Nord y donde todos han estado a un nivel muy alto, tal y como se espera de estos jugadores que todav\u00eda tienen mucho que decir en este campeonato.<\/p>\n\n\n\n<p><br> La pr\u00f3xima semana, antes del par\u00f3n navide\u00f1o, visitaremos el Municipal Germans Montalvo pero el partido no ser\u00e1 en domingo sino que se ha cambiado el horario y el encuentro ser\u00e1 el s\u00e1bado 21 de diciembre a las 16h.<\/p>\n\n\n\n<p><a href=\"http:\/\/fcf.cat\/acta\/1920\/futbol-11\/primera-catalana\/grup-1\/1cat\/fundacio-esportiva-grama-a\/1cat\/sabadell-nord-cf-a\">CLICAD PARA VER EL ACTA DEL PARTIDO<\/a><br><a href=\"http:\/\/fcf.cat\/classificacio\/1920\/futbol-11\/primera-catalana\/grup-1\">CLICAD PARA VER LA CLASIFICACI\u00d3N DE 1CAT1<\/a><\/p>\n\n\n\n<p><\/p>\n","protected":false},"excerpt":{"rendered":"<p>Ho necessit\u00e0vem, \u00a0feia falta una vict\u00f2ria contundent per carregar de moral a un equip amb nou entrenador a la banqueta i el partit no ha decepcionat. -DBC- Disposava Juanma Pons un onze inicial amb pocs canvis respecte al que s\u2019ha vist en jornades anteriors: Luque en porteria; defensa per Michel, Jorge, Juan Carlos i Rojas; [&hellip;]<\/p>\n","protected":false},"author":1,"featured_media":27576,"comment_status":"closed","ping_status":"closed","sticky":false,"template":"","format":"standard","meta":{"footnotes":""},"categories":[4,5],"tags":[],"class_list":["post-27575","post","type-post","status-publish","format-standard","has-post-thumbnail","hentry","category-base-inclusiu","category-primer-equip"],"_links":{"self":[{"href":"http:\/\/fegrama.cat\/web\/wp-json\/wp\/v2\/posts\/27575","targetHints":{"allow":["GET"]}}],"collection":[{"href":"http:\/\/fegrama.cat\/web\/wp-json\/wp\/v2\/posts"}],"about":[{"href":"http:\/\/fegrama.cat\/web\/wp-json\/wp\/v2\/types\/post"}],"author":[{"embeddable":true,"href":"http:\/\/fegrama.cat\/web\/wp-json\/wp\/v2\/users\/1"}],"replies":[{"embeddable":true,"href":"http:\/\/fegrama.cat\/web\/wp-json\/wp\/v2\/comments?post=27575"}],"version-history":[{"count":2,"href":"http:\/\/fegrama.cat\/web\/wp-json\/wp\/v2\/posts\/27575\/revisions"}],"predecessor-version":[{"id":27579,"href":"http:\/\/fegrama.cat\/web\/wp-json\/wp\/v2\/posts\/27575\/revisions\/27579"}],"wp:featuredmedia":[{"embeddable":true,"href":"http:\/\/fegrama.cat\/web\/wp-json\/wp\/v2\/media\/27576"}],"wp:attachment":[{"href":"http:\/\/fegrama.cat\/web\/wp-json\/wp\/v2\/media?parent=27575"}],"wp:term":[{"taxonomy":"category","embeddable":true,"href":"http:\/\/fegrama.cat\/web\/wp-json\/wp\/v2\/categories?post=27575"},{"taxonomy":"post_tag","embeddable":true,"href":"http:\/\/fegrama.cat\/web\/wp-json\/wp\/v2\/tags?post=27575"}],"curies":[{"name":"wp","href":"https:\/\/api.w.org\/{rel}","templated":true}]}}