{"id":27544,"date":"2019-12-03T17:33:00","date_gmt":"2019-12-03T16:33:00","guid":{"rendered":"http:\/\/fegrama.cat\/web\/?p=27544"},"modified":"2019-12-03T17:34:59","modified_gmt":"2019-12-03T16:34:59","slug":"croniques-dels-cadets-amb-la-seva-bona-ratxa-setmanal","status":"publish","type":"post","link":"http:\/\/fegrama.cat\/web\/croniques-dels-cadets-amb-la-seva-bona-ratxa-setmanal\/","title":{"rendered":"Cr\u00f2niques dels Cadets amb la seva bona ratxa setmanal."},"content":{"rendered":"\n<figure class=\"wp-block-image size-large\"><img loading=\"lazy\" decoding=\"async\" width=\"1024\" height=\"768\" src=\"http:\/\/fegrama.cat\/web\/wp-content\/uploads\/2019\/12\/cadet-A-1024x768.jpeg\" alt=\"\" class=\"wp-image-27545\" srcset=\"http:\/\/fegrama.cat\/web\/wp-content\/uploads\/2019\/12\/cadet-A-1024x768.jpeg 1024w, http:\/\/fegrama.cat\/web\/wp-content\/uploads\/2019\/12\/cadet-A-300x225.jpeg 300w, http:\/\/fegrama.cat\/web\/wp-content\/uploads\/2019\/12\/cadet-A-768x576.jpeg 768w, http:\/\/fegrama.cat\/web\/wp-content\/uploads\/2019\/12\/cadet-A-1536x1152.jpeg 1536w, http:\/\/fegrama.cat\/web\/wp-content\/uploads\/2019\/12\/cadet-A.jpeg 2048w\" sizes=\"auto, (max-width: 1024px) 100vw, 1024px\" \/><\/figure>\n\n\n\n<p>Sant Ignasi 1 &#8211; Cadet \u201cA\u201d 6<\/p>\n\n\n\n<p>La setmana passada el Cadet A visitava el Camp de futbol del col\u00b7legi Sant Ignasi i va treure el partit amb \u00e8xit.<\/p>\n\n\n\n<p>El partit comen\u00e7ava amb una Fundaci\u00f3 una mica carrinclona vista la seva superioritat, aix\u00ed i tot, en el minut 17 el jugador Albert, autor d&#8217;un hat trick, fa el primer dels gols. Minuts despr\u00e9s, era el mateix jugador qui cediria la pilota perqu\u00e8 Iker fes el 0-2. Amb aquest resultat, els Colomencs van baixar molt la intensitat, moments que van aprofitar els Barcelonins per a retallar dist\u00e0ncies, en una falta lateral arribava l&#8217;1-2. Minuts de desconcert on el Sant Ignasi s&#8217;acostava a l&#8217;\u00e0rea dels Colomencs! Just abans del descans, Albert posaria l&#8217;1-3 amb el qual s&#8217;arribava al descans.<\/p>\n\n\n\n<p>En la segona part, canvi de mentalitat radical dels de Manu Pel\u00e1ez, que van ser totalment dominants en totes les facetes del joc, contra un Sant Ignasi que ni s&#8217;aproximava a l&#8217;\u00e0rea de Papi.<\/p>\n\n\n\n<p>Albert signava el seu tercer gol. Despr\u00e9s Rub\u00e9n i Marcos posaven l&#8217;1-6 final!!<\/p>\n\n\n\n<p>FELICITATS NOIS!<\/p>\n\n\n\n<p><\/p>\n\n\n\n<p><\/p>\n\n\n\n<p>Sant Ignasi 1 &#8211; Cadete \u201cA\u201d 6<\/p>\n\n\n\n<p>La semana pasada el Cadete A visitaba el Campo de f\u00fatbol del colegio Sant Ignasi y sac\u00f3 el partido con \u00e9xito.<\/p>\n\n\n\n<p>El partido empezaba con una Fundaci\u00f3n algo ramplona visto su superioridad, aun as\u00ed, en el minuto 17 el jugador Albert, autor de un hat trick, hacia el primero de sus goles. Minutos despu\u00e9s, era el mismo jugador quien ceder\u00eda el bal\u00f3n para que Iker hiciera el 0-2. Con este resultado, los Colomenses bajaron mucho la intensidad, momentos que aprovecharon los Barceloneses para recortar distancias, en una falta lateral llegaba el 1-2. Minutos de desconcierto donde el Sant Ignasi \u00a1se acercaba al \u00e1rea de los Colomenses! Justo antes del descanso, Albert pondr\u00eda el 1-3 con el que se llegaba al descanso.<\/p>\n\n\n\n<p>En la segunda parte, cambio de mentalidad radical de los de Manu Pel\u00e1ez, que fueron totalmente dominantes en todas las facetas del juego, contra un Sant Ignasi que ni se aproximaba al \u00e1rea de Papi.<\/p>\n\n\n\n<p>Albert firmaba su tercer gol. Despu\u00e9s Rub\u00e9n y Marcos \u00a1\u00a1pon\u00edan el 1-6 final!!<\/p>\n\n\n\n<p>\u00a1FELICIDADES CHICOS!<\/p>\n\n\n\n<!--nextpage-->\n\n\n\n<figure class=\"wp-block-image size-large\"><img loading=\"lazy\" decoding=\"async\" width=\"1024\" height=\"908\" src=\"http:\/\/fegrama.cat\/web\/wp-content\/uploads\/2019\/12\/CADETE-B-1024x908.jpeg\" alt=\"\" class=\"wp-image-27546\" srcset=\"http:\/\/fegrama.cat\/web\/wp-content\/uploads\/2019\/12\/CADETE-B-1024x908.jpeg 1024w, http:\/\/fegrama.cat\/web\/wp-content\/uploads\/2019\/12\/CADETE-B-300x266.jpeg 300w, http:\/\/fegrama.cat\/web\/wp-content\/uploads\/2019\/12\/CADETE-B-768x681.jpeg 768w, http:\/\/fegrama.cat\/web\/wp-content\/uploads\/2019\/12\/CADETE-B-1536x1362.jpeg 1536w, http:\/\/fegrama.cat\/web\/wp-content\/uploads\/2019\/12\/CADETE-B.jpeg 2048w\" sizes=\"auto, (max-width: 1024px) 100vw, 1024px\" \/><\/figure>\n\n\n\n<p>Cadet \u201cB\u201d 3 &#8211; Lloreda 0<\/p>\n\n\n\n<p>El Cadet \u00abB\u00bb aconsegueix la vict\u00f2ria a casa davant el Lloreda, en un partit que ha anat de menys a m\u00e9s quant a treball.<\/p>\n\n\n\n<p>La primera part va venir marcada per diversos errors que dificultaven la bona resoluci\u00f3 de les accions ofensives.&nbsp;<\/p>\n\n\n\n<p>Diversos canvis de plantejament en la segona meitat van donar una altra imatge a l&#8217;equip que s\u00ed que va aconseguir desenvolupar el treballat durant la setmana i, amb encert a dalt i una gran contund\u00e8ncia defensiva, posar el 3-0 final en el marcador per a sumar la segona vict\u00f2ria consecutiva i continuar guanyant bones sensacions.<\/p>\n\n\n\n<p><\/p>\n\n\n\n<p><\/p>\n\n\n\n<p>Cadete \u201cB\u201d 3 &#8211; Lloreda 0<\/p>\n\n\n\n<p>El Cadete \u201cB\u201d consigue la victoria en casa ante el Lloreda en un partido que ha ido de menos a m\u00e1s en cuanto a trabajo.&nbsp;<\/p>\n\n\n\n<p>La primera parte vino marcada por varios errores que dificultaban la buena resoluci\u00f3n de las acciones ofensivas. Varios cambios de planteamiento en la segunda mitad dieron otra imagen al equipo que s\u00ed que logr\u00f3 desarrollar lo trabajado durante la semana y, con acierto arriba y una gran contundencia defensiva, poner el 3-0 final en el marcador para sumar la segunda victoria consecutiva y seguir ganando buenas sensaciones.<br><\/p>\n\n\n\n<!--nextpage-->\n\n\n\n<p>Europa 1 &#8211; Cadet \u201cC\u201d 1&nbsp;<\/p>\n\n\n\n<p>La setmana passada els del Cadet C disputaven un dels partits m\u00e9s complets que havien realitzat fins ara. El primer tram de partit no va tenir un dominador clar. Els locals es van avan\u00e7ar en un servei de banda per\u00f2 la Grama lluny d&#8217;ensorrar-se va continuar intentant-lo i va obtenir el seu premi. En una internada de Salva per la dreta, Lucas realitza un bon desmarcatge i arribant de segona l\u00ednia, Mario remata la passada enrere aconseguint la igualada.<\/p>\n\n\n\n<p>La segona part va tenir dos trams ben diferenciats, el primer on el nostre cadet va denominar i es va instal\u00b7lar en camp rival i un segon on els locals van estr\u00e8nyer, per la qual cosa ens va tocar defensar amb encert el resultat.<\/p>\n\n\n\n<p><\/p>\n\n\n\n<p><\/p>\n\n\n\n<p>Europa 1 &#8211; Cadete \u201cC\u201d 1&nbsp;<\/p>\n\n\n\n<p>La semana pasada los del Cadete C disputaban uno de los partidos m\u00e1s completos que hab\u00edan realizado hasta ahora. El primer tramo de partido no tuvo un dominador claro. Los locales se adelantaron en un saque de banda pero la Grama lejos de venirse abajo sigui\u00f3 intent\u00e1ndolo y obtuvo su premio. En una internada de Salva por la derecha, Lucas realiza un buen desmarque y llegando de segunda l\u00ednea, Mario remata el pase atr\u00e1s consiguiendo la igualada.&nbsp;<\/p>\n\n\n\n<p>La segunda parte tuvo dos tramos bien diferenciados, el primero donde nuestro cadete denomin\u00f3 y se instal\u00f3 en campo rival y un segundo donde los locales apretaron, por lo que nos toc\u00f3 defender con acierto el resultado.<br><\/p>\n\n\n\n<!--nextpage-->\n\n\n\n<p><br><\/p>\n\n\n\n<p>Sant Gabriel 0 &#8211; Cadet \u201cD\u201d 4<\/p>\n\n\n\n<p>El migdia del diumenge els nois del Cadet \u00abD\u00bb jugaven el seu partit contra el Sant Gabriel fora de casa. Va ser un partit en el qual els nostres estaven segons\/tercers en la taula empatats, mentre que els contraris estaven en setens. Es notaven els nervis dels de la Grama, ja que era un partit important per a la taula de resultats. Els nostres van anar generant ocasions per\u00f2 no les acabaven materialitzant, aix\u00ed i tot sempre eren dominants i tenien pilota constant. En una jugada bona elaborada de la Grama es va marcar el primer gol que va servir per a llevar-se els nervis de damunt, aix\u00f2 va portar als blaus a marcar el segon.<\/p>\n\n\n\n<p>Arriba la mitja part i a la volta de la segona la Grama havia fet canvis i rotacions, la t\u00f2nica aix\u00ed i tot va ser m\u00e9s del mateix, amb un domini total de la pilota i generant ocasions que ens van donar el tercer i quart gol.<\/p>\n\n\n\n<p><\/p>\n\n\n\n<p><\/p>\n\n\n\n<p>San Gabriel 0 &#8211; Cadete \u201cD\u201d 4<\/p>\n\n\n\n<p>El mediod\u00eda del domingo los chicos del Cadete \u201cD\u201d jugaban su partido contra el San Gabriel fuera de casa. Fue un partido en el que los nuestros estaban segundos\/terceros en la tabla empatados, mientras que los contrarios estaban en s\u00e9ptimos. Se notaban los nervios de los de la Grama, ya que era un partido importante para la tabla de resultados. Los nuestros fueron generando ocasiones pero no las acababan materializando, aun as\u00ed siempre eran dominantes y ten\u00edan bal\u00f3n constante. En una jugada buena elaborada de la Grama se marc\u00f3 el primer gol que sirvi\u00f3 para quitarse los nervios de encima, esto llev\u00f3 a los azules a marcar el segundo.<\/p>\n\n\n\n<p>Llega la media parte y a la vuelta de la segunda la Grama hab\u00eda hecho cambios y rotaciones, la t\u00f3nica aun as\u00ed fue m\u00e1s de lo mismo, con un dominio total de la pelota y generando ocasiones que nos dieron el tercer y cuarto gol.<br><\/p>\n\n\n\n<!--nextpage-->\n\n\n\n<figure class=\"wp-block-image size-large\"><img loading=\"lazy\" decoding=\"async\" width=\"1024\" height=\"768\" src=\"http:\/\/fegrama.cat\/web\/wp-content\/uploads\/2019\/12\/CADETE-E-1024x768.jpeg\" alt=\"\" class=\"wp-image-27547\" srcset=\"http:\/\/fegrama.cat\/web\/wp-content\/uploads\/2019\/12\/CADETE-E-1024x768.jpeg 1024w, http:\/\/fegrama.cat\/web\/wp-content\/uploads\/2019\/12\/CADETE-E-300x225.jpeg 300w, http:\/\/fegrama.cat\/web\/wp-content\/uploads\/2019\/12\/CADETE-E-768x576.jpeg 768w, http:\/\/fegrama.cat\/web\/wp-content\/uploads\/2019\/12\/CADETE-E-1536x1152.jpeg 1536w, http:\/\/fegrama.cat\/web\/wp-content\/uploads\/2019\/12\/CADETE-E.jpeg 2048w\" sizes=\"auto, (max-width: 1024px) 100vw, 1024px\" \/><\/figure>\n\n\n\n<p>Cadet \u201cE\u201d 6 &#8211; Stoitchkov&nbsp; \u201cA\u201d 1<\/p>\n\n\n\n<p>Partit molt bo. El que els va costar la fa dos setmanes als nostres (encaixar els gols) ho han fet aquest cap de setmana.<\/p>\n\n\n\n<p>Inicialment els de la Grama van sortir molt forts, tocant molt b\u00e9 i buscant pilotes llargues. R\u00e0pidament, en el minut 5 els nostres es van avan\u00e7ar en el marcador 1-0. Els de la Grama cometien alguna fallada que un altre en la defensa, per\u00f2 sabien corregir-los abans que el rival cre\u00e9s perill. Continuaven jugant molt b\u00e9, atacant i creant perill al rival. En el minut 13 van tornar a encaixar un altre gol i els blaus es posen 2-0. Van continuar amb la mateixa intensitat, encara que el rival els menjava una mica m\u00e9s de terreny i creaven m\u00e9s perill. Abans d&#8217;acabar la primera part, en el minut 33 la Grama va marcar el 3-0. Arriba la mitja part amb 3-0 guanyant.<\/p>\n\n\n\n<p>Comen\u00e7a la segona, seguien amb el mateix ritme, encara que els costava bastant encaixar un gol que va arribar en el minut 52. Els nostres es posen a 4-0. Baixen la intensitat i el rival en el minut 54, marca el 4-1. Els nostres continuen atacant, cada vegada toquen m\u00e9s i millor. Finalment en els minuts 75 i 79 els de la Grama marquen els dos \u00faltims gols per a sentenciar el partit. Finalitza el partit 6-1.<\/p>\n\n\n\n<p>Dolors: gran partit, encara aix\u00ed cal continuar corregint coses per\u00f2 a poc a poc millorem i es veu reflectit en el resultat.<\/p>\n\n\n\n<p><\/p>\n\n\n\n<p><\/p>\n\n\n\n<p>Cadete \u201cE\u201d 6 &#8211; Stoitchkov&nbsp; \u201cA\u201d 1<\/p>\n\n\n\n<p>Partido muy bueno. Lo que les cost\u00f3 la semana pasada a los nuestros (encajar los goles) lo han hecho este fin de semana.<\/p>\n\n\n\n<p>Inicialmente los de la Grama salieron muy fuertes, tocando muy bien y buscando balones largos. R\u00e1pidamente, en el minuto 5 los nuestros se adelantaron en el marcador 1-0. Los de la Grama comet\u00edan alg\u00fan fallo que otro en la defensa, pero sab\u00edan corregirlos antes de que el rival creara peligro. Segu\u00edan jugando muy bien, atacando y creando peligro al rival. En el minuto 13 volvieron a encajar otro gol y los azules se ponen 2-0. Continuaron con la misma intensidad, aunque el rival les com\u00eda un poco m\u00e1s de terreno y creaban m\u00e1s peligro. Antes de acabar la primera parte, en el minuto 33 la Grama marc\u00f3 el 3-0. Llega la media parte con 3-0 ganando.<\/p>\n\n\n\n<p>Comienza la segunda, segu\u00edan con el mismo ritmo, aunque les costaba bastante encajar un gol que lleg\u00f3 en el minuto 52. Los nuestros se ponen a 4-0. Bajan la intensidad y el rival en el minuto 54, marca el 4-1. Los nuestros siguen atacando, cada vez tocan m\u00e1s y mejor. Finalmente en los minutos 75 y 79 los de la Grama marcan los dos \u00faltimos goles para sentenciar el partido. Finaliza el partido 6-1.Dolors: gran partido, a\u00fan as\u00ed hay que seguir corrigiendo cosas pero poco a poco mejoramos y se ve reflejado en el resultado.<\/p>\n\n\n\n<p><\/p>\n","protected":false},"excerpt":{"rendered":"<p>Sant Ignasi 1 &#8211; Cadet \u201cA\u201d 6 La setmana passada el Cadet A visitava el Camp de futbol del col\u00b7legi Sant Ignasi i va treure el partit amb \u00e8xit. El partit comen\u00e7ava amb una Fundaci\u00f3 una mica carrinclona vista la seva superioritat, aix\u00ed i tot, en el minut 17 el jugador Albert, autor d&#8217;un hat [&hellip;]<\/p>\n","protected":false},"author":1,"featured_media":27546,"comment_status":"closed","ping_status":"closed","sticky":false,"template":"","format":"standard","meta":{"footnotes":""},"categories":[4,7],"tags":[],"class_list":["post-27544","post","type-post","status-publish","format-standard","has-post-thumbnail","hentry","category-base-inclusiu","category-cadets"],"_links":{"self":[{"href":"http:\/\/fegrama.cat\/web\/wp-json\/wp\/v2\/posts\/27544","targetHints":{"allow":["GET"]}}],"collection":[{"href":"http:\/\/fegrama.cat\/web\/wp-json\/wp\/v2\/posts"}],"about":[{"href":"http:\/\/fegrama.cat\/web\/wp-json\/wp\/v2\/types\/post"}],"author":[{"embeddable":true,"href":"http:\/\/fegrama.cat\/web\/wp-json\/wp\/v2\/users\/1"}],"replies":[{"embeddable":true,"href":"http:\/\/fegrama.cat\/web\/wp-json\/wp\/v2\/comments?post=27544"}],"version-history":[{"count":2,"href":"http:\/\/fegrama.cat\/web\/wp-json\/wp\/v2\/posts\/27544\/revisions"}],"predecessor-version":[{"id":27550,"href":"http:\/\/fegrama.cat\/web\/wp-json\/wp\/v2\/posts\/27544\/revisions\/27550"}],"wp:featuredmedia":[{"embeddable":true,"href":"http:\/\/fegrama.cat\/web\/wp-json\/wp\/v2\/media\/27546"}],"wp:attachment":[{"href":"http:\/\/fegrama.cat\/web\/wp-json\/wp\/v2\/media?parent=27544"}],"wp:term":[{"taxonomy":"category","embeddable":true,"href":"http:\/\/fegrama.cat\/web\/wp-json\/wp\/v2\/categories?post=27544"},{"taxonomy":"post_tag","embeddable":true,"href":"http:\/\/fegrama.cat\/web\/wp-json\/wp\/v2\/tags?post=27544"}],"curies":[{"name":"wp","href":"https:\/\/api.w.org\/{rel}","templated":true}]}}