{"id":27534,"date":"2019-12-02T23:15:53","date_gmt":"2019-12-02T22:15:53","guid":{"rendered":"http:\/\/fegrama.cat\/web\/?p=27534"},"modified":"2019-12-02T23:26:55","modified_gmt":"2019-12-02T22:26:55","slug":"jvenils","status":"publish","type":"post","link":"http:\/\/fegrama.cat\/web\/jvenils\/","title":{"rendered":"Cr\u00f2niques dels Juvenils amb la vict\u00f2ria dels del \u00abB\u00bb i el \u00abC\u00bb."},"content":{"rendered":"\n<p>Vila Ol\u00edmpica 0 &#8211; Juvenil \u201cB\u201d 3<\/p>\n\n\n\n<p>La setmana passada els nostres nois del juvenil B van jugar un partit m\u00e9s pr\u00e0ctic i efectiu que bonic. El partit va transc\u00f3rrer amb un ritme lent i travat on la imprecisi\u00f3 dels dos equips va ser la t\u00f2nica dominant.&nbsp;<\/p>\n\n\n\n<p>En la primera part, la Grama no tenia dificultats en defensa i arribava a la porteria contr\u00e0ria amb certa facilitat, per\u00f2 les decisions en la zona de finalitzaci\u00f3 no eren les correctes i no s&#8217;arribaven a concretar les oportunitats. En una d&#8217;elles la Vila Ol\u00edmpica va cometre penal, per\u00f2 la Grama no va arribar a marcar-ho. Va ser pocs minuts despr\u00e9s, en una contra molt ben portada per banda, quan en Ra\u00fal va aconseguir anotar el primer gol.<\/p>\n\n\n\n<p>La segona part va comen\u00e7ar amb la Vila pressionant la sortida de pilota de la Grama i va fer un pas cap endavant en totes les seves l\u00ednies, per\u00f2 aix\u00ed i tot no aconseguia inquietar en exc\u00e9s la porteria de la Grama. Es mastegava el segon gol de la Grama i en una passada a l&#8217;esquena de la defensa contr\u00e0ria, Oliver va anotar el segon per als nostres. En aquest moment la Vila va abaixar els bra\u00e7os i la Grama va manejar els \u00faltims minuts al seu antull, anotant el 0-3 en una transici\u00f3 r\u00e0pida de Sergi per banda que Arnau va desviar a la xarxa.<\/p>\n\n\n\n<p>El juvenil B segueix en els llocs de cap i retallant punts als seus predecessors.<\/p>\n\n\n\n<p><\/p>\n\n\n\n<p>Vila Ol\u00edmpica 0 &#8211; Juvenil \u201cB\u201d 3<\/p>\n\n\n\n<p>La semana pasada nuestros chicos del juvenil B jugaron un partido m\u00e1s pr\u00e1ctico y efectivo que bonito. El partido transcurri\u00f3 con un ritmo lento y trabado donde la imprecisi\u00f3n de los dos equipos fue la t\u00f3nica dominante. En la primera parte, la Grama no pasaba apuros en defensa y llegaba a la porter\u00eda contraria con cierta facilidad pero las decisiones en la zona de finalizaci\u00f3n no eran las correctas y no se llegaban a concretar las oportunidades. En una de ellas la Vila Ol\u00edmpica cometi\u00f3 penalti, pero la Grama no acert\u00f3 a marcarlo. Fue pocos minutos despu\u00e9s, en una contra muy bien llevada por banda, cuando Ra\u00fal consigui\u00f3 anotar el primer gol.<\/p>\n\n\n\n<p>En la segunda parte empez\u00f3 la Vila presionando la salida de bal\u00f3n de la Grama y dio un paso hacia delante en todas sus l\u00edneas, pero aun as\u00ed no consegu\u00eda inquietar en exceso la porter\u00eda de la Grama. Se mascaba el segundo gol de la Grama y en un pase a la espalda de la defensa contraria Oliver anot\u00f3 el segundo para los nuestros. En ese momento la Vila baj\u00f3 los brazos y la Grama manej\u00f3 los \u00faltimos minutos a su antojo, anotando el 0-3 en una transici\u00f3n r\u00e1pida de Sergi por banda que Arnau desvi\u00f3 a la red.<\/p>\n\n\n\n<p>El juvenil B sigue en los puestos de cabeza y recortando puntos a sus predecesores.<br><\/p>\n\n\n\n<!--nextpage-->\n\n\n\n<figure class=\"wp-block-image size-large\"><img loading=\"lazy\" decoding=\"async\" width=\"1024\" height=\"768\" src=\"http:\/\/fegrama.cat\/web\/wp-content\/uploads\/2019\/12\/JUV-C-1-1024x768.jpeg\" alt=\"\" class=\"wp-image-27539\" srcset=\"http:\/\/fegrama.cat\/web\/wp-content\/uploads\/2019\/12\/JUV-C-1-1024x768.jpeg 1024w, http:\/\/fegrama.cat\/web\/wp-content\/uploads\/2019\/12\/JUV-C-1-300x225.jpeg 300w, http:\/\/fegrama.cat\/web\/wp-content\/uploads\/2019\/12\/JUV-C-1-768x576.jpeg 768w, http:\/\/fegrama.cat\/web\/wp-content\/uploads\/2019\/12\/JUV-C-1-1536x1152.jpeg 1536w, http:\/\/fegrama.cat\/web\/wp-content\/uploads\/2019\/12\/JUV-C-1.jpeg 2048w\" sizes=\"auto, (max-width: 1024px) 100vw, 1024px\" \/><\/figure>\n\n\n\n<p>Juvenil \u201cC\u201d 5 &#8211; Brafa 0<\/p>\n\n\n\n<p>Despr\u00e9s de dues setmanes sense competir, el Juvenil C tornava a la competici\u00f3 amb una contundent vict\u00f2ria davant un bon rival que va plantar cara durant gran part de la trobada.<\/p>\n\n\n\n<p>L&#8217;equip no va arrencar com s&#8217;esperava i no va saber dominar el primer tram de partit. La bona pressi\u00f3 del rival i la falta de claredat en el joc per part dels locals van dibuixar un inici amb poca flu\u00efdesa i sense ocasions.<\/p>\n\n\n\n<p>En el minut 25 de partit, els Colomencs van donar entrada a Guillem Aguilar i Jean Paul Medina que, cinc minuts despr\u00e9s, arribava a l\u00ednia de fons per a posar-la al capdavant de Dami\u00e1n \u00c1lvarez i convertir l&#8217;1-0 en el marcador.<\/p>\n\n\n\n<p>L&#8217;equip no va millorar per\u00f2 va evitar que el rival arrib\u00e9s amb perill i va poder mantenir l&#8217;avantatge fins al descans.<\/p>\n\n\n\n<p>En la segona meitat, amb l&#8217;entrada de Takeru Nagai i el seu gol en gaireb\u00e9 la primera pilota que tocava, el nostre juvenil va generar m\u00e9s situacions de perill i, sense acabar de dominar el joc, va poder mantenir a l&#8217;equip visitant lluny de la seva porteria fins al tram final.<\/p>\n\n\n\n<p>Mancant quinze minuts, amb un Brafa bolcat en l&#8217;atac, l&#8217;equip va trobar m\u00e9s espais i va poder ampliar l&#8217;avantatge (Takeru en el 76&#8242;, una altra vegada en el 85&#8242; i finalment Guillem en el 82&#8242;) fins a posar el definitiu cinc a zero en el marcador.<\/p>\n\n\n\n<p>L&#8217;equip segueix sense haver encaixat en lliga i amb ple de vict\u00f2ries.<\/p>\n\n\n\n<p>El seg\u00fcent partit ser\u00e0 el cap de setmana del 14 de desembre, en el camp del Diagonal.<\/p>\n\n\n\n<p><\/p>\n\n\n\n<p><\/p>\n\n\n\n<p>Juvenil \u201cC\u201d 5 &#8211; Brafa 0<\/p>\n\n\n\n<p>Tras dos semanas sin competir, el Juvenil C regresaba a la competici\u00f3n con una contundente victoria ante un buen rival que plant\u00f3 cara durante gran parte del encuentro.<\/p>\n\n\n\n<p>El equipo no arranc\u00f3 como se esperaba y no supo dominar el primer tramo de partido. La buena presi\u00f3n del rival y la falta de claridad en el juego por parte de los locales dibujaron un inicio con poca fluidez y sin ocasiones.<\/p>\n\n\n\n<p>En el minuto 25 de partido, los Colomenses dieron entrada a Guillem Aguilar y Jean Paul Medina que, cinco minutos despu\u00e9s, llegaba a l\u00ednea de fondo para ponerla a la cabeza de Dami\u00e1n \u00c1lvarez y convertir el 1-0 en el marcador.<\/p>\n\n\n\n<p>El equipo no mejor\u00f3 pero evit\u00f3 que el rival llegara con peligro y pudo mantener la ventaja hasta el descanso.<\/p>\n\n\n\n<p>En la segunda mitad, con la entrada de Takeru Nagai y su gol en casi el primer bal\u00f3n que tocaba, nuestro juvenil gener\u00f3 m\u00e1s situaciones de peligro y, sin acabar de dominar el juego, pudo mantener al equipo visitante lejos de su porter\u00eda hasta el tramo final.<\/p>\n\n\n\n<p>A falta de quince minutos, con un Brafa volcado al ataque, el equipo encontr\u00f3 m\u00e1s espacios y pudo ampliar la ventaja (Takeru en el 76\u2019, otra vez en el 85\u2019 y finalmente Guillem en el 82\u2019) hasta poner el definitivo cinco a cero en el marcador.<\/p>\n\n\n\n<p>El equipo sigue sin haber encajado en liga y con pleno de victorias.<\/p>\n\n\n\n<p>El siguiente partido ser\u00e1 el fin de semana del 14 de diciembre, en el campo del Diagonal.<br><\/p>\n\n\n\n<!--nextpage-->\n\n\n\n<p>Neurofutbol 4 &#8211; Juvenil \u201cD\u201d 2<\/p>\n\n\n\n<p>El dissabte passat els nostres nois del Juvenil D van jugar el seu partit fora de casa. Un partit en el qual els nostres van comen\u00e7ar relaxats, la qual cosa va portar com a conseq\u00fc\u00e8ncia que al cap de quinze minuts de joc, els de la Grama anessin perdent 3-0.<\/p>\n\n\n\n<p>Malgrat aix\u00f2, l&#8217;equip no es va donar per ven\u00e7ut i va comen\u00e7ar a fer les coses d&#8217;una manera molt m\u00e9s activa, estant \u00abde gom a gom\u00bb el que va fer que la primera meitat acab\u00e9s amb 3-2 en el marcador.<\/p>\n\n\n\n<p>La segona part va comen\u00e7ar com la primera i dos minuts despr\u00e9s, l&#8217;equip local es posava 4-2. Els nostres van comen\u00e7ar a desmotivar-se i el resultat ja no es va moure.<\/p>\n\n\n\n<p>El seg\u00fcent partit, ja anir\u00e0 millor.<br><\/p>\n\n\n\n<p>Neurofutbol 4 &#8211; Juvenil \u201cD\u201d 2<\/p>\n\n\n\n<p>El s\u00e1bado pasado nuestros chicos del Juvenil D jugaron su partido fuera de casa. Un partido en el que los nuestros empezaron relajados, lo que trajo como consecuencia que a los quince minutos de juego, los de la Grama fueran perdiendo 3-0.<\/p>\n\n\n\n<p>A pesar de esto, el equipo no se dio por vencido y empez\u00f3 a hacer las cosas de una manera mucho m\u00e1s activa, estando \u201ca tope\u201d lo que hizo que la primera mitad acabase con 3-2 en el marcador.<\/p>\n\n\n\n<p>La segunda parte empez\u00f3 como la primera y a los dos minutos, el equipo local se pon\u00eda 4-2. Los nuestros empezaron a desmotivarse y el resultado ya no se movi\u00f3.&nbsp;<\/p>\n\n\n\n<p>El siguiente partido, ya ir\u00e1 mejor.<br><\/p>\n","protected":false},"excerpt":{"rendered":"<p>Vila Ol\u00edmpica 0 &#8211; Juvenil \u201cB\u201d 3 La setmana passada els nostres nois del juvenil B van jugar un partit m\u00e9s pr\u00e0ctic i efectiu que bonic. El partit va transc\u00f3rrer amb un ritme lent i travat on la imprecisi\u00f3 dels dos equips va ser la t\u00f2nica dominant.&nbsp; En la primera part, la Grama no tenia [&hellip;]<\/p>\n","protected":false},"author":1,"featured_media":27535,"comment_status":"closed","ping_status":"closed","sticky":false,"template":"","format":"standard","meta":{"footnotes":""},"categories":[4,6],"tags":[],"class_list":["post-27534","post","type-post","status-publish","format-standard","has-post-thumbnail","hentry","category-base-inclusiu","category-juvenils"],"_links":{"self":[{"href":"http:\/\/fegrama.cat\/web\/wp-json\/wp\/v2\/posts\/27534","targetHints":{"allow":["GET"]}}],"collection":[{"href":"http:\/\/fegrama.cat\/web\/wp-json\/wp\/v2\/posts"}],"about":[{"href":"http:\/\/fegrama.cat\/web\/wp-json\/wp\/v2\/types\/post"}],"author":[{"embeddable":true,"href":"http:\/\/fegrama.cat\/web\/wp-json\/wp\/v2\/users\/1"}],"replies":[{"embeddable":true,"href":"http:\/\/fegrama.cat\/web\/wp-json\/wp\/v2\/comments?post=27534"}],"version-history":[{"count":3,"href":"http:\/\/fegrama.cat\/web\/wp-json\/wp\/v2\/posts\/27534\/revisions"}],"predecessor-version":[{"id":27541,"href":"http:\/\/fegrama.cat\/web\/wp-json\/wp\/v2\/posts\/27534\/revisions\/27541"}],"wp:featuredmedia":[{"embeddable":true,"href":"http:\/\/fegrama.cat\/web\/wp-json\/wp\/v2\/media\/27535"}],"wp:attachment":[{"href":"http:\/\/fegrama.cat\/web\/wp-json\/wp\/v2\/media?parent=27534"}],"wp:term":[{"taxonomy":"category","embeddable":true,"href":"http:\/\/fegrama.cat\/web\/wp-json\/wp\/v2\/categories?post=27534"},{"taxonomy":"post_tag","embeddable":true,"href":"http:\/\/fegrama.cat\/web\/wp-json\/wp\/v2\/tags?post=27534"}],"curies":[{"name":"wp","href":"https:\/\/api.w.org\/{rel}","templated":true}]}}