{"id":27532,"date":"2019-12-02T23:09:14","date_gmt":"2019-12-02T22:09:14","guid":{"rendered":"http:\/\/fegrama.cat\/web\/?p=27532"},"modified":"2019-12-02T23:16:33","modified_gmt":"2019-12-02T22:16:33","slug":"croniques-alevins-amb-una-molt-bona-victoria-pels-de-l-a","status":"publish","type":"post","link":"http:\/\/fegrama.cat\/web\/croniques-alevins-amb-una-molt-bona-victoria-pels-de-l-a\/","title":{"rendered":"Cr\u00f2niques Alevins amb una molt bona vict\u00f2ria pels de l&#8217; \u00abA\u00bb."},"content":{"rendered":"\n<p>Alev\u00ed \u201cA\u201d 4 &#8211; Cinc copes 2<\/p>\n\n\n\n<p>Vict\u00f2ria molt important per a seguir a dalt en la classificaci\u00f3 per part dels nostres nois de l&#8217;Alev\u00ed \u00abA\u00bb. Un partit dur contra un rival molt competitiu que sabia molt b\u00e9 al que jugava.&nbsp;<\/p>\n\n\n\n<p>Els contraris es van avan\u00e7ar 0-1 al principi de la segona part en una jugada espor\u00e0dica, per\u00f2 el nostre equip va reaccionar b\u00e9 i al cap de 5 minuts va remuntar posant el 2 a 1 en el marcador.<\/p>\n\n\n\n<p>Cinc copes va pujar l\u00ednies, i a la contra els nostres, van aconseguir ficar el 3-1 que donava m\u00e9s tranquil\u00b7litat als de la Grama per a afrontar l&#8217;\u00faltim quart de partit. Van fer un GOL\u00c0S de falta per al 3-2 i just despr\u00e9s, en una jugada individual del jugador \u00c0lex va fer el 4-2 final.<br><\/p>\n\n\n\n<p>Alev\u00edn \u201cA\u201d 4 &#8211; Cinco copes 2<\/p>\n\n\n\n<p>Victoria muy importante para seguir arriba en la clasificaci\u00f3n por parte de nuestros chicos del Alev\u00edn \u201cA\u201d. Un partido duro contra un rival muy competitivo que sab\u00eda muy bien a lo que jugaba. Se adelantaron 0-1 al principio de la segunda parte en una jugada espor\u00e1dica, pero nuestro equipo reaccion\u00f3 bien y a los 5 minutos remont\u00f3 y se puso el 2-1 en el marcador.&nbsp;<\/p>\n\n\n\n<p>Cinc Copes subi\u00f3 l\u00edneas y a la contra&nbsp; los nuestros consiguieron meter el 3-1, que daba m\u00e1s tranquilidad a los de la Grama para afrontar el \u00faltimo cuarto de partido. Metieron un golazo de falta para el 3-2 y justo despu\u00e9s, en una jugada individual del jugador Alex se hizo el 4-2 final.<\/p>\n\n\n\n<p><\/p>\n\n\n\n<p><\/p>\n\n\n\n<!--nextpage-->\n\n\n\n<p>Penya Anguera 2 &#8211; Alev\u00ed \u201cC\u201d 2<\/p>\n\n\n\n<p>La setmana passada els nostres petits de l&#8217;Alev\u00ed \u00abC\u00bb van jugar el seu partit fora de casa, on van competir per primera vegada en tots els quarts. Els de Santa Coloma s&#8217;avan\u00e7aven despr\u00e9s del rebuig d&#8217;un c\u00f3rner. En el segon quart, l&#8217;equip local aconseguia l&#8217;empat per\u00f2 els visitants no s&#8217;ensorraven i continuaven competint cada disputa i intentant elaborar el seu joc comminatiu.<\/p>\n\n\n\n<p>En la segona part, la t\u00f2nica va ser la mateixa per als nostres on despr\u00e9s de tornar a avan\u00e7ar-nos 1 a 2 i perdonar l&#8217;1 a 3 en un gran robatori en la sortida de pilota dels contraris. Els locals posaven les taules 3 minuts despr\u00e9s. El marcador no es movia ja en una trobada emocionant fins a l&#8217;\u00faltim minut, on la Fundaci\u00f3 aconseguia un merescut punt davant el set\u00e8 classificat.<br><\/p>\n\n\n\n<p>Penya Anguera 2 &#8211; Alev\u00edn \u201cC\u201d 2<\/p>\n\n\n\n<p>La semana pasado nuestros peque\u00f1os del Alev\u00edn \u201cC\u201d jugaron su partido fuera de casa, donde compitieron por primera vez en todos los cuartos. Los de Santa Coloma se adelantaban tras el rechazo de un c\u00f3rner. En el segundo cuarto, el equipo local consegu\u00eda el empate pero los visitantes no se ven\u00edan abajo y segu\u00edan compitiendo cada disputa e intentando elaborar su juego combinativo.&nbsp;<\/p>\n\n\n\n<p>En la segunda parte la t\u00f3nica fue la misma para los nuestros donde tras volver a adelantarnos 1 a 2 y perdonar el 1 a 3 en un gran robo en la salida de bal\u00f3n de los contrarios. Los locales pon\u00edan las tablas 3 minutos despu\u00e9s. El marcador no se mov\u00eda ya en un encuentro emocionante hasta el \u00faltimo minuto, donde la Fundaci\u00f3n lograba un merecido punto ante el s\u00e9ptimo clasificado.<br><\/p>\n","protected":false},"excerpt":{"rendered":"<p>Alev\u00ed \u201cA\u201d 4 &#8211; Cinc copes 2 Vict\u00f2ria molt important per a seguir a dalt en la classificaci\u00f3 per part dels nostres nois de l&#8217;Alev\u00ed \u00abA\u00bb. Un partit dur contra un rival molt competitiu que sabia molt b\u00e9 al que jugava.&nbsp; Els contraris es van avan\u00e7ar 0-1 al principi de la segona part en una [&hellip;]<\/p>\n","protected":false},"author":1,"featured_media":27323,"comment_status":"closed","ping_status":"closed","sticky":false,"template":"","format":"standard","meta":{"footnotes":""},"categories":[10,4],"tags":[],"class_list":["post-27532","post","type-post","status-publish","format-standard","has-post-thumbnail","hentry","category-alevins","category-base-inclusiu"],"_links":{"self":[{"href":"http:\/\/fegrama.cat\/web\/wp-json\/wp\/v2\/posts\/27532","targetHints":{"allow":["GET"]}}],"collection":[{"href":"http:\/\/fegrama.cat\/web\/wp-json\/wp\/v2\/posts"}],"about":[{"href":"http:\/\/fegrama.cat\/web\/wp-json\/wp\/v2\/types\/post"}],"author":[{"embeddable":true,"href":"http:\/\/fegrama.cat\/web\/wp-json\/wp\/v2\/users\/1"}],"replies":[{"embeddable":true,"href":"http:\/\/fegrama.cat\/web\/wp-json\/wp\/v2\/comments?post=27532"}],"version-history":[{"count":2,"href":"http:\/\/fegrama.cat\/web\/wp-json\/wp\/v2\/posts\/27532\/revisions"}],"predecessor-version":[{"id":27537,"href":"http:\/\/fegrama.cat\/web\/wp-json\/wp\/v2\/posts\/27532\/revisions\/27537"}],"wp:featuredmedia":[{"embeddable":true,"href":"http:\/\/fegrama.cat\/web\/wp-json\/wp\/v2\/media\/27323"}],"wp:attachment":[{"href":"http:\/\/fegrama.cat\/web\/wp-json\/wp\/v2\/media?parent=27532"}],"wp:term":[{"taxonomy":"category","embeddable":true,"href":"http:\/\/fegrama.cat\/web\/wp-json\/wp\/v2\/categories?post=27532"},{"taxonomy":"post_tag","embeddable":true,"href":"http:\/\/fegrama.cat\/web\/wp-json\/wp\/v2\/tags?post=27532"}],"curies":[{"name":"wp","href":"https:\/\/api.w.org\/{rel}","templated":true}]}}