{"id":27528,"date":"2019-12-02T22:58:56","date_gmt":"2019-12-02T21:58:56","guid":{"rendered":"http:\/\/fegrama.cat\/web\/?p=27528"},"modified":"2019-12-02T22:58:59","modified_gmt":"2019-12-02T21:58:59","slug":"partidas-del-juvenil-a-mostrant-un-gran-nivell-i-competint-de-tu-a-tu-a-un-gran-rival","status":"publish","type":"post","link":"http:\/\/fegrama.cat\/web\/partidas-del-juvenil-a-mostrant-un-gran-nivell-i-competint-de-tu-a-tu-a-un-gran-rival\/","title":{"rendered":"Partid\u00e0s del Juvenil A, mostrant un gran nivell i competint \u00abde tu a tu\u00bb a un gran rival."},"content":{"rendered":"\n<figure class=\"wp-block-image size-large\"><img loading=\"lazy\" decoding=\"async\" width=\"1024\" height=\"768\" src=\"http:\/\/fegrama.cat\/web\/wp-content\/uploads\/2019\/12\/WhatsApp-Image-2019-12-02-at-21.03.45-1024x768.jpeg\" alt=\"\" class=\"wp-image-27529\" srcset=\"http:\/\/fegrama.cat\/web\/wp-content\/uploads\/2019\/12\/WhatsApp-Image-2019-12-02-at-21.03.45-1024x768.jpeg 1024w, http:\/\/fegrama.cat\/web\/wp-content\/uploads\/2019\/12\/WhatsApp-Image-2019-12-02-at-21.03.45-300x225.jpeg 300w, http:\/\/fegrama.cat\/web\/wp-content\/uploads\/2019\/12\/WhatsApp-Image-2019-12-02-at-21.03.45-768x576.jpeg 768w, http:\/\/fegrama.cat\/web\/wp-content\/uploads\/2019\/12\/WhatsApp-Image-2019-12-02-at-21.03.45-1536x1152.jpeg 1536w, http:\/\/fegrama.cat\/web\/wp-content\/uploads\/2019\/12\/WhatsApp-Image-2019-12-02-at-21.03.45.jpeg 2048w\" sizes=\"auto, (max-width: 1024px) 100vw, 1024px\" \/><\/figure>\n\n\n\n<p>Juvenil \u201cA\u201d 2 &#8211; FC. Barcelona 2<\/p>\n\n\n\n<p>Partid\u00e0s del Juvenil A, mostrant un gran nivell i competint \u00abde tu a tu\u00bb a un gran rival.<\/p>\n\n\n\n<p>Com diu l&#8217;entrenador: \u00abVem tenir la victoria a tocar\u00bb.<\/p>\n\n\n\n<p>S\u00ed, \u00e9s clar! Els nostres nois del Juvenil \u00abA\u00bb, van tenir la vict\u00f2ria a tocar. El partit es va iniciar amb el domini del rival on semblava que aquests prendrien possessi\u00f3 del partit.&nbsp;<\/p>\n\n\n\n<p>En els primers 25 minuts, als de la Grama els hi costava sortir a camp contrari, tot i defensar-se b\u00e9, el rival no feia ocasions, Malgrat aix\u00f2 la sortida d&#8217;un corner era qui posava el 0-1 amb prefer\u00e8ncia pels contraris.<\/p>\n\n\n\n<p>\u00c9s a partir del minut 25 quan els nostres van ser capa\u00e7os d&#8217;igualar el partit, era on comen\u00e7aven a fer perill sobre l&#8217;\u00e0rea rival, on tenien fases d&#8217;atacs m\u00e9s llargs i arribant per fora. Victor Espejo no tenia problemes a la porteria i l&#8217;equip es mostrava cada vegada m\u00e9s i m\u00e9s s\u00f2lid.<\/p>\n\n\n\n<p>La segona part comen\u00e7ava amb la Grama decidida a remuntar el partit i fer vibrar als Colomencs que omplien la grada de l&#8217;estadi, i aix\u00ed va ser. Desplegant una gran pressi\u00f3 alta i fent moments de gran futbol, feia que els nostres estiguessin molt igualats, fins i tot superiors al rival en diverses ocasions. Sent s\u00f2lids en l&#8217;\u00e0mbit defensiu i amb arribades cont\u00ednues a l&#8217;\u00e0rea del l\u00edder.<\/p>\n\n\n\n<p>Cont\u00ednua el partit i l&#8217;Aleix D\u00edaz empatava fent un GOL\u00c0S. La Grama no es conformava, robant en situacions de perill i al minut 78 arribava una altra vegada gol del mateix jugador, l&#8217;Aleix, en una centrada d&#8217;en Mauri des de l&#8217;esquerra.<\/p>\n\n\n\n<p>Arriba el minut 85 i en una ocasi\u00f3 els contraris van empatar als de la Grama, malgrat aix\u00f2 els nostres no es rendeixen i al descompte l&#8217;Oriol va tenir ocasi\u00f3 per fer el gol de la vict\u00f2ria que no va ser possible.<\/p>\n\n\n\n<p>Igualment, els nostres ho van donar tot i van treballar molt b\u00e9.<br><\/p>\n\n\n\n<!--nextpage-->\n\n\n\n<figure class=\"wp-block-image size-large\"><img loading=\"lazy\" decoding=\"async\" width=\"1024\" height=\"768\" src=\"http:\/\/fegrama.cat\/web\/wp-content\/uploads\/2019\/12\/WhatsApp-Image-2019-12-02-at-21.03.48-1024x768.jpeg\" alt=\"\" class=\"wp-image-27530\" srcset=\"http:\/\/fegrama.cat\/web\/wp-content\/uploads\/2019\/12\/WhatsApp-Image-2019-12-02-at-21.03.48-1024x768.jpeg 1024w, http:\/\/fegrama.cat\/web\/wp-content\/uploads\/2019\/12\/WhatsApp-Image-2019-12-02-at-21.03.48-300x225.jpeg 300w, http:\/\/fegrama.cat\/web\/wp-content\/uploads\/2019\/12\/WhatsApp-Image-2019-12-02-at-21.03.48-768x576.jpeg 768w, http:\/\/fegrama.cat\/web\/wp-content\/uploads\/2019\/12\/WhatsApp-Image-2019-12-02-at-21.03.48-1536x1152.jpeg 1536w, http:\/\/fegrama.cat\/web\/wp-content\/uploads\/2019\/12\/WhatsApp-Image-2019-12-02-at-21.03.48.jpeg 2048w\" sizes=\"auto, (max-width: 1024px) 100vw, 1024px\" \/><\/figure>\n\n\n\n<p>Juvenil \u201cA\u201d 2 &#8211; FC. Barcelona 2<\/p>\n\n\n\n<p>C\u00f3mo dice el entrenador: \u00abCasi tocamos la victoria\u00bb.<\/p>\n\n\n\n<p>\u00a1S\u00ed, est\u00e1 claro! Nuestros chicos del Juvenil \u00abA\u00bb, tuvieron la victoria a tocar. El partido se inici\u00f3 con el dominio del rival donde parec\u00eda que estos tomar\u00edan posesi\u00f3n del partido.<\/p>\n\n\n\n<p>En los primeros 25 minutos, a los de la Grama les costaba salir a campo contrario, a pesar de defenderse bien, el rival no hac\u00eda ocasiones, a pesar de esto, la salida de un c\u00f3rner era quien pon\u00eda el 0-1 en preferencia para los contrarios.<\/p>\n\n\n\n<p>Es a partir del minuto 25 cuando los nuestros fueron capaces de igualar el partido, era donde empezaban a crear peligro sobre el \u00e1rea rival, donde ten\u00edan fases de ataques m\u00e1s largos y llegando por fuera. Victor Espejo no ten\u00eda problemas en la porter\u00eda y el equipo se mostraba cada vez m\u00e1s y m\u00e1s s\u00f3lido.<\/p>\n\n\n\n<p>La segunda parte empezaba con la Grama decidida a remontar el partido y hacer vibrar a los Colomenses que llenaban la grada del estadio, y as\u00ed fue. Desplegando una gran presi\u00f3n alta y haciendo momentos de gran f\u00fatbol, hac\u00eda que los nuestros estuvieran muy igualados, incluso superiores al rival en varias ocasiones. Siendo s\u00f3lidos en el \u00e1mbito defensivo y con llegadas continuas en el \u00e1rea del l\u00edder.<\/p>\n\n\n\n<p>Continua el partido y Aleix D\u00edaz empataba marcando un GOLAZO. La Grama no se conformaba, robando en situaciones de peligro y en el minuto 78 llegaba otra vez gol del mismo jugador, Aleix, en una centrada de Mauri desde la izquierda.<\/p>\n\n\n\n<p>Llega el minuto 85 y en una ocasi\u00f3n los contrarios empataron a los de la Grama, a pesar de esto los nuestros no se rinden y en el descuento, Oriol tuvo ocasi\u00f3n para hacer el gol de la victoria que no fue posible.<\/p>\n\n\n\n<p>Igualmente, los nuestros lo dieron todo y trabajaron muy bien.<br><\/p>\n","protected":false},"excerpt":{"rendered":"<p>Juvenil \u201cA\u201d 2 &#8211; FC. Barcelona 2 Partid\u00e0s del Juvenil A, mostrant un gran nivell i competint \u00abde tu a tu\u00bb a un gran rival. Com diu l&#8217;entrenador: \u00abVem tenir la victoria a tocar\u00bb. S\u00ed, \u00e9s clar! Els nostres nois del Juvenil \u00abA\u00bb, van tenir la vict\u00f2ria a tocar. El partit es va iniciar amb [&hellip;]<\/p>\n","protected":false},"author":1,"featured_media":27529,"comment_status":"closed","ping_status":"closed","sticky":false,"template":"","format":"standard","meta":{"footnotes":""},"categories":[4,6],"tags":[],"class_list":["post-27528","post","type-post","status-publish","format-standard","has-post-thumbnail","hentry","category-base-inclusiu","category-juvenils"],"_links":{"self":[{"href":"http:\/\/fegrama.cat\/web\/wp-json\/wp\/v2\/posts\/27528","targetHints":{"allow":["GET"]}}],"collection":[{"href":"http:\/\/fegrama.cat\/web\/wp-json\/wp\/v2\/posts"}],"about":[{"href":"http:\/\/fegrama.cat\/web\/wp-json\/wp\/v2\/types\/post"}],"author":[{"embeddable":true,"href":"http:\/\/fegrama.cat\/web\/wp-json\/wp\/v2\/users\/1"}],"replies":[{"embeddable":true,"href":"http:\/\/fegrama.cat\/web\/wp-json\/wp\/v2\/comments?post=27528"}],"version-history":[{"count":1,"href":"http:\/\/fegrama.cat\/web\/wp-json\/wp\/v2\/posts\/27528\/revisions"}],"predecessor-version":[{"id":27531,"href":"http:\/\/fegrama.cat\/web\/wp-json\/wp\/v2\/posts\/27528\/revisions\/27531"}],"wp:featuredmedia":[{"embeddable":true,"href":"http:\/\/fegrama.cat\/web\/wp-json\/wp\/v2\/media\/27529"}],"wp:attachment":[{"href":"http:\/\/fegrama.cat\/web\/wp-json\/wp\/v2\/media?parent=27528"}],"wp:term":[{"taxonomy":"category","embeddable":true,"href":"http:\/\/fegrama.cat\/web\/wp-json\/wp\/v2\/categories?post=27528"},{"taxonomy":"post_tag","embeddable":true,"href":"http:\/\/fegrama.cat\/web\/wp-json\/wp\/v2\/tags?post=27528"}],"curies":[{"name":"wp","href":"https:\/\/api.w.org\/{rel}","templated":true}]}}