{"id":27522,"date":"2019-12-02T21:57:47","date_gmt":"2019-12-02T20:57:47","guid":{"rendered":"http:\/\/fegrama.cat\/web\/?p=27522"},"modified":"2019-12-26T11:16:49","modified_gmt":"2019-12-26T10:16:49","slug":"juan-camilo-es-cessat","status":"publish","type":"post","link":"http:\/\/fegrama.cat\/web\/juan-camilo-es-cessat\/","title":{"rendered":"Juan Camilo \u00e9s cessat."},"content":{"rendered":"\n<figure class=\"wp-block-gallery columns-1 is-cropped wp-block-gallery-1 is-layout-flex wp-block-gallery-is-layout-flex\"><ul class=\"blocks-gallery-grid\"><li class=\"blocks-gallery-item\"><figure><img loading=\"lazy\" decoding=\"async\" width=\"1024\" height=\"683\" src=\"http:\/\/fegrama.cat\/web\/wp-content\/uploads\/2019\/12\/PHOTO-2019-11-24-15-39-19-1024x683.jpg\" alt=\"\" data-id=\"27523\" data-full-url=\"http:\/\/fegrama.cat\/web\/wp-content\/uploads\/2019\/12\/PHOTO-2019-11-24-15-39-19.jpg\" data-link=\"http:\/\/fegrama.cat\/web\/?attachment_id=27523\" class=\"wp-image-27523\" srcset=\"http:\/\/fegrama.cat\/web\/wp-content\/uploads\/2019\/12\/PHOTO-2019-11-24-15-39-19-1024x683.jpg 1024w, http:\/\/fegrama.cat\/web\/wp-content\/uploads\/2019\/12\/PHOTO-2019-11-24-15-39-19-300x200.jpg 300w, http:\/\/fegrama.cat\/web\/wp-content\/uploads\/2019\/12\/PHOTO-2019-11-24-15-39-19-768x512.jpg 768w, http:\/\/fegrama.cat\/web\/wp-content\/uploads\/2019\/12\/PHOTO-2019-11-24-15-39-19-1536x1024.jpg 1536w, http:\/\/fegrama.cat\/web\/wp-content\/uploads\/2019\/12\/PHOTO-2019-11-24-15-39-19.jpg 1620w\" sizes=\"auto, (max-width: 1024px) 100vw, 1024px\" \/><figcaption class=\"blocks-gallery-item__caption\">Juan Camilo en un partit al Municial (FOTO: JOAN VILLAGRASA)<\/figcaption><\/figure><\/li><\/ul><\/figure>\n\n\n\n<p>La Junta Directiva de la Fundaci\u00f3 Esportiva Grama vol comunicar el\ncessament de Juan Camilo&nbsp; V\u00e1zquez com a\nt\u00e8cnic del Primer Equip.<\/p>\n\n\n\n<p>Per tots nosaltres, per\u00f2 en\nespecial pel nostre President, \u00e9s una decisi\u00f3 dif\u00edcil perqu\u00e8 valorem la feina\nque ha desenvolupat Camilo a la nostra Entitat i per l\u2019estima personal que ha\ndespertat en tots nosaltres.<\/p>\n\n\n\n<p>Encara aix\u00ed creiem que l\u2019equip\nnecessita un canvi de din\u00e0mica i a dins d\u2019un vestidor la figura de l\u2019entrenador\n\u00e9s la m\u00e9s d\u00e8bil i la primera sobre la que recau la responsabilitat en aquestes situacions.<\/p>\n\n\n\n<p>Repetim que no \u00e9s una\ndecisi\u00f3 f\u00e0cil per cap dels membres d\u2019aquesta Junta Directiva per\u00f2 sempre\nintentem buscar el millor pel nostre club. Aix\u00ed, li desitgem molta sort a Juan\nCamilo V\u00e1zquez en el seu futur perqu\u00e8 creiem que la mereix i perqu\u00e8 sabem que\n\u00e9s un gran professional.<\/p>\n\n\n\n<p>Pel que fa al seu substitut\na la banqueta, aclarim que no hi ha cap decisi\u00f3 al respecte, que la Direcci\u00f3\nEsportiva est\u00e0 buscant un perfil determinat i que quan es trobi la persona\nindicada, des de la nostra web oficial, ho comunicarem.<\/p>\n\n\n\n<p>&#8212;&#8212;&#8212;&#8212;&#8212;&#8212;&#8212;&#8212;&#8212;&#8212;&#8212;&#8212;&#8212;&#8212;&#8212;&#8212;&#8212;&#8212;&#8212;&#8212;&#8212;&#8212;&#8212;&#8212;&#8212;&#8212;&#8212;&#8212;&#8212;&#8212;&#8212;&#8212;&#8212;&#8212;&#8212;&#8212;&#8212;&#8212;&#8211;<\/p>\n\n\n\n<p>La Junta Directiva del Fundaci\u00f3 Esportiva Grama quiere comunicar el\ncese de Juan Camilo V\u00e1zquez como t\u00e9cnico del Primer Equipo.<\/p>\n\n\n\n<p>Para todos nosotros, pero en especial para nuestro Presidente, es una\ndecisi\u00f3n dif\u00edcil &nbsp;porque valoramos el\ntrabajo que ha realizado Camilo en nuestra Entidad y por la estima personal que\nha despertado en todos nosotros.<\/p>\n\n\n\n<p>A\u00fan as\u00ed creemos que el equipo necesita un cambio de din\u00e1mica y dentro\nde un vestuario la figura del entrenador es la m\u00e1s d\u00e9bil y la primera sobre la\nque recae la responsabilidad en estas situaciones.<\/p>\n\n\n\n<p>Repetimos que no es una decisi\u00f3n f\u00e1cil para ninguno de los miembros de\nesta Junta&nbsp; pero siempre intentamos\nbuscar lo mejor para nuestro Club. As\u00ed, le deseamos mucha suerte a Juan Camilo\nV\u00e1zquez en su futuro porque creemos que la merece y porque sabemos que es un\ngran profesional.<\/p>\n\n\n\n<p>Por lo que respecta a su sustituto en el banquillo, aclaramos que no\nhay ninguna decisi\u00f3n al respecto, que la Direcci\u00f3n Deportiva est\u00e1 buscando un\nperfil determinado y que cuando encontremos a la persona indicada, desde\nnuestra web oficial, lo comunicaremos.<\/p>\n","protected":false},"excerpt":{"rendered":"<p>La Junta Directiva de la Fundaci\u00f3 Esportiva Grama vol comunicar el cessament de Juan Camilo&nbsp; V\u00e1zquez com a t\u00e8cnic del Primer Equip. Per tots nosaltres, per\u00f2 en especial pel nostre President, \u00e9s una decisi\u00f3 dif\u00edcil perqu\u00e8 valorem la feina que ha desenvolupat Camilo a la nostra Entitat i per l\u2019estima personal que ha despertat en [&hellip;]<\/p>\n","protected":false},"author":1,"featured_media":27523,"comment_status":"closed","ping_status":"closed","sticky":false,"template":"","format":"standard","meta":{"footnotes":""},"categories":[14],"tags":[],"class_list":["post-27522","post","type-post","status-publish","format-standard","has-post-thumbnail","hentry","category-noticies"],"_links":{"self":[{"href":"http:\/\/fegrama.cat\/web\/wp-json\/wp\/v2\/posts\/27522","targetHints":{"allow":["GET"]}}],"collection":[{"href":"http:\/\/fegrama.cat\/web\/wp-json\/wp\/v2\/posts"}],"about":[{"href":"http:\/\/fegrama.cat\/web\/wp-json\/wp\/v2\/types\/post"}],"author":[{"embeddable":true,"href":"http:\/\/fegrama.cat\/web\/wp-json\/wp\/v2\/users\/1"}],"replies":[{"embeddable":true,"href":"http:\/\/fegrama.cat\/web\/wp-json\/wp\/v2\/comments?post=27522"}],"version-history":[{"count":1,"href":"http:\/\/fegrama.cat\/web\/wp-json\/wp\/v2\/posts\/27522\/revisions"}],"predecessor-version":[{"id":27524,"href":"http:\/\/fegrama.cat\/web\/wp-json\/wp\/v2\/posts\/27522\/revisions\/27524"}],"wp:featuredmedia":[{"embeddable":true,"href":"http:\/\/fegrama.cat\/web\/wp-json\/wp\/v2\/media\/27523"}],"wp:attachment":[{"href":"http:\/\/fegrama.cat\/web\/wp-json\/wp\/v2\/media?parent=27522"}],"wp:term":[{"taxonomy":"category","embeddable":true,"href":"http:\/\/fegrama.cat\/web\/wp-json\/wp\/v2\/categories?post=27522"},{"taxonomy":"post_tag","embeddable":true,"href":"http:\/\/fegrama.cat\/web\/wp-json\/wp\/v2\/tags?post=27522"}],"curies":[{"name":"wp","href":"https:\/\/api.w.org\/{rel}","templated":true}]}}