{"id":27516,"date":"2019-12-01T21:45:48","date_gmt":"2019-12-01T20:45:48","guid":{"rendered":"http:\/\/fegrama.cat\/web\/?p=27516"},"modified":"2019-12-01T21:45:49","modified_gmt":"2019-12-01T20:45:49","slug":"un-cap-de-setmana-dolent-pels-nostres-petitons","status":"publish","type":"post","link":"http:\/\/fegrama.cat\/web\/un-cap-de-setmana-dolent-pels-nostres-petitons\/","title":{"rendered":"Un cap de setmana dolent pels nostres petitons."},"content":{"rendered":"\n<p>Prebenjam\u00ed \u201cA\u201d 2 &#8211; Sarri\u00e0 6<\/p>\n\n\n\n<p>El dissabte els nostres petits del Prebenjam\u00ed A van jugar el seu partit de la setmana contra el Sarri\u00e0. Un partit on la falta d&#8217;intensitat del primer quart, penalitza molt als nostres. El rival aprofitant errors i la poca contund\u00e8ncia en pilotes defensives, es posa a 0-4 en els primers minuts. En el segon per\u00edode es veu una millora per part dels de la Grama, per\u00f2 sense sort de cara al gol. Els contraris aprofiten aix\u00f2 i es va al descans un 0-5.<\/p>\n\n\n\n<p>En la represa del partit els nostres tenen uns minuts molt bons que es tradueixen en dos gols, obra d&#8217;Iker i Manolo. La Grama es bolca en atac i per moments s&#8217;albira la possibilitat de remuntar&#8230; Un \u00faltim gol del Sarri\u00e0 d\u00f3na per liquidat la trobada.<\/p>\n\n\n\n<p>L&#8217;entrenador: Dura derrota per a un equip que ha de continuar creixent en un grup molt igualat on qualsevol rival pot guanyar. A continuar treballant nois.<\/p>\n\n\n\n<p><\/p>\n\n\n\n<p><\/p>\n\n\n\n<p>Prebenjam\u00edn \u201cA\u201d 2 &#8211; Sarria 6<\/p>\n\n\n\n<p>El s\u00e1bado nuestros peque\u00f1os del Prebenjam\u00edn A, jugaron su partido de la semana contra el Sarria. Un partido donde la falta de intensidad del primer cuarto, penaliza mucho a los nuestros. El rival aprovechando errores y la poca contundencia en balones defensivos, se pone a 0-4 en los primeros minutos. En el segundo periodo se ve una mejor\u00eda por parte de los de la Grama, pero sin suerte de cara al gol. Los contrarios aprovechan eso y se va al descanso un 0-5.<\/p>\n\n\n\n<p>En la reanudaci\u00f3n del partido los nuestros tienen unos minutos muy buenos que se traducen en dos goles, obra de Iker y Manolo. La Grama se vuelca en ataque y por momentos se vislumbra la posibilidad de remontar&#8230; Un \u00faltimo gol del Sarria da por finiquitado el encuentro.<\/p>\n\n\n\n<p>El entrenador: Dura derrota para un equipo que debe seguir creciendo en un grupo muy igualado donde cualquier rival puede ganar. A seguir trabajando chicos.<\/p>\n\n\n\n<!--nextpage-->\n\n\n\n<p>Pomar 2 &#8211; Prebenjam\u00ed \u201cB\u201d 0<\/p>\n\n\n\n<p>Els nostres petitons del Prebenjam\u00ed B, van comen\u00e7ar el seu partit del dissabte molt concentrats. Sabien que era un partit molt dif\u00edcil per a ells, que van a dalt en la classificaci\u00f3 i s\u00f3n Prebenjamins de primer any. Van sortir amb moltes ganes i for\u00e7a, van crear moltes oportunitats i no van deixar que els contraris ataquessin, no deixaven que els de casa toquessin pilota. Als nostres els faltava acabar de marcar el gol.<\/p>\n\n\n\n<p>Va arribar la primera meitat amb un empat en el marcador. Va haver-hi un canvi de t\u00e0ctica dels nostres a veure si donaven for\u00e7a en el mitj\u00e0 per aix\u00ed poder crear m\u00e9s oportunitats per a ficar la pilota en la porteria. \u00c9s aix\u00ed, per\u00f2 els de la Grama continuaven fallant a dalt.<\/p>\n\n\n\n<p>Arriba el final del tercer quart i els contraris fiquen el primer gol. Els nostres es desanimen i comencen a \u00abperdre\u00bb posici\u00f3, per\u00f2 aix\u00ed i tot continuen lluitant encara amb la \u00abposici\u00f3 perduda\u00bb. Els de casa marquen el seu segon i definitiu gol, on s&#8217;acaba el partit amb 2-0 a favor d&#8217;ells. Aix\u00ed i tot, els nostres van tenir una molt bona actitud perqu\u00e8 van lluitar i es van deixar la pell, per\u00f2 quan la pilota no vol entrar, no entra. L&#8217;entrenador es mostra molt content pel joc dels seus i la lluita constant, malgrat que aquesta vegada no ha pogut ser, la setmana que ve es tornar\u00e0 a intentar.<br><\/p>\n\n\n\n<p>Pomar 2 &#8211; Prebenjam\u00ed \u201cB\u201d 0<\/p>\n\n\n\n<p>Nuestros peque\u00f1itos del Prebenjam\u00edn B, empezaron su partido del s\u00e1bado muy concentrados. Sab\u00edan que era un partido muy dif\u00edcil para ellos, que van arriba en la clasificaci\u00f3n y son Prebenjamines de primer a\u00f1o. Salieron con muchas ganas y fuerza, crearon muchas oportunidades y no dejaron que los contrarios atacaran, no dejaban que los de casa tocasen bal\u00f3n. A los nuestros les faltaba acabar a marcar el gol.<\/p>\n\n\n\n<p>Lleg\u00f3 la primera mitad con un empate en el marcador. Hubo un cambio de t\u00e1ctica de los nuestros a ver si daban fuerza en el medio pero as\u00ed pod\u00edan crear m\u00e1s oportunidades para meter la pelota en la porter\u00eda. Es as\u00ed pero los de la Grama segu\u00edan fallando arriba.<\/p>\n\n\n\n<p>Llega el final del tercer cuarto y los contrarios meten el primer gol. Los nuestros se desaniman y empiezan a \u201cperder\u201d posici\u00f3n, pero aun as\u00ed siguen luchando a\u00fan con la \u201cposici\u00f3n perdida\u201d. Los de casa marcan su segundo y definitivo gol, donde se acaba el partido con 2-0 a favor de ellos. Aun as\u00ed los nuestros tuvieron una muy buena actitud porque lucharon y se dejaron la piel, pero cuando el bal\u00f3n no quiere entrar, no entra. El entrenador se muestra muy contento por el juego de los suyos y la lucha constante, a pesar de que esta vez no ha podido ser, la semana que viene se volver\u00e1 a intentar.<br><\/p>\n","protected":false},"excerpt":{"rendered":"<p>Prebenjam\u00ed \u201cA\u201d 2 &#8211; Sarri\u00e0 6 El dissabte els nostres petits del Prebenjam\u00ed A van jugar el seu partit de la setmana contra el Sarri\u00e0. Un partit on la falta d&#8217;intensitat del primer quart, penalitza molt als nostres. El rival aprofitant errors i la poca contund\u00e8ncia en pilotes defensives, es posa a 0-4 en els [&hellip;]<\/p>\n","protected":false},"author":1,"featured_media":27227,"comment_status":"closed","ping_status":"closed","sticky":false,"template":"","format":"standard","meta":{"footnotes":""},"categories":[4,12],"tags":[],"class_list":["post-27516","post","type-post","status-publish","format-standard","has-post-thumbnail","hentry","category-base-inclusiu","category-prebenjamins"],"_links":{"self":[{"href":"http:\/\/fegrama.cat\/web\/wp-json\/wp\/v2\/posts\/27516","targetHints":{"allow":["GET"]}}],"collection":[{"href":"http:\/\/fegrama.cat\/web\/wp-json\/wp\/v2\/posts"}],"about":[{"href":"http:\/\/fegrama.cat\/web\/wp-json\/wp\/v2\/types\/post"}],"author":[{"embeddable":true,"href":"http:\/\/fegrama.cat\/web\/wp-json\/wp\/v2\/users\/1"}],"replies":[{"embeddable":true,"href":"http:\/\/fegrama.cat\/web\/wp-json\/wp\/v2\/comments?post=27516"}],"version-history":[{"count":1,"href":"http:\/\/fegrama.cat\/web\/wp-json\/wp\/v2\/posts\/27516\/revisions"}],"predecessor-version":[{"id":27517,"href":"http:\/\/fegrama.cat\/web\/wp-json\/wp\/v2\/posts\/27516\/revisions\/27517"}],"wp:featuredmedia":[{"embeddable":true,"href":"http:\/\/fegrama.cat\/web\/wp-json\/wp\/v2\/media\/27227"}],"wp:attachment":[{"href":"http:\/\/fegrama.cat\/web\/wp-json\/wp\/v2\/media?parent=27516"}],"wp:term":[{"taxonomy":"category","embeddable":true,"href":"http:\/\/fegrama.cat\/web\/wp-json\/wp\/v2\/categories?post=27516"},{"taxonomy":"post_tag","embeddable":true,"href":"http:\/\/fegrama.cat\/web\/wp-json\/wp\/v2\/tags?post=27516"}],"curies":[{"name":"wp","href":"https:\/\/api.w.org\/{rel}","templated":true}]}}