{"id":27477,"date":"2019-11-25T19:19:54","date_gmt":"2019-11-25T18:19:54","guid":{"rendered":"http:\/\/fegrama.cat\/web\/?p=27477"},"modified":"2019-11-25T19:19:56","modified_gmt":"2019-11-25T18:19:56","slug":"croniques-dels-benjamins-amb-la-victoria-del-b-i-el-d","status":"publish","type":"post","link":"http:\/\/fegrama.cat\/web\/croniques-dels-benjamins-amb-la-victoria-del-b-i-el-d\/","title":{"rendered":"Cr\u00f2niques dels Benjamins amb la vict\u00f2ria del \u00abB\u00bb i el \u00abD\u00bb."},"content":{"rendered":"\n<p>Benjam\u00ed \u201cB\u201d 3 &#8211; Fundaci\u00f3 P.E Europa 2<\/p>\n\n\n\n<p>El s\u00e1bado se jug\u00f3 la octava jornada del Benjam\u00edn B un partido en casa contra el Europa. Fue un mal partido para los nuestros. Un partido para aprender los errores cometidos, un partido jugado sin actitud ni intensidad.<\/p>\n\n\n\n<p>El primer cuarto ya presagiaba que los nuestros no estaban metidos y apenas llegaron oportunidades, no acababan de jugar con tranquilidad. El segundo cuarto tampoco se mejor\u00f3 y as\u00ed llegaron 2 goles que hubieran tenido que dar \u00e1nimo al equipo.<\/p>\n\n\n\n<p>El tercero y el cuarto, llegaron 2 goles para el rival que parec\u00eda presagiar un empate, pero la suerte se aline\u00f3 con el equipo y en el \u00faltimo segundo los nuestros con un chute desde fuera del \u00e1rea que nos daban los 3 puntos.<\/p>\n\n\n\n<p>El rival plante\u00f3 el partido con un buen posicionamiento defensivo y las 2 \u00fanicas veces que llegaron fueron dos goles.<\/p>\n\n\n\n<p>La semana que viene jugamos contra el l\u00edder y deberemos cambiar o con un partido as\u00ed no podremos competir como realmente sabe este equipo.<\/p>\n\n\n\n<p><\/p>\n\n\n\n<p><\/p>\n\n\n\n<p>Benjam\u00ed \u201cB\u201d 3 &#8211; Fundaci\u00f3n P.E Europa 2<\/p>\n\n\n\n<p>El dissabte es va jugar la vuitena jornada del Benjam\u00ed B un partit a casa contra l&#8217;Europa. Va ser un partit dolent pels nostres. Un partit per aprendre els errors comesos, un partit jugat sense actitud ni intensitat.<\/p>\n\n\n\n<p>En el primer quart ja presagiava que els nostres no estaven ficats i a penes van arribar oportunitats, no acabaven de jugar amb tranquil\u00b7litat. El segon quart tampoc es va millorar i aix\u00ed van arribar 2 gols que haguessin hagut de donar \u00e0nim a l&#8217;equip.<\/p>\n\n\n\n<p>En el tercer i el quart, van arribar 2 gols per al rival que semblava presagiar un empat, per\u00f2 la sort es va alinear amb l&#8217;equip i en l&#8217;\u00faltim segon els nostres amb un xut des de fora de l&#8217;\u00e0rea que ens donaven els 3 punts.<\/p>\n\n\n\n<p>El rival va plantejar el partit amb un bon posicionament defensiu i les 2 \u00faniques vegades que van arribar van ser dos gols.<\/p>\n\n\n\n<p>La setmana que ve juguem contra el l\u00edder i haurem de canviar o amb un partit aix\u00ed no podrem competir com realment sap aquest equip.<br><\/p>\n\n\n\n<!--nextpage-->\n\n\n\n<p>Pomar 2- Benjam\u00ed \u201cC\u201d 1<\/p>\n\n\n\n<p>El dissabte es disputava fora de casa el partit del Pomar contra els nostres del Benjam\u00ed C, un partit molt seri\u00f3s contra un equip que es troba en la zona alta de la taula. En la primera part els nostres a penes van tenir ocasions per a avan\u00e7ar-se perqu\u00e8 els locals feien pressi\u00f3 alta fixant als laterals de la Grama. Els nostres van cometre errors en la sortida de pilota que els va penalitzar, perqu\u00e8 en un contraatac el rival va aconseguir marcar el 1-0.<\/p>\n\n\n\n<p>El segon quart va ser un domini dels locals, que tenien m\u00e9s poder f\u00edsic al mig camp i aconseguien arribar a l&#8217;\u00e0rea amb facilitat. En el tercer quart, van marcar de manera primerenca, aprofitant la falta de concentraci\u00f3 dels nostres. No obstant aix\u00f2, els blaus van tenir moltes ocasions que no van saber materialitzar per falta de rapidesa. En l&#8217;\u00faltim quart, els de la Grama van decidir canviar el sistema per un molt m\u00e9s ofensiu i van aconseguir arribar a l&#8217;\u00e0rea rival amb m\u00e9s facilitat, amb una pressi\u00f3 molt alta que no els deixava sortir amb la pilota jugada. Al final del partit la Grama va aconseguir retallar dist\u00e0ncies, per\u00f2 no va haver-hi temps per a m\u00e9s.<\/p>\n\n\n\n<p>L&#8217;equip est\u00e0 entrant en una din\u00e0mica molt positiva. Aquestes \u00faltimes setmanes han jugat contra els primers classificats, per\u00f2 estem segurs que aviat arribaran els bons resultats, fruit del treball i esfor\u00e7.<br><\/p>\n\n\n\n<p><\/p>\n\n\n\n<p><\/p>\n\n\n\n<p>Pomar 2- Benjam\u00edn \u201cC\u201d 1<\/p>\n\n\n\n<p>El s\u00e1bado se disputaba fuera de casa el partido del Pomar contra los nuestros del Benjam\u00edn C, un partido muy serio contra un equipo que se encuentra en la zona alta de la tabla. En la primera parte los nuestros apenas tuvieron ocasiones para adelantarse porque los locales hac\u00edan presi\u00f3n alta fijando a los laterales de la Grama. Los nuestros cometieron errores en la salida de bal\u00f3n que les penaliz\u00f3, porque en un contraataque el rival consigui\u00f3 marcar el 1-0.<\/p>\n\n\n\n<p>El segundo cuarto fue un dominio de los locales, que ten\u00edan m\u00e1s poder\u00edo f\u00edsico en medio campo y lograban llegar al \u00e1rea con facilidad. En el tercer cuarto, marcaron de manera temprana, aprovechando la falta de concentraci\u00f3n de los nuestros. No obstante, los azules tuvieron muchas ocasiones que no supieron materializar por falta de rapidez. En el \u00faltimo cuarto los de la Grama decidieron cambiar el sistema por uno mucho m\u00e1s ofensivo y lograron llegar al \u00e1rea rival con m\u00e1s facilidad, con una presi\u00f3n muy alta que no les dejaba salir con el bal\u00f3n jugado. Al final del partido la Grama logr\u00f3 recortar distancias, pero no hubo tiempo para m\u00e1s.<\/p>\n\n\n\n<p>El equipo est\u00e1 entrando en una din\u00e1mica muy positiva. Estas \u00faltimas semanas han jugado contra los primeros clasificados, pero estamos seguros de que pronto llegar\u00e1n los buenos resultados, fruto del trabajo y esfuerzo.<br><\/p>\n\n\n\n<!--nextpage-->\n\n\n\n<figure class=\"wp-block-image size-large\"><img loading=\"lazy\" decoding=\"async\" width=\"1024\" height=\"768\" src=\"http:\/\/fegrama.cat\/web\/wp-content\/uploads\/2019\/11\/benjami\u0301-D-1024x768.jpeg\" alt=\"\" class=\"wp-image-27478\" srcset=\"http:\/\/fegrama.cat\/web\/wp-content\/uploads\/2019\/11\/benjami\u0301-D-1024x768.jpeg 1024w, http:\/\/fegrama.cat\/web\/wp-content\/uploads\/2019\/11\/benjami\u0301-D-300x225.jpeg 300w, http:\/\/fegrama.cat\/web\/wp-content\/uploads\/2019\/11\/benjami\u0301-D-768x576.jpeg 768w, http:\/\/fegrama.cat\/web\/wp-content\/uploads\/2019\/11\/benjami\u0301-D-1536x1152.jpeg 1536w, http:\/\/fegrama.cat\/web\/wp-content\/uploads\/2019\/11\/benjami\u0301-D.jpeg 2000w\" sizes=\"auto, (max-width: 1024px) 100vw, 1024px\" \/><\/figure>\n\n\n\n<p>Hospitalet 1- Benjam\u00ed \u201cD\u201d 3<\/p>\n\n\n\n<p>La setmana passada el Benjam\u00ed D va disputar la seva setena jornada contra l\u2019Hospitalet, aquesta vegada fora de casa.<\/p>\n\n\n\n<p>En l&#8217;inici del primer quart, els nostres van tenir el domini del joc amb les millors ocasions, per\u00f2 malgrat aix\u00f2 la pilota no entrava a porteria. Va arribar el segon quart on els blaus seguien amb la mateixa intensitat, per\u00f2 un mal rebuig en la frontal de l&#8217;\u00e0rea va fer que s&#8217;encaix\u00e9s l&#8217;1-0 per part dels contraris. En el tercer quart, es va seguir amb la insist\u00e8ncia de marcar per part dels nostres, per\u00f2 la bona sort no estava de part dels blaus a l&#8217;hora de marcar el gol. Van arribar aix\u00ed a l&#8217;\u00faltim quart on en una falta en el lateral de l&#8217;\u00e0rea, un dels nostres amb un xut dur, va sorprendre el porter contrari. Despr\u00e9s d&#8217;aix\u00f2 la Grama va continuar pressionant a dalt i seguidament es va marcar el segon i tercer gol acabant aix\u00ed en 1-3 amb una vict\u00f2ria per als nostres petits.<br><\/p>\n\n\n\n<p><\/p>\n\n\n\n<p><\/p>\n\n\n\n<p>Hospitalet 1- Benjam\u00edn \u201cD\u201d 3<\/p>\n\n\n\n<p>La semana pasada los del Benjam\u00edn D disputaron su s\u00e9ptima jornada fuera de casa contra el Hospitalet.<\/p>\n\n\n\n<p>En el inicio del primer cuarto, los nuestros tuvieron el dominio del juego con las mejores ocasiones, pero a pesar de esto el bal\u00f3n no entraba. Lleg\u00f3 el segundo cuarto donde los azules segu\u00edan con la misma intensidad, pero un mal rechazo en la frontal del \u00e1rea hizo que se encajase el 1-0. En el tercer cuarto, se sigui\u00f3 con la insistencia de marcar por parte de los nuestros, pero la buena suerte no estaba de parte de los azules a la hora de marcar el gol. Llegaron as\u00ed al \u00faltimo cuarto donde en una falta en el lateral del \u00e1rea, uno de los nuestros con un chute duro sorprendi\u00f3 al portero contrario. Despu\u00e9s de esto la Grama sigui\u00f3 presionando arriba y seguidamente se marc\u00f3 el segundo y tercer gol acabando as\u00ed en 1-3 con una victoria para nuestros peque\u00f1os.<br><\/p>\n","protected":false},"excerpt":{"rendered":"<p>Benjam\u00ed \u201cB\u201d 3 &#8211; Fundaci\u00f3 P.E Europa 2 El s\u00e1bado se jug\u00f3 la octava jornada del Benjam\u00edn B un partido en casa contra el Europa. Fue un mal partido para los nuestros. Un partido para aprender los errores cometidos, un partido jugado sin actitud ni intensidad. El primer cuarto ya presagiaba que los nuestros no [&hellip;]<\/p>\n","protected":false},"author":1,"featured_media":27478,"comment_status":"closed","ping_status":"closed","sticky":false,"template":"","format":"standard","meta":{"footnotes":""},"categories":[4,11],"tags":[],"class_list":["post-27477","post","type-post","status-publish","format-standard","has-post-thumbnail","hentry","category-base-inclusiu","category-benjamins"],"_links":{"self":[{"href":"http:\/\/fegrama.cat\/web\/wp-json\/wp\/v2\/posts\/27477","targetHints":{"allow":["GET"]}}],"collection":[{"href":"http:\/\/fegrama.cat\/web\/wp-json\/wp\/v2\/posts"}],"about":[{"href":"http:\/\/fegrama.cat\/web\/wp-json\/wp\/v2\/types\/post"}],"author":[{"embeddable":true,"href":"http:\/\/fegrama.cat\/web\/wp-json\/wp\/v2\/users\/1"}],"replies":[{"embeddable":true,"href":"http:\/\/fegrama.cat\/web\/wp-json\/wp\/v2\/comments?post=27477"}],"version-history":[{"count":1,"href":"http:\/\/fegrama.cat\/web\/wp-json\/wp\/v2\/posts\/27477\/revisions"}],"predecessor-version":[{"id":27479,"href":"http:\/\/fegrama.cat\/web\/wp-json\/wp\/v2\/posts\/27477\/revisions\/27479"}],"wp:featuredmedia":[{"embeddable":true,"href":"http:\/\/fegrama.cat\/web\/wp-json\/wp\/v2\/media\/27478"}],"wp:attachment":[{"href":"http:\/\/fegrama.cat\/web\/wp-json\/wp\/v2\/media?parent=27477"}],"wp:term":[{"taxonomy":"category","embeddable":true,"href":"http:\/\/fegrama.cat\/web\/wp-json\/wp\/v2\/categories?post=27477"},{"taxonomy":"post_tag","embeddable":true,"href":"http:\/\/fegrama.cat\/web\/wp-json\/wp\/v2\/tags?post=27477"}],"curies":[{"name":"wp","href":"https:\/\/api.w.org\/{rel}","templated":true}]}}