{"id":27475,"date":"2019-11-25T19:10:32","date_gmt":"2019-11-25T18:10:32","guid":{"rendered":"http:\/\/fegrama.cat\/web\/?p=27475"},"modified":"2019-11-25T19:10:57","modified_gmt":"2019-11-25T18:10:57","slug":"croniques-dels-alevins-amb-la-conquista-del-f","status":"publish","type":"post","link":"http:\/\/fegrama.cat\/web\/croniques-dels-alevins-amb-la-conquista-del-f\/","title":{"rendered":"Cr\u00f2niques dels Alevins amb la conquista del \u00abF\u00bb."},"content":{"rendered":"\n<p>Badalona 5 &#8211; Alev\u00ed \u201cA\u201d 5<\/p>\n\n\n\n<p>La setmana passada es va jugar un partit dur contra el Badalona en el qual els nostres van comen\u00e7ar perdent 2-0 amb fallades individuals on el partit es posa costa amunt per als de la Grama. Comen\u00e7a el segon quart i els blaus entren de gom a gom col\u00b7locant-se en tan sols dos minuts amb 2-2 en el resultat i un 2-3 de penal per part dels contraris d\u00f3na la volta al marcador. Els de Badalona tornen a remuntar amb fallades individuals en sortida de pilota i es col\u00b7loquen 5-3. Als nostres se&#8217;ls complica l&#8217;\u00faltima habitaci\u00f3, per\u00f2 a pilota parada de c\u00f3rner i en l&#8217;\u00faltim minut, en una jugada individual s&#8217;aconsegueix el 5-5 fins i tot amb refor\u00e7os d&#8217;Alev\u00ed A preferent Badalona.<br><\/p>\n\n\n\n<p>Badalona 5 &#8211; Alev\u00edn \u201cA\u201d 5<\/p>\n\n\n\n<p>La semana pasada se jug\u00f3 un partido duro contra el Badalona en el que los nuestros empezaron perdiendo 2-0 con fallos individuales d\u00f3nde el partido se pone cuesta arriba para los de la Grama. Empieza el segundo cuarto y los azules entran a tope coloc\u00e1ndose en tan solo dos minutos con 2-2 en el resultado y un 2-3 de penalti por parte de los contrarios da la vuelta al marcador. Los de Badalona vuelven a remontar con fallos individuales en salida de bal\u00f3n y se colocan 5-3. A los nuestros se les complica el \u00faltimo cuarto, pero a bal\u00f3n parado de c\u00f3rner y en el \u00faltimo minuto, en una jugada individual se consigue el 5-5 aun con refuerzos de Alev\u00edn A preferente Badalona.<br><\/p>\n\n\n\n<!--nextpage-->\n\n\n\n<p>Alev\u00ed \u201cC\u201d 0 &#8211; Pere Gol 2<\/p>\n\n\n\n<p>Arriba el dissabte i l&#8217;Alev\u00ed C juga la seva vuitena jornada contra el Pere Gol, aquesta vegada a casa.<\/p>\n\n\n\n<p>\u00c9s un partit amb \u201cpoca hist\u00f2ria\u201d on dos errors en sortida de pilota i una lectura err\u00f2nia del partit condemna per desgr\u00e0cia als nostres a una segona part on no poden donar la volta al resultat encara amb la millora d&#8217;imatge. Fase d&#8217;adaptaci\u00f3 on han d&#8217;acabar de comprendre que futbol ha de ser al peu i de combinaci\u00f3 per a igualar la inferioritat f\u00edsica dels nostres. Paci\u00e8ncia, treball i pensar en el pr\u00f2xim cap de setmana.<br><\/p>\n\n\n\n<p>Alev\u00edn \u201cC\u201d 0 &#8211; Pere Gol 2<\/p>\n\n\n\n<p>Llega el s\u00e1bado y el Alev\u00edn C juega su octava jornada contra el Pere Gol, esta vez en casa.&nbsp;<\/p>\n\n\n\n<p>Es un partido con \u201cpoca historia\u201d donde dos errores en salida de bal\u00f3n y una lectura err\u00f3nea del partido condena por desgracia a los nuestros a una segunda parte donde no pueden dar la vuelta al resultado a\u00fan con la mejor\u00eda de imagen. Fase de adaptaci\u00f3n donde deben acabar de comprender que f\u00fatbol debe ser al pie y de combinaci\u00f3n para igualar la inferioridad f\u00edsica de los nuestros. Paciencia, trabajo y pensar en el pr\u00f3ximo fin de semana.<br><\/p>\n\n\n\n<!--nextpage-->\n\n\n\n<p>Pujadas 2 &#8211; Alev\u00ed \u201cF\u201d 3<\/p>\n\n\n\n<p>El dissabte al mat\u00ed jugaven els nostres nois de l&#8217;Alev\u00ed F el seu partit contra el Pujadas fora de casa. Va ser un partit molt atape\u00eft en tot moment, on els nostres van saber aprofitar les seves fallades.<\/p>\n\n\n\n<p>Els de la Grama van comen\u00e7ar el partit fent una pressi\u00f3 molt intensa i fruit d&#8217;aix\u00f2, van provocar la fallada del rival aconseguint aix\u00ed anotar de penal. El rival va anar creixent i amb l&#8217;avantatge de jugar a casa, va empatar als nostres.<\/p>\n\n\n\n<p>En els dos \u00faltims quarts, els blaus van ser superiors i van aconseguir augmentar la dist\u00e0ncia, malgrat aix\u00f2 en els \u00faltims minuts van marcar gol els rivals on es va acabar sofrint per\u00f2 amb una molt bona feina de l&#8217;equip en l\u00ednies generals es va aconseguir la vict\u00f2ria final.<br><\/p>\n\n\n\n<p>Pujadas 2 &#8211; Alev\u00edn \u201cF\u201d 3<\/p>\n\n\n\n<p>El s\u00e1bado por la ma\u00f1ana jugaban nuestros chicos del Alev\u00edn F su partido contra el Pujadas fuera de casa. Fue un partido muy apretado en todo momento, donde los nuestros supieron aprovechar sus fallos.<\/p>\n\n\n\n<p>Los de la Grama empezaron el partido haciendo una presi\u00f3n muy intensa y fruto de ello, provocaron el fallo del rival consiguiendo as\u00ed anotar de penalti. El rival fue creciendo y con la ventaja de jugar en casa, empat\u00f3 a los nuestros.<\/p>\n\n\n\n<p>En los dos \u00faltimos cuartos, los azules fueron superiores y consiguieron aumentar la distancia, a pesar de esto en los \u00faltimos minutos marcaron gol los rivales d\u00f3nde se acab\u00f3 sufriendo pero con un muy buen trabajo del equipo en l\u00edneas generales se consigui\u00f3 la victoria final.<br><\/p>\n","protected":false},"excerpt":{"rendered":"<p>Badalona 5 &#8211; Alev\u00ed \u201cA\u201d 5 La setmana passada es va jugar un partit dur contra el Badalona en el qual els nostres van comen\u00e7ar perdent 2-0 amb fallades individuals on el partit es posa costa amunt per als de la Grama. Comen\u00e7a el segon quart i els blaus entren de gom a gom col\u00b7locant-se [&hellip;]<\/p>\n","protected":false},"author":1,"featured_media":27254,"comment_status":"closed","ping_status":"closed","sticky":false,"template":"","format":"standard","meta":{"footnotes":""},"categories":[10,4],"tags":[],"class_list":["post-27475","post","type-post","status-publish","format-standard","has-post-thumbnail","hentry","category-alevins","category-base-inclusiu"],"_links":{"self":[{"href":"http:\/\/fegrama.cat\/web\/wp-json\/wp\/v2\/posts\/27475","targetHints":{"allow":["GET"]}}],"collection":[{"href":"http:\/\/fegrama.cat\/web\/wp-json\/wp\/v2\/posts"}],"about":[{"href":"http:\/\/fegrama.cat\/web\/wp-json\/wp\/v2\/types\/post"}],"author":[{"embeddable":true,"href":"http:\/\/fegrama.cat\/web\/wp-json\/wp\/v2\/users\/1"}],"replies":[{"embeddable":true,"href":"http:\/\/fegrama.cat\/web\/wp-json\/wp\/v2\/comments?post=27475"}],"version-history":[{"count":1,"href":"http:\/\/fegrama.cat\/web\/wp-json\/wp\/v2\/posts\/27475\/revisions"}],"predecessor-version":[{"id":27476,"href":"http:\/\/fegrama.cat\/web\/wp-json\/wp\/v2\/posts\/27475\/revisions\/27476"}],"wp:featuredmedia":[{"embeddable":true,"href":"http:\/\/fegrama.cat\/web\/wp-json\/wp\/v2\/media\/27254"}],"wp:attachment":[{"href":"http:\/\/fegrama.cat\/web\/wp-json\/wp\/v2\/media?parent=27475"}],"wp:term":[{"taxonomy":"category","embeddable":true,"href":"http:\/\/fegrama.cat\/web\/wp-json\/wp\/v2\/categories?post=27475"},{"taxonomy":"post_tag","embeddable":true,"href":"http:\/\/fegrama.cat\/web\/wp-json\/wp\/v2\/tags?post=27475"}],"curies":[{"name":"wp","href":"https:\/\/api.w.org\/{rel}","templated":true}]}}