{"id":27468,"date":"2019-11-25T18:43:26","date_gmt":"2019-11-25T17:43:26","guid":{"rendered":"http:\/\/fegrama.cat\/web\/?p=27468"},"modified":"2019-11-25T18:50:21","modified_gmt":"2019-11-25T17:50:21","slug":"croniques-dels-infantils-amb-la-victoria-de-l-a-i-el-c","status":"publish","type":"post","link":"http:\/\/fegrama.cat\/web\/croniques-dels-infantils-amb-la-victoria-de-l-a-i-el-c\/","title":{"rendered":"Cr\u00f2niques dels infantils amb la vict\u00f2ria de l&#8217; \u00abA\u00bb i el \u00abC\u00bb."},"content":{"rendered":"\n<figure class=\"wp-block-image size-large\"><img loading=\"lazy\" decoding=\"async\" width=\"1024\" height=\"768\" src=\"http:\/\/fegrama.cat\/web\/wp-content\/uploads\/2019\/11\/infantil-a-1024x768.jpeg\" alt=\"\" class=\"wp-image-27469\" srcset=\"http:\/\/fegrama.cat\/web\/wp-content\/uploads\/2019\/11\/infantil-a-1024x768.jpeg 1024w, http:\/\/fegrama.cat\/web\/wp-content\/uploads\/2019\/11\/infantil-a-300x225.jpeg 300w, http:\/\/fegrama.cat\/web\/wp-content\/uploads\/2019\/11\/infantil-a-768x576.jpeg 768w, http:\/\/fegrama.cat\/web\/wp-content\/uploads\/2019\/11\/infantil-a-1536x1152.jpeg 1536w, http:\/\/fegrama.cat\/web\/wp-content\/uploads\/2019\/11\/infantil-a.jpeg 2048w\" sizes=\"auto, (max-width: 1024px) 100vw, 1024px\" \/><\/figure>\n\n\n\n<p>Sants 0 &#8211; Infantil \u201cA\u201d 1<\/p>\n\n\n\n<p>I Infantil A va visitar el camp del Sants el diumenge passat per a disputar el seu partit de la setmana. Els de Brian Espinola van sortir a l&#8217;atac amb les l\u00ednies molt altes per a la pressi\u00f3 de la seva sortida de pilota. En els deu primers minuts ja havia esclatat un travesser i dues ocasions clar\u00edssimes de gol per als nostres. Al cap de quinze minuts despr\u00e9s de passada de Mamadou, Rub\u00e9n encarava al porter i posava l&#8217;1-0. La Grama va continuar insistint per\u00f2 com ja \u00e9s habitual, la falta de punteria no deixava que el marcador tingu\u00e9s m\u00e9s gols.<\/p>\n\n\n\n<p>En la segona part la grama va sortir m\u00e9s relaxada i va poder pagar-ho, eren 3 punts importants que no s&#8217;havien de deixar escapar per\u00f2 passaven els minuts i el nerviosisme s&#8217;apoderava dels de la Grama. Un gol tirava per terra tot el treballat durant la setmana, un gol mal anul\u00b7lat, ja que el defensor estava dins de la l\u00ednia de gol i es va xiular fora joc, aix\u00f2 feia que la grama no se sent\u00eds c\u00f2moda.<\/p>\n\n\n\n<p>Brian Espinola: no va ser un partit el qual em va agradar per\u00f2 s\u00ed que \u00e9s cert que es va aconseguir l&#8217;objectiu, continuem no tancant els partits i fallant moltes per\u00f2 que moltes ocasions clares de gol. Toca continuar treballant per\u00f2 avui no s&#8217;havia d&#8217;haver sofert tant. \u00c9s cert que en aquesta lliga no hi ha ning\u00fa coix, tots els contrincants tenen alguna cosa, per\u00f2 no es pot arribar a sofrir d&#8217;aquesta manera.<br><\/p>\n\n\n\n<p><\/p>\n\n\n\n<p>Sants 0 &#8211; Infantil \u201cA\u201d 1<\/p>\n\n\n\n<p>E Infantil A visit\u00f3 el campo del Sants el domingo pasado para disputar su partido de la semana. Los de Brian Espinola salieron al ataque con las l\u00edneas muy altas para la presi\u00f3n de su salida de pelota. En los diez primeros minutos ya hab\u00eda estallado un larguero y dos ocasiones clar\u00edsimas de gol para los nuestros. A los quince minutos tras pase de Mamadou, Ruben encaraba al portero y pon\u00eda el 1-0. La Grama sigui\u00f3 insistiendo pero como ya es habitual, la falta de punter\u00eda no dejaba que el marcador tuviera m\u00e1s goles.<\/p>\n\n\n\n<p>En la segunda parte la grama sali\u00f3 m\u00e1s relajada y pudo pagarlo, eran 3 puntos importantes que no se deb\u00edan dejar escapar pero pasaban los minutos y el nerviosismo se apoderaba de los de la Grama. Un gol tiraba por tierra todo lo trabajado la semana, un gol mal anulado ya que el defensor estaba dentro de la l\u00ednea de gol y se pit\u00f3 fuera juego, eso hac\u00eda que la grama no se sintiera c\u00f3moda.<\/p>\n\n\n\n<p>Brian Espinola: no fue un partido el cual me gust\u00f3 pero s\u00ed es cierto que se consigui\u00f3 el objetivo, seguimos no cerrando los partidos y fallando muchas pero que muchas ocasiones claras de gol. Toca seguir trabajando pero hoy no se ten\u00eda que haber sufrido tanto. Es cierto que en esta liga no hay nadie cojo, todos los contrincantes tienen algo, pero no se puede llegar a sufrir de esta manera.<br><\/p>\n\n\n\n<p><\/p>\n\n\n\n<!--nextpage-->\n\n\n\n<p><\/p>\n\n\n\n<p>Infantil \u201cB\u201d&nbsp; 1 &#8211; Martinenc 1<\/p>\n\n\n\n<p>El diumenge 24 els nostres Infantils del \u00abB\u00bb jugaven la seva vuitena jornada a casa, aquesta vegada contra els del Martinenc del \u00abB\u00bb tamb\u00e9.<\/p>\n\n\n\n<p>Va comen\u00e7ar la primera part amb un domini del rival on els nostres van encaixar el primer gol per part dels visitants a causa d&#8217;un mal posicionament. No passa res, perqu\u00e8 just despr\u00e9s de nou minuts els blaus empaten amb un gol de penal que va venir precedit d&#8217;una bona jugada per banda del nostre lateral esquerre entrant dins de l&#8217;\u00e0rea.<\/p>\n\n\n\n<p>Arriba la segona part amb ocasions clares per als nostres i alguna que una altra per als visitants on als blaus els falta una mica de contund\u00e8ncia. Els de la Grama intenten jugar m\u00e9s la pilota per\u00f2 sense acabar d&#8217;enlla\u00e7ar bones jugades. S\u00f3n els nostres els qui tornen a \u00abperdonar\u00bb tres ocasions clares donant pas al final del partit.<br><\/p>\n\n\n\n<p>Infantil \u201cB\u201d&nbsp; 1 &#8211; Martinenc 1<\/p>\n\n\n\n<p>El domingo 24 nuestros Infantiles del \u201cB\u201d jugaban su octava jornada en casa, esta vez contra los del Martinenc del \u201cB\u201d tambi\u00e9n.&nbsp;<\/p>\n\n\n\n<p>Empez\u00f3 la primera parte con un dominio del rival donde los nuestros encajaron el primer gol por parte de los visitantes a causa de un mal posicionamiento. No pasa nada, porque justo despu\u00e9s de nueve minutos los azules empatan con un gol de penalti que vino precedido de una buena jugada por banda de nuestro lateral izquierdo entrando dentro del \u00e1rea.&nbsp;<\/p>\n\n\n\n<p>Llega la segunda parte con ocasiones claras para los nuestros y alguna que otra para los visitantes d\u00f3nde a los azules les falta un poco de contundencia. Los de la Grama intentan jugar m\u00e1s el bal\u00f3n pero sin acabar de enlazar buenas jugadas. Son los nuestros quienes vuelven a \u201cperdonar\u201d tres ocasiones claras dando paso al final del partido.<br><\/p>\n\n\n\n<!--nextpage-->\n\n\n\n<p><\/p>\n\n\n\n<p>Carmel 5 &#8211; Infantil \u201cC\u201d 2<\/p>\n\n\n\n<p>El dissabte passat dia 23, els de l&#8217;Infantil \u00abC\u00bb van disputar el seu partit de la setmana fora de casa contra el Carmel.<\/p>\n\n\n\n<p>El partit no va ser molt bo per als nostres, els contraris estaven molt relaxats per\u00f2 atacants a casa seva. Va ser per algunes p\u00e8rdues de pilota que els nostres no realitzaven bones passades. De seguida van arribar els gols i els de la Grama \u00abvan marxar de partit\u00bb. Ni en la primera part ni en la segona es va acabar de jugar b\u00e9, sent per a l&#8217;entrenador \u00abel pitjor partit de tots els jugats\u00bb.<\/p>\n\n\n\n<p>Nois&#8230; tocar\u00e0 continuar treballant per a veure resultats m\u00e9s positius!<br><\/p>\n\n\n\n<p>Carmelo 5 &#8211; Infantil \u201cC\u201d 2<\/p>\n\n\n\n<p>El s\u00e1bado pasado d\u00eda 23, los del Infantil \u201cC\u201d disputaron su partido de la semana fuera de casa contra el Carmelo.&nbsp;<\/p>\n\n\n\n<p>El partido no fue muy bueno para los nuestros, los contrarios estaban muy relajados pero atacantes en su casa. Fue por algunas p\u00e9rdidas de bal\u00f3n que los nuestros no daban pases buenos. Enseguida llegaron los goles y los de la Grama \u201cse fueron de partido\u201d. Ni en la primera parte ni en la segunda se acab\u00f3 de jugar bien, siendo para el entrenador \u201cel peor partido de todos los jugados\u201d.<\/p>\n\n\n\n<p>Chicos&#8230; \u00a1tocar\u00e1 seguir trabajando para ver resultados m\u00e1s positivos!<br><\/p>\n","protected":false},"excerpt":{"rendered":"<p>Sants 0 &#8211; Infantil \u201cA\u201d 1 I Infantil A va visitar el camp del Sants el diumenge passat per a disputar el seu partit de la setmana. Els de Brian Espinola van sortir a l&#8217;atac amb les l\u00ednies molt altes per a la pressi\u00f3 de la seva sortida de pilota. En els deu primers minuts [&hellip;]<\/p>\n","protected":false},"author":1,"featured_media":27469,"comment_status":"closed","ping_status":"closed","sticky":false,"template":"","format":"standard","meta":{"footnotes":""},"categories":[4,9],"tags":[],"class_list":["post-27468","post","type-post","status-publish","format-standard","has-post-thumbnail","hentry","category-base-inclusiu","category-infantils"],"_links":{"self":[{"href":"http:\/\/fegrama.cat\/web\/wp-json\/wp\/v2\/posts\/27468","targetHints":{"allow":["GET"]}}],"collection":[{"href":"http:\/\/fegrama.cat\/web\/wp-json\/wp\/v2\/posts"}],"about":[{"href":"http:\/\/fegrama.cat\/web\/wp-json\/wp\/v2\/types\/post"}],"author":[{"embeddable":true,"href":"http:\/\/fegrama.cat\/web\/wp-json\/wp\/v2\/users\/1"}],"replies":[{"embeddable":true,"href":"http:\/\/fegrama.cat\/web\/wp-json\/wp\/v2\/comments?post=27468"}],"version-history":[{"count":3,"href":"http:\/\/fegrama.cat\/web\/wp-json\/wp\/v2\/posts\/27468\/revisions"}],"predecessor-version":[{"id":27472,"href":"http:\/\/fegrama.cat\/web\/wp-json\/wp\/v2\/posts\/27468\/revisions\/27472"}],"wp:featuredmedia":[{"embeddable":true,"href":"http:\/\/fegrama.cat\/web\/wp-json\/wp\/v2\/media\/27469"}],"wp:attachment":[{"href":"http:\/\/fegrama.cat\/web\/wp-json\/wp\/v2\/media?parent=27468"}],"wp:term":[{"taxonomy":"category","embeddable":true,"href":"http:\/\/fegrama.cat\/web\/wp-json\/wp\/v2\/categories?post=27468"},{"taxonomy":"post_tag","embeddable":true,"href":"http:\/\/fegrama.cat\/web\/wp-json\/wp\/v2\/tags?post=27468"}],"curies":[{"name":"wp","href":"https:\/\/api.w.org\/{rel}","templated":true}]}}