{"id":27450,"date":"2019-11-25T17:12:48","date_gmt":"2019-11-25T16:12:48","guid":{"rendered":"http:\/\/fegrama.cat\/web\/?p=27450"},"modified":"2019-11-25T18:55:53","modified_gmt":"2019-11-25T17:55:53","slug":"croniques-amb-les-victories-dels-prebenjamins","status":"publish","type":"post","link":"http:\/\/fegrama.cat\/web\/croniques-amb-les-victories-dels-prebenjamins\/","title":{"rendered":"Cr\u00f2niques amb les vict\u00f2ries dels Prebenjamins!"},"content":{"rendered":"\n<p>Alzamora 0 &#8211; Prebenjam\u00ed \u201cA\u201d 4<\/p>\n\n\n\n<p>Dissabte passat al mat\u00ed els nostres petits del Prebenjam\u00ed A jugaven fora de casa contra l&#8217;Alzamora un partit en el qual els nostres van comen\u00e7ar molt freds i amb una mica de falta de ritme. El rival va aprofitar aquesta \u00abfallada\u00bb i es fan superiors en el primer quart. Malgrat aix\u00f2, el millor \u00e9s que els nostres no van encaixar cap gol dels contraris.<\/p>\n\n\n\n<p>Arriba el segon quart i els nostres segueixen sense aquest control en el mig camp per\u00f2 amb una contra els de la Grama marquen. Amb 0-1 es va a la segona part i amb una mica m\u00e9s d&#8217;actitud col\u00b7lectiva en els nostres, \u00e9s gr\u00e0cies a aix\u00f2 que sens dubte llevant unes contres perilloses del rival, la Grama \u00e9s superior i d&#8217;aqu\u00ed el marcador final de 0-4.<br><\/p>\n\n\n\n<p><\/p>\n\n\n\n<p>Alzamora 0 &#8211; Prebenjam\u00edn \u201cA\u201d 4<\/p>\n\n\n\n<p>El pasado s\u00e1bado por la ma\u00f1ana nuestros peque\u00f1os del Prebenjam\u00edn A jugaban fuera de casa contra el Alzamora un partido en el que los nuestros empezaron muy fr\u00edos y con un pel\u00edn de falta de ritmo. El rival aprovech\u00f3 este \u201cfallo\u201d y se hacen superiores en el primer cuarto. A pesar de esto, lo mejor es que los nuestros no encajaron ning\u00fan gol de los contrarios.&nbsp;<\/p>\n\n\n\n<p>Llega el segundo cuarto y los nuestros siguen sin ese control en el medio campo pero con una contra los de la Grama marcan. Con 0-1 se va a la segunda parte y con algo m\u00e1s de actitud colectiva en los nuestros, es gracias a esto que sin duda quitando unas contras peligrosas del rival, la Grama es superior y de ah\u00ed el marcador final de 0-4.<br><\/p>\n\n\n\n<p><\/p>\n\n\n\n<!--nextpage-->\n\n\n\n<p>Prebenjam\u00ed \u201cB\u201d 7 &#8211; Martinenc 3<\/p>\n\n\n\n<p>Va ser dissabte passat al mat\u00ed quan els nostres Prebenjamins del \u00abB\u00bb van jugar a casa contra el Martinenc. Els nostres van comen\u00e7ar el partit una mica \u00abapagats\u00bb, va ser per aix\u00f2 que despr\u00e9s d&#8217;una petita distracci\u00f3 en la defensa els contraris van marcar el 0-1. Va ser aqu\u00ed quan els nostres petits es van endinsar en el partit al m\u00e0xim i pressionant van aconseguir en el minut onze empatar aquell gol dels contraris. Malgrat aix\u00f2, la felicitat dels nostres dura ben poc perqu\u00e8 al cap de pocs minuts els visitants tornen a avan\u00e7ar als nostres en el marcador. Arriba la mitja part i els blaus van perdent, despr\u00e9s de veure els resultats es fan canvis de posicions a alguns jugadors, de la mateixa manera que tamb\u00e9 es fa un canvi de t\u00e0ctica en el joc. Despr\u00e9s d&#8217;una estona per a poder-se concentrar, en tornar al camp, els nostres van lluitar fins al final per a continuar marcant gols. El marcador est\u00e0 a 3-2, els nostres porten un punt d&#8217;avantatge. Els visitants tornen a empatar als blaus, per\u00f2 aix\u00f2 els porta a la posterior desconcentraci\u00f3 on els nostres no paren de lluitar i pressionar-los. Els de la Grama van comen\u00e7ar a fer gols concentrats fins al final de partit, portant-se aix\u00ed un 7-3 en el marcador a favor de la Fundaci\u00f3 despr\u00e9s d&#8217;un partit molt lluitat i gols repartits.<\/p>\n\n\n\n<p>Moltes felicitats nois!<\/p>\n\n\n\n<p><\/p>\n\n\n\n<p>Prebenjam\u00edn \u201cB\u201d 7 &#8211; Martinenc 3<\/p>\n\n\n\n<p>El pasado s\u00e1bado por la ma\u00f1ana jugaron nuestros Prebenjamines del B en casa contra el Martinenc. Los nuestros empezaron el partido un poco apagados, fue por eso que despu\u00e9s de un peque\u00f1o despiste en la defensa los contrarios marcaron el 0-1. Fue ah\u00ed cuando los nuestros se metieron en el partido \u201ca tope\u201d y presionando fue cuando en el minuto once lograron empatar aqu\u00e9l gol de los contrarios. A pesar de esto, la felicidad dura poco porque a los pocos minutos los visitantes vuelven a adelantar a los nuestros en el marcador. Llega la media parte y los azules van perdiendo, despu\u00e9s de ver los resultados se hacen cambios de posiciones a algunos jugadores, de la misma manera que tambi\u00e9n se hace un cambio de t\u00e1ctica en el juego. Despu\u00e9s de un rato para poderse concentrar, al volver al campo, los nuestros lucharon hasta el final para seguir marcando goles. El marcador est\u00e1 a 3-2, los nuestros llevan un punto de ventaja. Los visitantes vuelven a empatar, pero eso les lleva a la posterior desconcentraci\u00f3n d\u00f3nde los nuestros no paran de luchar y presionarlos. Los de la Grama empezaron a meter goles concentrados hasta el final de partido, llev\u00e1ndose as\u00ed un 7-3 en el marcador a favor de los nuestros tras un partido muy luchado y goles repartidos. <\/p>\n\n\n\n<p>\u00a1Muchas felicidades chicos!<br><\/p>\n","protected":false},"excerpt":{"rendered":"<p>Alzamora 0 &#8211; Prebenjam\u00ed \u201cA\u201d 4 Dissabte passat al mat\u00ed els nostres petits del Prebenjam\u00ed A jugaven fora de casa contra l&#8217;Alzamora un partit en el qual els nostres van comen\u00e7ar molt freds i amb una mica de falta de ritme. El rival va aprofitar aquesta \u00abfallada\u00bb i es fan superiors en el primer quart. [&hellip;]<\/p>\n","protected":false},"author":1,"featured_media":0,"comment_status":"closed","ping_status":"closed","sticky":false,"template":"","format":"standard","meta":{"footnotes":""},"categories":[4,12],"tags":[],"class_list":["post-27450","post","type-post","status-publish","format-standard","hentry","category-base-inclusiu","category-prebenjamins"],"_links":{"self":[{"href":"http:\/\/fegrama.cat\/web\/wp-json\/wp\/v2\/posts\/27450","targetHints":{"allow":["GET"]}}],"collection":[{"href":"http:\/\/fegrama.cat\/web\/wp-json\/wp\/v2\/posts"}],"about":[{"href":"http:\/\/fegrama.cat\/web\/wp-json\/wp\/v2\/types\/post"}],"author":[{"embeddable":true,"href":"http:\/\/fegrama.cat\/web\/wp-json\/wp\/v2\/users\/1"}],"replies":[{"embeddable":true,"href":"http:\/\/fegrama.cat\/web\/wp-json\/wp\/v2\/comments?post=27450"}],"version-history":[{"count":13,"href":"http:\/\/fegrama.cat\/web\/wp-json\/wp\/v2\/posts\/27450\/revisions"}],"predecessor-version":[{"id":27474,"href":"http:\/\/fegrama.cat\/web\/wp-json\/wp\/v2\/posts\/27450\/revisions\/27474"}],"wp:attachment":[{"href":"http:\/\/fegrama.cat\/web\/wp-json\/wp\/v2\/media?parent=27450"}],"wp:term":[{"taxonomy":"category","embeddable":true,"href":"http:\/\/fegrama.cat\/web\/wp-json\/wp\/v2\/categories?post=27450"},{"taxonomy":"post_tag","embeddable":true,"href":"http:\/\/fegrama.cat\/web\/wp-json\/wp\/v2\/tags?post=27450"}],"curies":[{"name":"wp","href":"https:\/\/api.w.org\/{rel}","templated":true}]}}