{"id":27419,"date":"2019-11-25T01:20:57","date_gmt":"2019-11-25T00:20:57","guid":{"rendered":"http:\/\/fegrama.cat\/web\/?p=27419"},"modified":"2019-11-25T01:22:03","modified_gmt":"2019-11-25T00:22:03","slug":"croniques-dels-juvenils-amb-lexcel%c2%b7lent-partit-del-b","status":"publish","type":"post","link":"http:\/\/fegrama.cat\/web\/croniques-dels-juvenils-amb-lexcel%c2%b7lent-partit-del-b\/","title":{"rendered":"Cr\u00f2niques dels Juvenils amb l&#8217;excel\u00b7lent partit del \u00abB\u00bb."},"content":{"rendered":"<p><span style=\"font-weight: 400;\">Don Bosco 1 &#8211; Juvenil \u201cB\u201d 4<\/span><\/p>\n<p><span style=\"font-weight: 400;\">La setmana passada els nostres nois del Juvenil B van jugar un excel\u00b7lent partit contra qui era fins llavors, tercer classificat. La Grama va plantejar un partit on sabia que anava a portar el pes del partit pel model de joc del Don Bosco, i aix\u00ed va ser.<\/span><\/p>\n<p><span style=\"font-weight: 400;\">En la primera part va tenir el domini la Grama, que jugava i no deixava jugar, variant molt el seu joc per a dificultar la defensa del contrari, combinava joc per dins, amb m\u00faltiples desc\u00e0rregues de les puntes i les passades en diagonal a l&#8217;esquena de la l\u00ednia defensiva, tal\u00f3 d&#8217;Aquil\u00b7les del Don Bosco.\u00a0<\/span><\/p>\n<p><span style=\"font-weight: 400;\">La Grama va tenir diverses ocasions clares per\u00f2 l&#8217;encert del porter i l&#8217;arribada salvadora d&#8217;algun defensa va evitar el gol final. Va ser en una jugada d&#8217;estrat\u00e8gia de servei de banda on un dels nostres jugadors, Ra\u00fal, va marcar el primer per a la Grama. Despr\u00e9s del gol va seguir el mon\u00f2leg de la Grama encara que en l&#8217;\u00fanica arribada del Don Bosco, un c\u00f3rner, va arribar el gol de l&#8217;empat a la vora del descans. En la segona part la Grama va decidir anar pels tres punts i va fer un canvi de sistema, molt m\u00e9s ofensiu on en els primers 15 minuts ja havia sentenciat el partit amb tres gols d&#8217;Arnau, Ra\u00fal i Arnau aprofitant el punt feble del contrari, les passades a l&#8217;esquena de la l\u00ednia defensiva. La resta del partit va ser un control absolut de la Grama amb possessions llargues i defensant amb pilota, com els equips madurs, malgrat ser un equip molt jove.<\/span><\/p>\n<p><span style=\"font-weight: 400;\">Felicitats pel joc demostrat i per la vict\u00f2ria.<\/span><\/p>\n<p>&nbsp;<\/p>\n<p><span style=\"font-weight: 400;\">Don Bosco 1 &#8211; Juvenil \u201cB\u201d 4<\/span><\/p>\n<p><span style=\"font-weight: 400;\">La semana pasada nuestros chicos del Juvenil B jugaron un excelente partido contra, el hasta entonces, tercer clasificado. La Grama plante\u00f3 un partido donde sab\u00eda que iba a llevar el peso del partido por el modelo de juego del Don Bosco, y as\u00ed fue.<\/span><\/p>\n<p><span style=\"font-weight: 400;\">En la primera parte tuvo el dominio la Grama, que jugaba y no dejaba jugar, variando mucho su juego para dificultar la defensa del contrario, combinaba juego por dentro, con m\u00faltiples descargas de los puntas y los pases en diagonal a las espaldas de la l\u00ednea defensiva, tal\u00f3n de Aquiles del Don Bosco. La Grama tuvo varias ocasiones claras pero el acierto del portero y la llegada salvadora de alg\u00fan defensa evit\u00f3 el gol final. Fue en una jugada de estrategia de saque de banda donde uno de nuestros jugadores, Ra\u00fal, marc\u00f3 el primero para la Grama. Tras el gol sigui\u00f3 el mon\u00f3logo de la Grama aunque en la \u00fanica llegada del Don Bosco, un c\u00f3rner, lleg\u00f3 el gol del empate al borde del descanso. En la segunda parte la Grama decidi\u00f3 ir a por los tres puntos e hizo un cambio de sistema, mucho m\u00e1s ofensivo d\u00f3nde en los primeros 15 minutos ya hab\u00eda sentenciado el partido con tres goles de Arnau, Arnau y Ra\u00fal aprovechando el punto d\u00e9bil del contrario, los pases a las espaldas de la l\u00ednea defensiva. El resto del partido fue un control absoluto de la Grama con posesiones largas y defendiendo con bal\u00f3n, como los equipos maduros, pese a ser un equipo muy joven.<\/span><\/p>\n<p><span style=\"font-weight: 400;\">Felicidades por el juego demostrado y por la victoria.<\/span><\/p>\n<p>&nbsp;<\/p>\n<p>[divider]<\/p>\n<p>&nbsp;<\/p>\n<p><span style=\"font-weight: 400;\">Juvenil \u201cD\u201d 3 &#8211;\u00a0 Pere Gol 4<\/span><\/p>\n<p><span style=\"font-weight: 400;\">El dissabte passat jugaven un altre gran partit els nois del Juvenil D que, una altra vegada el temps afegit, va fer que no puntu\u00e9s. El partit es va jugar a casa i va ser contra La Salut Pere Gol on es va disputar una primera part igualada on l&#8217;equip visitant tenia la pilota i el Juvenil D defensava b\u00e9 sortint a la contra. Va ser en una mala sortida de pilota on l&#8217;equip visitant s&#8217;avan\u00e7ava en el marcador. Els blaus intentaven empatar per\u00f2 els dos porters van evitar que es mogu\u00e9s el marcador i acab\u00e9s amb un 0-1.<\/span><\/p>\n<p><span style=\"font-weight: 400;\">La segona part va comen\u00e7ar malament per a la Fundaci\u00f3, ja que al cap de poc de comen\u00e7ar el Pere Gol posava un 0-2 en el marcador. La fundaci\u00f3 retallava dist\u00e0ncies, poc temps despr\u00e9s es feia l&#8217;1-2. Comen\u00e7ava a dominar l&#8217;equip local per\u00f2 una altra vegada el Pere Gol s&#8217;avan\u00e7ava en el marcador amb 1-3. El Juvenil D continuava barallant i dominant el que va fer que empat\u00e9s tres mancant deu minuts per al final. Quan tot semblava que el partit acabaria aix\u00ed, en el temps afegit un centre va fer que els del Pere Gol s&#8217;emportessin els 3 punts amb el resultat final de 3-4.<\/span><\/p>\n<p>&nbsp;<\/p>\n<p><span style=\"font-weight: 400;\">Juvenil \u201cD\u201d 3 &#8211;\u00a0 Pere Gol 4<\/span><\/p>\n<p><span style=\"font-weight: 400;\">El s\u00e1bado pasado jugaban otro gran partido los chicos del Juvenil D que d\u00f3nde otra vez el tiempo a\u00f1adido hizo que no puntuase. El partido se jug\u00f3 en casa y fue contra La Salut Pere Gol d\u00f3nde se disput\u00f3 una primera parte igualada donde el equipo visitante ten\u00eda el bal\u00f3n y el Juvenil D defend\u00eda bien saliendo a la contra. Fue en una mala salida de bal\u00f3n donde el equipo visitante se adelantaba en el marcador. Los azules intentaban empatar pero los dos porteros evitaron que se moviera el marcador y acabara con un 0-1.\u00a0<\/span><\/p>\n<p><span style=\"font-weight: 400;\">La segunda parte empez\u00f3 mal para la Fundaci\u00f3n, ya que al poco tiempo de empezar el Pere Gol pon\u00eda un 0-2 en el marcador. La fundaci\u00f3n recortaba distancias, al poco tiempo se hac\u00eda el 1-2. Empezaba a dominar el equipo local pero otra vez el Pere Gol se adelantaba en el marcador con 1-3. El Juvenil D segu\u00eda peleando y dominando lo que hizo que empatase tres a falta de diez minutos para el final. Cuando todo parec\u00eda que el partido acabar\u00eda as\u00ed, en el tiempo a\u00f1adido un centro hizo que los del Pere Gol se llevaran los 3 puntos con el resultado final de 3-4.<\/span><\/p>\n","protected":false},"excerpt":{"rendered":"<p>Don Bosco 1 &#8211; Juvenil \u201cB\u201d 4 La setmana passada els nostres nois del Juvenil B van jugar un excel\u00b7lent partit contra qui era fins llavors, tercer classificat. La Grama va plantejar un partit on sabia que anava a portar el pes del partit pel model de joc del Don Bosco, i aix\u00ed va ser. [&hellip;]<\/p>\n","protected":false},"author":1,"featured_media":27236,"comment_status":"closed","ping_status":"closed","sticky":false,"template":"","format":"standard","meta":{"footnotes":""},"categories":[4,6],"tags":[],"class_list":["post-27419","post","type-post","status-publish","format-standard","has-post-thumbnail","hentry","category-base-inclusiu","category-juvenils"],"_links":{"self":[{"href":"http:\/\/fegrama.cat\/web\/wp-json\/wp\/v2\/posts\/27419","targetHints":{"allow":["GET"]}}],"collection":[{"href":"http:\/\/fegrama.cat\/web\/wp-json\/wp\/v2\/posts"}],"about":[{"href":"http:\/\/fegrama.cat\/web\/wp-json\/wp\/v2\/types\/post"}],"author":[{"embeddable":true,"href":"http:\/\/fegrama.cat\/web\/wp-json\/wp\/v2\/users\/1"}],"replies":[{"embeddable":true,"href":"http:\/\/fegrama.cat\/web\/wp-json\/wp\/v2\/comments?post=27419"}],"version-history":[{"count":1,"href":"http:\/\/fegrama.cat\/web\/wp-json\/wp\/v2\/posts\/27419\/revisions"}],"predecessor-version":[{"id":27420,"href":"http:\/\/fegrama.cat\/web\/wp-json\/wp\/v2\/posts\/27419\/revisions\/27420"}],"wp:featuredmedia":[{"embeddable":true,"href":"http:\/\/fegrama.cat\/web\/wp-json\/wp\/v2\/media\/27236"}],"wp:attachment":[{"href":"http:\/\/fegrama.cat\/web\/wp-json\/wp\/v2\/media?parent=27419"}],"wp:term":[{"taxonomy":"category","embeddable":true,"href":"http:\/\/fegrama.cat\/web\/wp-json\/wp\/v2\/categories?post=27419"},{"taxonomy":"post_tag","embeddable":true,"href":"http:\/\/fegrama.cat\/web\/wp-json\/wp\/v2\/tags?post=27419"}],"curies":[{"name":"wp","href":"https:\/\/api.w.org\/{rel}","templated":true}]}}