{"id":27416,"date":"2019-11-25T00:59:18","date_gmt":"2019-11-24T23:59:18","guid":{"rendered":"http:\/\/fegrama.cat\/web\/?p=27416"},"modified":"2019-11-25T01:28:12","modified_gmt":"2019-11-25T00:28:12","slug":"croniques-dels-cadets-amb-la-increible-golejada-dels-del-d","status":"publish","type":"post","link":"http:\/\/fegrama.cat\/web\/croniques-dels-cadets-amb-la-increible-golejada-dels-del-d\/","title":{"rendered":"Cr\u00f2niques dels Cadets amb la incre\u00efble golejada dels del \u00abD\u00bb."},"content":{"rendered":"<p><span style=\"font-weight: 400;\">Cadet \u201cA\u201d 2 &#8211; Sant Gabriel 2\u00a0<\/span><\/p>\n<p><span style=\"font-weight: 400;\">El cap de setmana passat els nois del Cadet A van jugar a casa portant el pes del partit en tot moment. Per mala sort no es van saber administrar el marcador a favor i es va acabar cedint un punt als contraris. El partit comen\u00e7ava amb la Fundaci\u00f3 clarament amb el control del joc, un Sant Gabriel replegat intentava arribar a la porteria colomenca amb pilotes llargues. Els locals arribaven f\u00e0cil a zona de finalitzaci\u00f3, per\u00f2 no acaben de tenir precisi\u00f3: ni en l&#8217;\u00faltima passada, ni en els seus centres a l&#8217;\u00e0rea. Amb 0-0 s&#8217;arribava al descans.<\/span><\/p>\n<p><span style=\"font-weight: 400;\">En la represa del partit, \u00abmateixa t\u00f2nica\u00bb on els blaus tenien el domini de la pilota i els de Sant Adri\u00e0 esperaven en contraatacar. Va ser en un d&#8217;aquests contraatacs on els contraris aconseguirien avan\u00e7ar-se i posar-se 0-1 en el marcador. La reacci\u00f3 dels de Manu Pel\u00e1ez va ser r\u00e0pida i en tot just dos minuts li van donar la volta al marcador. Primer va ser el jugador Albert, despr\u00e9s d&#8217;una passada Rub\u00e9n i despr\u00e9s Pol de lliure directe els qui posaven el 2-1 en el llumin\u00f3s. Amb el resultat a favor, els locals no van saber administrar l&#8217;avantatge. Precipitacions i falta de pegada en els \u00faltims metres feien que a poc a poc els visitants creguessin a poder puntuar&#8230; i aix\u00ed va ser, en una pilota llarga el punta del Sant Gabriel es quedava m\u00e0 a m\u00e0 amb el nostre jugador Sergi i posava el 2-2. La Fundaci\u00f3 intentava buscar la vict\u00f2ria per\u00f2 no va tenir \u00e8xit.<\/span><\/p>\n<p>&nbsp;<\/p>\n<p><span style=\"font-weight: 400;\">Cadete \u201cA\u201d 2 &#8211; Sant Gabriel 2\u00a0<\/span><\/p>\n<p><span style=\"font-weight: 400;\">El fin de semana pasado los chicos del Cadete A jugaron en casa llevando el peso del partido en todo momento. Por mala suerte no se supieron administrar el marcador a favor y se acab\u00f3 cediendo un punto a los contrarios.<\/span><\/p>\n<p><span style=\"font-weight: 400;\">El partido empezaba con la Fundaci\u00f3n claramente con el control del juego, un Sant Gabriel replegado intentaba llegar a la porter\u00eda colomense con balones largos. Los locales llegaban f\u00e1cil a zona de finalizaci\u00f3n pero no acaban de tener precisi\u00f3n ni en el \u00faltimo pase, ni en sus centros al \u00e1rea. Con 0-0 se llegaba al descanso.<\/span><\/p>\n<p><span style=\"font-weight: 400;\">En la reanudaci\u00f3n del partido, \u201cmisma t\u00f3nica\u201d donde los azules ten\u00edan el dominio del bal\u00f3n y los de Sant Adrian esperando a contragolpear. Fue en uno de esos contragolpes donde los contrarios lograr\u00edan adelantarse y ponerse 0-1 en el marcador. La reacci\u00f3n de los de Manu Pel\u00e1ez fue r\u00e1pida y en apenas dos minutos le dieron la vuelta al marcador. Primero fue el jugador Albert, tras un pase Rub\u00e9n y luego Pol de libre directo quienes pon\u00edan el 2-1 en el luminoso. Con el resultado a favor, los locales no supieron administrar la ventaja. Precipitaciones y falta de pegada en los \u00faltimos metros hac\u00edan que poco a poco los visitantes creyeran en poder puntuar&#8230; y as\u00ed fue, en un bal\u00f3n largo \u00e9l punta del Sant Gabriel se quedaba mano a mano con nuestro jugador Sergi y pon\u00eda el 2-2. La Fundaci\u00f3 intento buscar la victoria pero no tuvo \u00e9xito.<\/span><\/p>\n<p>&nbsp;<\/p>\n<p><span style=\"font-weight: 400;\">[divider]<\/span><\/p>\n<p>&nbsp;<\/p>\n<p><span style=\"font-weight: 400;\">Monta\u00f1esa 0 &#8211; Cadet \u201cB\u201d 2<\/span><\/p>\n<p><span style=\"font-weight: 400;\">Arriba el dissabte 23 al mat\u00ed i als nostres Cadets del B els toca jugar un partit molt dur en un camp complicat, en aquest cas fora de casa contra la Monta\u00f1esa.<\/span><\/p>\n<p><span style=\"font-weight: 400;\">El partit comen\u00e7a amb una primera part de moltes disputes en la qual els nostres tenien molt clar que l&#8217;objectiu era no encaixar. En la segona part la Grama suma una mica m\u00e9s de qualitat ofensiva amb la qual guanyen domini i aconsegueixen generar nombroses ocasions de perill en l&#8217;\u00e0rea rival. Dos gols i una enorme contund\u00e8ncia defensiva van ser suficients perqu\u00e8 els nostres s&#8217;emportessin tres punts i retrobar-se aix\u00ed amb la vict\u00f2ria unes quantes jornades despr\u00e9s.<\/span><\/p>\n<p>&nbsp;<\/p>\n<p><span style=\"font-weight: 400;\">Monta\u00f1esa 0 &#8211; Cadete \u201cB\u201d 2<\/span><\/p>\n<p><span style=\"font-weight: 400;\">S\u00e1bado 23 por la ma\u00f1ana y a nuestros Cadetes del B les toca jugar un partido duro en un campo complicado, en este caso fuera de casa contra la Monta\u00f1esa.<\/span><\/p>\n<p><span style=\"font-weight: 400;\">El partido empieza con una primera parte de muchas disputas en la que los nuestros ten\u00edan muy claro que el objetivo era no encajar. En la segunda parte la Grama suma algo m\u00e1s de calidad ofensiva con la que ganan dominio y logran generar numerosas ocasiones de peligro en el \u00e1rea rival. Dos goles y una enorme contundencia defensiva fueron suficientes para que los nuestros se llevasen tres puntos y reencontrarse con la victoria varias jornadas despu\u00e9s.<\/span><\/p>\n<p>&nbsp;<\/p>\n<p><span style=\"font-weight: 400;\">[divider]<\/span><\/p>\n<p>&nbsp;<\/p>\n<p><span style=\"font-weight: 400;\">Cadet \u201cC\u201d 0 &#8211; Sant Andreu 2\u00a0<\/span><\/p>\n<p><span style=\"font-weight: 400;\">El dissabte va jugar el nostre Cadet C a casa contra el <\/span><span style=\"font-weight: 400;\">Sant<\/span><span style=\"font-weight: 400;\"> Andreu, un partit en el qual va seguir \u201cla mateixa t\u00f2nica\u201d de les \u00faltimes setmanes. L&#8217;equip aconsegueix fer moltes coses b\u00e9 per\u00f2 els detalls li costen el partit. Una transici\u00f3 r\u00e0pida li va permetre als visitants avan\u00e7ar-se en el marcador i un error en sortida de pilota va servir el segon \u201cen safata\u201d. La segona part va ser m\u00e9s disputada, per\u00f2 ja no es va moure el marcador. Toca continuar treballant per a millorar resultats. \u00c0nims!<\/span><\/p>\n<p><span style=\"font-weight: 400;\">Cadete \u201cC\u201d 0 &#8211; Sant Andreu 2\u00a0<\/span><\/p>\n<p><span style=\"font-weight: 400;\">El s\u00e1bado jug\u00f3 nuestro Cadete C en casa contra el Sant Andreu, un partido en el que sigui\u00f3 \u201cla misma t\u00f3nica\u201d de las \u00faltimas semanas. El equipo consigue hacer muchas cosas bien pero los detalles le cuestan el partido. Una transici\u00f3n r\u00e1pida le permiti\u00f3 a los visitantes adelantarse en el marcador y un error en salida de bal\u00f3n sirvi\u00f3 el segundo en bandeja. La segunda parte fue m\u00e1s disputada, pero ya no se movi\u00f3 el marcador. Toca seguir trabajando para mejorar resultados. \u00a1\u00c1nimos!<\/span><\/p>\n<p>&nbsp;<\/p>\n<p><span style=\"font-weight: 400;\">[divider]<\/span><\/p>\n<p><a href=\"http:\/\/fegrama.cat\/web\/wp-content\/uploads\/2019\/11\/CADETE-D.jpeg\"><img loading=\"lazy\" decoding=\"async\" class=\"alignnone wp-image-27417\" src=\"http:\/\/fegrama.cat\/web\/wp-content\/uploads\/2019\/11\/CADETE-D-300x168.jpeg\" alt=\"\" width=\"618\" height=\"346\" srcset=\"http:\/\/fegrama.cat\/web\/wp-content\/uploads\/2019\/11\/CADETE-D-300x168.jpeg 300w, http:\/\/fegrama.cat\/web\/wp-content\/uploads\/2019\/11\/CADETE-D-768x431.jpeg 768w, http:\/\/fegrama.cat\/web\/wp-content\/uploads\/2019\/11\/CADETE-D-1024x575.jpeg 1024w, http:\/\/fegrama.cat\/web\/wp-content\/uploads\/2019\/11\/CADETE-D.jpeg 1924w\" sizes=\"auto, (max-width: 618px) 100vw, 618px\" \/><\/a><\/p>\n<p><span style=\"font-weight: 400;\">Cadet \u201cD\u201d 15 &#8211; Sant Andreu 0<\/span><\/p>\n<p><span style=\"font-weight: 400;\">El passat dissabte al migdia es jugava la setena jornada pels nostres Cadets del D a casa contra el Sant Andreu, <\/span><span style=\"font-weight: 400;\">l&#8217;\u00faltim classificat, un partit f\u00e0cil en el qual la Grama era superior en tots els aspectes tant individualment com col\u00b7lectivament. Els nostres van tenir el domini de la pilota durant tot el partit generant ocasions que es van anar materialitzant.\u00a0<\/span><\/p>\n<p><span style=\"font-weight: 400;\">Finalment el marcador queda en 15-0 amb un inflat resultat per part de la Grama.\u00a0<\/span><\/p>\n<p><span style=\"font-weight: 400;\">Felicitats nois!<\/span><\/p>\n<p>&nbsp;<\/p>\n<p><span style=\"font-weight: 400;\">Cadete \u201cD\u201d 15 &#8211; Sant Andreu 0<\/span><\/p>\n<p><span style=\"font-weight: 400;\">El s\u00e1bado pasado al mediod\u00eda se jugaba la s\u00e9ptima jornada de nuestro Cadete D en casa contra el <\/span><span style=\"font-weight: 400;\">Sant<\/span> <span style=\"font-weight: 400;\">Andreu<\/span><span style=\"font-weight: 400;\"> el \u00faltimo clasificado, un partido f\u00e1cil en el que la Grama era superior en todos los aspectos, tanto individualmente como colectivamente. Los nuestros tuvieron el dominio de la pelota durante todo el partido, generando ocasiones que se fueron materializando. Finalmente el marcador queda en 15-0 con un abultado resultado por parte de la Grama. \u00a1Felicidades chicos!<\/span><\/p>\n<p>&nbsp;<\/p>\n<p><span style=\"font-weight: 400;\">[divider]<\/span><\/p>\n<p>&nbsp;<\/p>\n<p><span style=\"font-weight: 400;\">Sants 1- Cadet \u201cE\u201d 0<\/span><\/p>\n<p><span style=\"font-weight: 400;\">El Cadet E va jugar un partit lluitat fins a l&#8217;\u00faltim minut. Inicialment van sortir molt motivats i \u00aba per totes\u00bb. Els nostres tocaven amb tranquil\u00b7litat i els contraris estaven tancats en el seu camp. Per\u00f2 inesperadament en el minut 3, el rival agafa l&#8217;esquena als nostres i es posa en el marcador 1-0. Aix\u00ed i tot, els blaus continuen lluitant cada pilota. El Sants no passava de mig camp, la Grama dominava clarament la pilota i provocava perill als rivals de diverses maneres. Durant la primera part els nostres van tenir dues faltes clares a la vora de l&#8217;\u00e0rea, molt ben col\u00b7locades per\u00f2 que no van entrar. Arriba la mitja part i els nostres van perdent 1-0.<\/span><\/p>\n<p><span style=\"font-weight: 400;\">Comen\u00e7a la segona part i els nostres sabien que havien de jugar amb el mateix ritme que en la primera part. Al principi a la Grama li va costar una mica ficar-se dins, per\u00f2 r\u00e0pidament van tornar a dominar el partit. Tornaven aix\u00ed els nostres a crear jugades bon\u00edssimes, totes sense \u00e8xit de cara a porta, per\u00f2 on no ens entrava cap gol. El rival estava nervi\u00f3s, cada vegada la Grama estrenyia m\u00e9s. En els \u00faltims 10 minuts, la Fundaci\u00f3 tenia al rival completament acorralats i atacant a cada moment, els nostres van tornar a tenir jugades clares de gol per\u00f2 sense cap \u00e8xit. Finalitza el partit 1-0.<\/span><\/p>\n<p><span style=\"font-weight: 400;\">Dolors: poc a dir, hem lluitat fins al final per\u00f2 hi ha dies que de cara a porta tens m\u00e9s o menys sort i avui no era el nostre dia. Per lluitar no ha estat, han estat les finalitzacions i el gol en el minut 3. L&#8217;equip no s&#8217;ha ensorrat i ha lluitat fins al final. Estic molt contenta pel treball.<\/span><\/p>\n<p>&nbsp;<\/p>\n<p><span style=\"font-weight: 400;\">Sants 1- Cadete \u201cE\u201d 0<\/span><\/p>\n<p><span style=\"font-weight: 400;\">El Cadete E jug\u00f3 un partido luchado hasta el \u00faltimo minuto. Inicialmente salieron muy motivados y a por todas. Los nuestros tocaban con tranquilidad y los contrarios estaban encerrados en su campo. Pero inesperadamente en el minuto 3, el rival coge las espaldas a los nuestros y se pone en el marcador 1-0. Aun as\u00ed los azulones siguen luchando cada pelota. El <\/span><span style=\"font-weight: 400;\">Sants<\/span><span style=\"font-weight: 400;\"> no pasaba de medio campo, la Grama dominaba claramente el bal\u00f3n y provocaba peligro a los rivales de diversas maneras. Durante la primera parte los nuestros tuvieron dos faltas claras al borde del \u00e1rea, muy bien colocadas pero que no entraron. Llega la media parte y los nuestros van perdiendo 1-0.<\/span><\/p>\n<p><span style=\"font-weight: 400;\">Comienza la segunda parte y los nuestros sab\u00edan que ten\u00edan que jugar con el mismo ritmo que en la primera parte. Al principio a la Grama le cost\u00f3 un poco meterse dentro, pero r\u00e1pidamente volvieron a dominar el partido. Volv\u00edan as\u00ed los nuestros a crear jugadas buen\u00edsimas, todas sin \u00e9xito de cara a puerta, pero d\u00f3nde no nos entraba ning\u00fan gol. El rival estaba nervioso, cada vez la Grama apretaba m\u00e1s. En los \u00faltimos 10 minutos, la Fundaci\u00f3n ten\u00eda al rival completamente acorralados y atacando en cada momento, los nuestros volvieron a tener jugadas claras de gol pero sin \u00e9xito alguno. Finaliza el partido 1-0.<\/span><\/p>\n<p><span style=\"font-weight: 400;\">Dolors<\/span><span style=\"font-weight: 400;\">: poco que decir, hemos luchado hasta al final pero hay d\u00edas que de cara a puerta tienes m\u00e1s o menos suerte y hoy no era nuestro d\u00eda. Por luchar no ha sido, han sido las finalizaciones y el gol en el minuto 3. El equipo no se ha venido abajo y ha luchado hasta el final. Estoy muy contenta por el trabajo.<\/span><\/p>\n","protected":false},"excerpt":{"rendered":"<p>Cadet \u201cA\u201d 2 &#8211; Sant Gabriel 2\u00a0 El cap de setmana passat els nois del Cadet A van jugar a casa portant el pes del partit en tot moment. Per mala sort no es van saber administrar el marcador a favor i es va acabar cedint un punt als contraris. El partit comen\u00e7ava amb la [&hellip;]<\/p>\n","protected":false},"author":1,"featured_media":27417,"comment_status":"closed","ping_status":"closed","sticky":false,"template":"","format":"standard","meta":{"footnotes":""},"categories":[4,7],"tags":[],"class_list":["post-27416","post","type-post","status-publish","format-standard","has-post-thumbnail","hentry","category-base-inclusiu","category-cadets"],"_links":{"self":[{"href":"http:\/\/fegrama.cat\/web\/wp-json\/wp\/v2\/posts\/27416","targetHints":{"allow":["GET"]}}],"collection":[{"href":"http:\/\/fegrama.cat\/web\/wp-json\/wp\/v2\/posts"}],"about":[{"href":"http:\/\/fegrama.cat\/web\/wp-json\/wp\/v2\/types\/post"}],"author":[{"embeddable":true,"href":"http:\/\/fegrama.cat\/web\/wp-json\/wp\/v2\/users\/1"}],"replies":[{"embeddable":true,"href":"http:\/\/fegrama.cat\/web\/wp-json\/wp\/v2\/comments?post=27416"}],"version-history":[{"count":1,"href":"http:\/\/fegrama.cat\/web\/wp-json\/wp\/v2\/posts\/27416\/revisions"}],"predecessor-version":[{"id":27418,"href":"http:\/\/fegrama.cat\/web\/wp-json\/wp\/v2\/posts\/27416\/revisions\/27418"}],"wp:featuredmedia":[{"embeddable":true,"href":"http:\/\/fegrama.cat\/web\/wp-json\/wp\/v2\/media\/27417"}],"wp:attachment":[{"href":"http:\/\/fegrama.cat\/web\/wp-json\/wp\/v2\/media?parent=27416"}],"wp:term":[{"taxonomy":"category","embeddable":true,"href":"http:\/\/fegrama.cat\/web\/wp-json\/wp\/v2\/categories?post=27416"},{"taxonomy":"post_tag","embeddable":true,"href":"http:\/\/fegrama.cat\/web\/wp-json\/wp\/v2\/tags?post=27416"}],"curies":[{"name":"wp","href":"https:\/\/api.w.org\/{rel}","templated":true}]}}