{"id":27404,"date":"2019-11-24T19:00:04","date_gmt":"2019-11-24T18:00:04","guid":{"rendered":"http:\/\/fegrama.cat\/web\/?p=27404"},"modified":"2019-11-25T19:22:25","modified_gmt":"2019-11-25T18:22:25","slug":"cronica-amb-la-victoria-del-juvenil-femeni","status":"publish","type":"post","link":"http:\/\/fegrama.cat\/web\/cronica-amb-la-victoria-del-juvenil-femeni\/","title":{"rendered":"Cr\u00f2nica dels femenins amb la vict\u00f2ria del Juvenil."},"content":{"rendered":"<p><a href=\"http:\/\/fegrama.cat\/web\/wp-content\/uploads\/2019\/11\/amater-femenino.jpeg\"><img loading=\"lazy\" decoding=\"async\" class=\"alignnone wp-image-27413\" src=\"http:\/\/fegrama.cat\/web\/wp-content\/uploads\/2019\/11\/amater-femenino-300x218.jpeg\" alt=\"\" width=\"454\" height=\"330\" srcset=\"http:\/\/fegrama.cat\/web\/wp-content\/uploads\/2019\/11\/amater-femenino-300x218.jpeg 300w, http:\/\/fegrama.cat\/web\/wp-content\/uploads\/2019\/11\/amater-femenino-768x558.jpeg 768w, http:\/\/fegrama.cat\/web\/wp-content\/uploads\/2019\/11\/amater-femenino-1024x744.jpeg 1024w, http:\/\/fegrama.cat\/web\/wp-content\/uploads\/2019\/11\/amater-femenino.jpeg 2009w\" sizes=\"auto, (max-width: 454px) 100vw, 454px\" \/><\/a><\/p>\n<p><span style=\"font-weight: 400;\">Amateur Femen\u00ed 0 &#8211;\u00a0 Planadeu Sabadell 3<\/span><\/p>\n<p><span style=\"font-weight: 400;\">El diumenge a la tarda jugava el nostre Amateur Femen\u00ed a casa contra el Planadeu un partit que va resultar estar molt igualat malgrat el resultat.<\/span><\/p>\n<p><span style=\"font-weight: 400;\">Les nostres noies de l&#8217;Amateur no van saber trobar el seu joc en cap moment del partit, ja que portaven el partit a un terreny on les rivals se sentien m\u00e9s \u00aba gust\u00bb que les de la Grama.\u00a0<\/span><\/p>\n<p><span style=\"font-weight: 400;\">Va arribar la segona part i amb tres gols gaireb\u00e9 seguits van sentenciar i es van emportar tres punts les rivals. Aix\u00ed i tot, les nostres continuaran treballant sense rendir-se per a sumar tots els punts possibles. \u00c0nims noies!<\/span><\/p>\n<p><span style=\"font-weight: 400;\">Amateur Femenino 0 &#8211; Planadeu Sabadell 3<\/span><\/p>\n<p><span style=\"font-weight: 400;\">El domingo por la tarde jugaba nuestro Amateur Femenino en casa contra el <\/span><span style=\"font-weight: 400;\">Planadeu<\/span><span style=\"font-weight: 400;\"> un partido que result\u00f3 estar muy igualado a pesar del resultado.<\/span><\/p>\n<p><span style=\"font-weight: 400;\">Nuestras chicas del Amateur no supieron encontrar su juego en ning\u00fan momento del partido, ya que llevaban el partido a un terreno d\u00f3nde las rivales se sent\u00edan m\u00e1s \u201ca gusto\u201d que las del Grama. Lleg\u00f3 la segunda parte y con tres goles casi seguidos sentenciaron y se llevaron tres puntos las rivales. Aun as\u00ed las nuestras seguir\u00e1n trabajando sin rendirse para sumar todos los puntos posibles, \u00a1\u00e1nimos chicas!.<\/span><\/p>\n<p>[divider]<\/p>\n<p><a href=\"http:\/\/fegrama.cat\/web\/wp-content\/uploads\/2019\/11\/juv.femenino.jpeg\"><img loading=\"lazy\" decoding=\"async\" class=\"alignnone wp-image-27412\" src=\"http:\/\/fegrama.cat\/web\/wp-content\/uploads\/2019\/11\/juv.femenino-300x225.jpeg\" alt=\"\" width=\"488\" height=\"366\" srcset=\"http:\/\/fegrama.cat\/web\/wp-content\/uploads\/2019\/11\/juv.femenino-300x225.jpeg 300w, http:\/\/fegrama.cat\/web\/wp-content\/uploads\/2019\/11\/juv.femenino-768x576.jpeg 768w, http:\/\/fegrama.cat\/web\/wp-content\/uploads\/2019\/11\/juv.femenino-1024x768.jpeg 1024w, http:\/\/fegrama.cat\/web\/wp-content\/uploads\/2019\/11\/juv.femenino.jpeg 2048w\" sizes=\"auto, (max-width: 488px) 100vw, 488px\" \/><\/a><\/p>\n<p><span style=\"font-weight: 400;\">Juvenil Femen\u00ed 2 &#8211; La Roca 1<\/span><\/p>\n<p><span style=\"font-weight: 400;\">El dissabte 23 a la tarda es disputava el partit de les noies del Juvenil Femen\u00ed de la Grama contra La Roca, en el Nou Municipal Santa Coloma. El partit va comen\u00e7ar amb les nostres dominant i en la primera oportunitat de tir a porta, van ser les contr\u00e0ries qui van marcar gol. A la poca estona, les blaves van aconseguir empatar acabant la primera part en un empat.<\/span><\/p>\n<p><span style=\"font-weight: 400;\">Arriba la segona part on la Fundaci\u00f3 anava dominant i per fi va arribar el gol que va donar la vict\u00f2ria final a les nostres.<\/span><\/p>\n<p><span style=\"font-weight: 400;\">Ara toca continuar treballant.<\/span><\/p>\n<p><span style=\"font-weight: 400;\">Juvenil Femenino 2 &#8211; La Roca 1<\/span><\/p>\n<p><span style=\"font-weight: 400;\">El s\u00e1bado 23 por la tarde se disputaba el partido de las chicas del Juvenil Femenino de la Grama contra La Roca, en el Nou Municipal Santa Coloma. El partido empez\u00f3 con las nuestras dominando y en la primera oportunidad de tiro a puerta, fueron las contrarias quien marcaron gol. Al poco rato las azules consiguieron empatar acabando la primera parte en un empate.<\/span><\/p>\n<p><span style=\"font-weight: 400;\">Llega la segunda parte donde la Fundaci\u00f3n iba dominando y por fin lleg\u00f3 el gol que dio la victoria final a las nuestras.\u00a0<\/span><\/p>\n<p><span style=\"font-weight: 400;\">Ahora toca seguir trabajando.<\/span><\/p>\n<p><span style=\"font-weight: 400;\">[divider]<\/span><\/p>\n<p><a href=\"http:\/\/fegrama.cat\/web\/wp-content\/uploads\/2019\/11\/infant.-femeni\u0301-1.png\"><img loading=\"lazy\" decoding=\"async\" class=\"alignnone  wp-image-27480\" src=\"http:\/\/fegrama.cat\/web\/wp-content\/uploads\/2019\/11\/infant.-femeni\u0301-1-300x229.png\" alt=\"\" width=\"386\" height=\"295\" srcset=\"http:\/\/fegrama.cat\/web\/wp-content\/uploads\/2019\/11\/infant.-femeni\u0301-1-300x229.png 300w, http:\/\/fegrama.cat\/web\/wp-content\/uploads\/2019\/11\/infant.-femeni\u0301-1.png 688w\" sizes=\"auto, (max-width: 386px) 100vw, 386px\" \/><\/a><\/p>\n<p>Girona 12 &#8211; Infantil femen\u00ed 1<br \/>\nLes nostres noies de l&#8217;Infantil femen\u00ed jugaven el diumenge un partit dif\u00edcil contra un rival amb molta t\u00e8cnica, el Girona, un llarg viatge fins al camp, despertar d&#8217;hora, fred i just amb 7 jugadores, sense canvis, \u00e9s a dir, un conjunt de situacions que per si mateixes, ja farien d&#8217;aquest partit, un partit complicat.<br \/>\nFins i tot aix\u00ed, s&#8217;ha de valorar l&#8217;esfor\u00e7 de les nostres nenes que van donar tot el que podien i van acabar el partit completament\u00a0<span class=\"hiddenGrammarError\">esgotades<\/span>. S&#8217;ha de valorar tamb\u00e9 la recepci\u00f3 del cos t\u00e8cnic del Girona, vestuari preparat amb pilotes per a escalfament, ampolles d&#8217;aigua, preocupaci\u00f3 pel benestar de la Grama&#8230; una situaci\u00f3 molt poc comuna en aquesta lliga. Durant el partit les nostres en un dels quarts sense una jugadora per lesi\u00f3 en el nas, l&#8217;entrenador rival no va pensar ni un segon a llevar una de les seves del terreny de joc per a deixar equiparat l&#8217;equip.<br \/>\nQuan ja estava 7-0, l&#8217;entrenador contrari va exigir de les seves jugadores: treball de passades i canvi d&#8217;orientacions abans d&#8217;atacar per m\u00e9s gols. A m\u00e9s deixava a la Grama sortir a jugar sense pressions, donant clara mostra que tenia potencial per a tenir un marcador m\u00e9s el\u00e0stic per\u00f2 el principal era jugar i gaudir d&#8217;un partit de futbol.<br \/>\nAl final tots a aplaudir el nostre esfor\u00e7, l&#8217;esfor\u00e7 de\u00a0les\u00a0nostres jugadores que van perdre per 12-1, per\u00f2 va quedar amb l&#8217;esportivitat del Girona, un exemple a ser seguit.<\/p>\n<p>Girona 12 &#8211; Infantil femenino 1<\/p>\n<p>Nuestras chicas del Infantil femenino jugaban el domingo un partido dif\u00edcil contra un rival con mucha t\u00e9cnica, el Girona, un largo viaje hasta al campo, despertar temprano, frio, y justo con 7 jugadoras, sin cambios, es decir, un conjunto de situaciones que por si solo, ya har\u00eda de ese partido un partido complicado.<br \/>\nAun\u00a0as\u00ed hay se debe valorar el esfuerzo de nuestras ni\u00f1as, que dieron todo lo que pod\u00edan y acabaron el partido completamente agotadas. Hay de valorar tambi\u00e9n la recepci\u00f3n del cuerpo t\u00e9cnico del Girona, vestuario preparado con balones para calentamiento, botellas de agua, preocupaci\u00f3n por el bienestar de la Grama, una situaci\u00f3n muy poco com\u00fan en esa liga. Durante el partido las nuestras en uno de los cuartos sin una jugadora por lesi\u00f3n en la nariz, el entrenador rival no pens\u00f3 ni un segundo en quitar una de las suyas del terreno de juego para dejar equiparado el equipo.<br \/>\nCuando ya estaba 7-0, el entrenador contrario exigi\u00f3 de sus jugadoras trabajo de pases y cambio de orientaciones antes de atacar por m\u00e1s goles. Adem\u00e1s dejaba a la Grama salir a jugar sin presiones, dando clara muestra que ten\u00eda potencial para tener un marcador m\u00e1s el\u00e1stico pero lo principal era jugar y disfrutar de un partido de f\u00fatbol.<br \/>\nAl final todos a aplaudir nuestro esfuerzo, el esfuerzo de las nuestras jugadoras que perdieron por 12-1, pero qued\u00f3 con la deportividad del Girona, ejemplo a ser seguido.<\/p>\n","protected":false},"excerpt":{"rendered":"<p>Amateur Femen\u00ed 0 &#8211;\u00a0 Planadeu Sabadell 3 El diumenge a la tarda jugava el nostre Amateur Femen\u00ed a casa contra el Planadeu un partit que va resultar estar molt igualat malgrat el resultat. Les nostres noies de l&#8217;Amateur no van saber trobar el seu joc en cap moment del partit, ja que portaven el partit [&hellip;]<\/p>\n","protected":false},"author":1,"featured_media":27480,"comment_status":"closed","ping_status":"closed","sticky":false,"template":"","format":"standard","meta":{"footnotes":""},"categories":[13],"tags":[],"class_list":["post-27404","post","type-post","status-publish","format-standard","has-post-thumbnail","hentry","category-femeni"],"_links":{"self":[{"href":"http:\/\/fegrama.cat\/web\/wp-json\/wp\/v2\/posts\/27404","targetHints":{"allow":["GET"]}}],"collection":[{"href":"http:\/\/fegrama.cat\/web\/wp-json\/wp\/v2\/posts"}],"about":[{"href":"http:\/\/fegrama.cat\/web\/wp-json\/wp\/v2\/types\/post"}],"author":[{"embeddable":true,"href":"http:\/\/fegrama.cat\/web\/wp-json\/wp\/v2\/users\/1"}],"replies":[{"embeddable":true,"href":"http:\/\/fegrama.cat\/web\/wp-json\/wp\/v2\/comments?post=27404"}],"version-history":[{"count":4,"href":"http:\/\/fegrama.cat\/web\/wp-json\/wp\/v2\/posts\/27404\/revisions"}],"predecessor-version":[{"id":27482,"href":"http:\/\/fegrama.cat\/web\/wp-json\/wp\/v2\/posts\/27404\/revisions\/27482"}],"wp:featuredmedia":[{"embeddable":true,"href":"http:\/\/fegrama.cat\/web\/wp-json\/wp\/v2\/media\/27480"}],"wp:attachment":[{"href":"http:\/\/fegrama.cat\/web\/wp-json\/wp\/v2\/media?parent=27404"}],"wp:term":[{"taxonomy":"category","embeddable":true,"href":"http:\/\/fegrama.cat\/web\/wp-json\/wp\/v2\/categories?post=27404"},{"taxonomy":"post_tag","embeddable":true,"href":"http:\/\/fegrama.cat\/web\/wp-json\/wp\/v2\/tags?post=27404"}],"curies":[{"name":"wp","href":"https:\/\/api.w.org\/{rel}","templated":true}]}}