{"id":27394,"date":"2019-11-19T16:02:24","date_gmt":"2019-11-19T15:02:24","guid":{"rendered":"http:\/\/fegrama.cat\/web\/?p=27394"},"modified":"2019-11-19T16:02:24","modified_gmt":"2019-11-19T15:02:24","slug":"croniques-dels-alevins-amb-la-terrible-derrota-de-l-e","status":"publish","type":"post","link":"http:\/\/fegrama.cat\/web\/croniques-dels-alevins-amb-la-terrible-derrota-de-l-e\/","title":{"rendered":"Cr\u00f2niques dels Alevins amb la terrible derrota de l&#8217; \u00abE\u00bb."},"content":{"rendered":"<p><span style=\"font-weight: 400;\">Catalonia 6 &#8211; Alev\u00ed \u201cC\u201d 4<\/span><\/p>\n<p><span style=\"font-weight: 400;\">Els nostres Alevins del C jugaven la setmana passada un partit que comen\u00e7ava amb un primer quart dolent on els nostres finalitzaven amb un 3 a 0 que va penalitzar per a tot el partit. A l&#8217;equip dels blaus li va costar entrar en la trobada. En el segon quart els nois van escur\u00e7ar dist\u00e0ncies per a anar al descans amb un 3 a 1, despr\u00e9s d&#8217;un canvi de cara considerable. Despr\u00e9s de la represa l&#8217;equip encaixa el 4t gol res m\u00e9s comen\u00e7ar despr\u00e9s d&#8217;una jugada del Catalonia amb rematada afortunada. Cinc minuts despr\u00e9s els de Barcelona ampliaven el marcador fins al 5 a 1. Per\u00f2 el resultat no feia just\u00edcia amb el joc que es veia sobre el camp. Els de Santa Coloma, desplegaven un bon futbol. No van abaixar els bra\u00e7os i prova d&#8217;aix\u00f2 va ser el 5 a 3. Per\u00f2 la sort no estava amb l&#8217;equip i en una bona jugada on l&#8217;equip rematava fins a 6 ocasions dins de l&#8217;\u00e0rea, inclosos dos p\u00f2sters, semblava que la sort era esquiva. En una contra els nostres rebien el 6 a 3 per\u00f2 no es van ensorrar, tornant a reduir l&#8217;avantatge amb un altre gran gol posant el 6 a 4 final. Les bones intervencions del seu porter, les tres pilotes a la fusta i el primer quart dels nostres, no ens van permetre portar-nos un premi major.<\/span><\/p>\n<p>&nbsp;<\/p>\n<p><span style=\"font-weight: 400;\">Catalonia 6 &#8211; Alev\u00edn \u201cC\u201d 4<\/span><\/p>\n<p><span style=\"font-weight: 400;\">Nuestros Alevines del C jugaban la semana pasada un partido que empezaba con un mal primer cuarto donde los nuestros finalizaban con un 3 a 0 que penaliz\u00f3 para todo el partido. Al equipo de los azules le cost\u00f3 entrar en el encuentro. En el segundo cuarto los chicos acortaron distancias para ir al descanso con un 3 a 1, tras un cambio de cara considerable. Tras la reanudaci\u00f3n el equipo encaja el 4 nada m\u00e1s empezar tras una jugada del <\/span><span style=\"font-weight: 400;\">Catalonia<\/span><span style=\"font-weight: 400;\"> con remate afortunado. Cinco minutos despu\u00e9s los de Barcelona ampliaban el marcador hasta el 5 a 1. Pero el resultado no hac\u00eda justicia con el juego <\/span><span style=\"font-weight: 400;\">que<\/span><span style=\"font-weight: 400;\"> se ve\u00eda sobre el campo. Los de Santa Coloma, desplegaban un buen f\u00fatbol. No bajaron los brazos y prueba de ello fue el 5 a 3. Pero la suerte no estaba con el equipo y en una buena jugada donde el equipo remataba hasta en 6 ocasiones dentro del \u00e1rea, incluidos dos <\/span><span style=\"font-weight: 400;\">posters<\/span><span style=\"font-weight: 400;\">, parec\u00eda que la suerte era esquiva. En una contra los nuestros recib\u00edan el 6 a 3 pero los azules no se vinieron abajo, volviendo a reducir la ventaja con otro gran gol poniendo el 6 a 4 final. Las buenas intervenciones de su portero, los tres balones a la madera y el primer cuarto de los nuestros, no nos permitieron llevarnos un premio mayor.<\/span><\/p>\n<p>&nbsp;<\/p>\n<p>[divider]<\/p>\n<p>&nbsp;<\/p>\n<p><span style=\"font-weight: 400;\">Badalona 5- Alev\u00ed \u201cD\u201d 2<\/span><\/p>\n<p><span style=\"font-weight: 400;\">El dissabte passat els nostres Alevins del D jugaven fora de casa la seva primera derrota de la temporada contra el Badalona. El Badalona va guanyar 5-2 i la Grama va perdre el lideratge per primera vegada en tota la lliga.<\/span><\/p>\n<p><span style=\"font-weight: 400;\">El partit va comen\u00e7ar molt igualat i els dos equips van perdonar diferents ocasions. Per\u00f2 al final del primer quart va ser el Badalona qui es va avan\u00e7ar despr\u00e9s d&#8217;un gran gol col\u00b7lectiu. Despr\u00e9s del primer gol, va seguir el mateix ritme dels dos equips i la Grama no va abaixar els bra\u00e7os en cap moment. Per\u00f2 malgrat les seves moltes oportunitats, el Badalona va tornar a marcar i augmentar la difer\u00e8ncia just abans del descans.<\/span><\/p>\n<p><span style=\"font-weight: 400;\">Despr\u00e9s de la mitja part, la Grama va reaccionar i va aconseguir empatar pel que va poder posar-se per davant, per\u00f2 va tornar a perdonar, fins que els locals van anotar el tercer gol i van sentenciar el partit.<\/span><\/p>\n<p>&nbsp;<\/p>\n<p><span style=\"font-weight: 400;\">Badalona 5- Alev\u00edn \u201cD\u201d 2<\/span><\/p>\n<p><span style=\"font-weight: 400;\">El s\u00e1bado pasado nuestros Alevines del D jugaban fuera de casa su primera derrota de la temporada contra el Badalona. El Badalona gan\u00f3 5-2 y la Grama perdi\u00f3 el liderato por primera vez en toda la liga.<\/span><\/p>\n<p><span style=\"font-weight: 400;\">El partido empez\u00f3 muy igualado y los dos equipos perdonaron diferentes ocasiones. Pero al final del primer cuarto fue el Badalona quien se avanz\u00f3 despu\u00e9s de un gran gol colectivo. Despu\u00e9s del primer gol, sigui\u00f3 el mismo ritmo de los dos equipos y la Grama no baj\u00f3 los brazos en ning\u00fan momento. Pero pese a sus muchas oportunidades, el Badalona volvi\u00f3 a marcar y aumentar la diferencia justo antes del descanso.<\/span><\/p>\n<p><span style=\"font-weight: 400;\">Despu\u00e9s de la media parte, la Grama reaccion\u00f3 y consigui\u00f3 empatar por lo que pudo ponerse por delante, pero volvi\u00f3 a perdonar, hasta que los locales anotaron el tercer gol y sentenciaron el partido.<\/span><\/p>\n<p>&nbsp;<\/p>\n<p>[divider]<\/p>\n<p>&nbsp;<\/p>\n<p><span style=\"font-weight: 400;\">Alev\u00ed \u201cE\u201d 1 &#8211; Premier 14\u00a0<\/span><\/p>\n<p><span style=\"font-weight: 400;\">Diumenge passat jugaven un partit els nostres petits de l&#8217;Alev\u00ed E on, malgrat el resultat, van fer uns molts bons primers quarts de joc.<\/span><\/p>\n<p><span style=\"font-weight: 400;\">En l&#8217;\u00faltim quart per\u00f2 va ser quan en un minut els contraris van fer tres gols i els nostres es van ensorrar.<\/span><\/p>\n<p><span style=\"font-weight: 400;\">Ara toca treballar pel seg\u00fcent partit.<\/span><\/p>\n<p>&nbsp;<\/p>\n<p><span style=\"font-weight: 400;\">Alev\u00edn \u201cE\u201d 1 &#8211; Premier 14\u00a0<\/span><\/p>\n<p><span style=\"font-weight: 400;\">El pasado domingo jugaban un partido nuestros peque\u00f1os de la Alev\u00edn E d\u00f3nde, a pesar del resultado, hicieron unos buenos primeros cuartos de juego.<\/span><\/p>\n<p><span style=\"font-weight: 400;\">En el \u00faltimo cuarto fue cuando en tan solo un minuto los contrarios marcaron tres goles y los nuestros se hundieron.<\/span><\/p>\n<p>&nbsp;<\/p>\n<p>[divider]<\/p>\n<p>&nbsp;<\/p>\n<p>Catalonia 6 &#8211; Alev\u00ed \u201cF\u201d 1<\/p>\n<p><span style=\"font-weight: 400;\">El dissabte passat els nostres nois de l&#8217;Alev\u00ed F jugaven un partit molt fluix contra el Catalonia. Al principi van comen\u00e7ar molt b\u00e9 per\u00f2 a poc a poc van anar a pitjor, a difer\u00e8ncia del rival que cada vegada anava a millor. Els nostres no van saber defensar les seves accions i les que els visitants tenien no eren encertades, per tant va acabar el partit amb una derrota justa pels nostres.<\/span><\/p>\n<p>&nbsp;<\/p>\n<p>Catalonia 6 &#8211; Alev\u00edn \u201cF\u201d 1<\/p>\n<p><span style=\"font-weight: 400;\">El pasado s\u00e1bado nuestros chicos de la Alev\u00edn F jugaban un partido muy flojo contra el Catalonia. Al principio empezaron muy bien pero poco a poco fueron a peor, a diferencia del rival que cada vez iba a mejor. Los nuestros no supieron defender sus acciones y las que ten\u00edan no eran acertadas, por lo tanto acab\u00f3 el partido con una derrota justa para los nuestros.<\/span><\/p>\n<p>&nbsp;<\/p>\n","protected":false},"excerpt":{"rendered":"<p>Catalonia 6 &#8211; Alev\u00ed \u201cC\u201d 4 Els nostres Alevins del C jugaven la setmana passada un partit que comen\u00e7ava amb un primer quart dolent on els nostres finalitzaven amb un 3 a 0 que va penalitzar per a tot el partit. A l&#8217;equip dels blaus li va costar entrar en la trobada. En el segon [&hellip;]<\/p>\n","protected":false},"author":1,"featured_media":0,"comment_status":"closed","ping_status":"closed","sticky":false,"template":"","format":"standard","meta":{"footnotes":""},"categories":[10,4],"tags":[],"class_list":["post-27394","post","type-post","status-publish","format-standard","hentry","category-alevins","category-base-inclusiu"],"_links":{"self":[{"href":"http:\/\/fegrama.cat\/web\/wp-json\/wp\/v2\/posts\/27394","targetHints":{"allow":["GET"]}}],"collection":[{"href":"http:\/\/fegrama.cat\/web\/wp-json\/wp\/v2\/posts"}],"about":[{"href":"http:\/\/fegrama.cat\/web\/wp-json\/wp\/v2\/types\/post"}],"author":[{"embeddable":true,"href":"http:\/\/fegrama.cat\/web\/wp-json\/wp\/v2\/users\/1"}],"replies":[{"embeddable":true,"href":"http:\/\/fegrama.cat\/web\/wp-json\/wp\/v2\/comments?post=27394"}],"version-history":[{"count":1,"href":"http:\/\/fegrama.cat\/web\/wp-json\/wp\/v2\/posts\/27394\/revisions"}],"predecessor-version":[{"id":27395,"href":"http:\/\/fegrama.cat\/web\/wp-json\/wp\/v2\/posts\/27394\/revisions\/27395"}],"wp:attachment":[{"href":"http:\/\/fegrama.cat\/web\/wp-json\/wp\/v2\/media?parent=27394"}],"wp:term":[{"taxonomy":"category","embeddable":true,"href":"http:\/\/fegrama.cat\/web\/wp-json\/wp\/v2\/categories?post=27394"},{"taxonomy":"post_tag","embeddable":true,"href":"http:\/\/fegrama.cat\/web\/wp-json\/wp\/v2\/tags?post=27394"}],"curies":[{"name":"wp","href":"https:\/\/api.w.org\/{rel}","templated":true}]}}