{"id":27392,"date":"2019-11-19T15:41:16","date_gmt":"2019-11-19T14:41:16","guid":{"rendered":"http:\/\/fegrama.cat\/web\/?p=27392"},"modified":"2019-11-19T15:41:16","modified_gmt":"2019-11-19T14:41:16","slug":"croniques-dels-juvenils-amb-els-guerrers-del-b","status":"publish","type":"post","link":"http:\/\/fegrama.cat\/web\/croniques-dels-juvenils-amb-els-guerrers-del-b\/","title":{"rendered":"Cr\u00f2niques dels Juvenils amb els guerrers del \u00abB\u00bb"},"content":{"rendered":"<p>Juvenil \u201cB\u201d 3 &#8211; Martinenc 1<br \/>\nEl dissabte passat el Juvenil B disputava a casa el seu set\u00e8 partit en aquest cas contra el Martinenc. Va ser un partit molt treballat dels nostres que van haver d&#8217;estr\u00e8nyer en els \u00faltims minuts per a fer-se amb els tres punts.<br \/>\nLa primera part va comen\u00e7ar i acabar amb domini de la Grama, encara que sense moltes ocasions. Res m\u00e9s comen\u00e7ar, en el minut tres, va marcar la Grama en una jugada per banda, despr\u00e9s d&#8217;un canvi d&#8217;orientaci\u00f3 i un centre que va rematar el jugador Oliver. Despr\u00e9s del gol la Grama, continuaven dominant els nostres sense crear perill i sense tenir problemes en defensa, per la qual cosa el partit es va tornar lent i sense grans ocasions el que afavoria al Martinenc.<br \/>\nLa segona part va comen\u00e7ar igual que havia acabat la primera, molt de domini de la Grama per\u00f2 sense trepitjar molt l&#8217;\u00e0rea, m\u00e9s que en alguna ocasi\u00f3 a\u00efllada. El Martinenc esperava la seva ocasi\u00f3 per a encertar i la va aconseguir, mancant a 15 minuts del final va empatar. Va ser en aquest moment quan la Grama va tornar a despertar, on en els \u00faltims deu minuts va fer el que no va fer en tot el partit, jugar a sentenciar. En un corner Arnau va rematar una pilota morta en una jugada de servei de banda i un centre, Sergi va fer un gran 1C1 i va batre per sota al porter.<br \/>\nEl juvenil B segueix a dalt amb els favorits, felicitats equip.<\/p>\n<p>Juvenil \u201cB\u201d 3 &#8211; Martinenc 1<br \/>\nEl s\u00e1bado pasado el Juvenil B disputaba en casa su s\u00e9ptimo partido en este caso contra el Martinenc. Fue un partido muy trabajado de los nuestros que tuvieron que apretar en los \u00faltimos minutos para hacerse con los tres puntos. La primera parte empez\u00f3 y acab\u00f3 con dominio de la Grama, aunque sin muchas ocasiones. Nada m\u00e1s empezar, en el minuto tres, marc\u00f3 la Grama en una jugada por banda, despu\u00e9s de un cambio de orientaci\u00f3n y un centro que remat\u00f3 el jugador Oliver. Tras el gol la Grama, segu\u00edan dominando los nuestros sin crear peligro y sin tener problemas en defensa, por lo que el partido se volvi\u00f3 lento y sin grandes ocasiones lo que favorec\u00eda al Martinenc.<br \/>\nLa segunda parte empez\u00f3 igual que hab\u00eda acabado la primera, mucho dominio de la Grama pero sin pisar mucho el \u00e1rea, m\u00e1s que en alguna ocasi\u00f3n aislada. El Martinenc esperaba su ocasi\u00f3n para acertar y la consigui\u00f3, a falta de 15 minutos empat\u00f3. Fue en ese momento cuando la Grama volvi\u00f3 a despertar, que en los \u00faltimos diez minutos hizo lo que no hizo en todo el partido, jugar a sentenciar. En un c\u00f3rner Arnau remat\u00f3 un bal\u00f3n muerto en una jugada de saque de banda y un centro, Sergi hizo un gran 1C1 y bati\u00f3 por bajo al portero. El juvenil B sigue arriba con los favoritos, felicidades equipo.<\/p>\n<p>&nbsp;<\/p>\n<p>[divider]<\/p>\n<p>&nbsp;<\/p>\n<p>E.Pedraza 3- Juvenil \u201cD\u201d 2<\/p>\n<p><span style=\"font-weight: 400;\">El diumenge passat els nostres Juvenils del \u00abD\u00bb jugaven un gran partit en la b\u00e0scula en una primera part igualada on l&#8217;equip local es trobava m\u00e9s a gust, per\u00f2 els nostres mitjan\u00e7ant contres creaven perill i aix\u00f2 va fer que s&#8217;an\u00e9s a la mitja part amb 1-1 en el marcador.<\/span><\/p>\n<p><span style=\"font-weight: 400;\">En la segona part tot va canviar perqu\u00e8 la Fundaci\u00f3 comen\u00e7ava a trobar el seu lloc en el camp i controlava el partit, per\u00f2 un gol a pilota parada de l&#8217;equip local posava el 2-1 en el marcador. El Juvenil D no es donava per ven\u00e7ut i despr\u00e9s d&#8217;una bona triangulaci\u00f3 des de darrere feia que empat\u00e9s el partit.<\/span><\/p>\n<p><span style=\"font-weight: 400;\">Semblava que el partit acabaria amb un empat a dos per\u00f2 ja en el temps de descompte en un possible fora de joc, l&#8217;equip local adquiriria la vict\u00f2ria i amb el resultat final de 3-2.<\/span><\/p>\n<p>&nbsp;<\/p>\n<p>E.Pedraza 3- Juvenil \u201cD\u201d 2<\/p>\n<p><span style=\"font-weight: 400;\">El domingo pasado nuestros Juveniles del \u201cD\u201d jugaban un gran partido en la b\u00e1scula. En una primera parte igualada donde el equipo local se encontraba m\u00e1s a gusto, pero los nuestros mediante contras creaban peligro y eso hizo que se fuera a la media parte con 1-1 en el marcador.<\/span><\/p>\n<p><span style=\"font-weight: 400;\">En la segunda parte todo cambi\u00f3 la Fundaci\u00f3n empezaba a encontrar su sitio en el campo y controlaba el partido, pero un gol a bal\u00f3n parado del equipo local pon\u00eda el 2-1 en el marcador. El Juvenil D no se daba por vencido y tras una buena triangulaci\u00f3n desde atr\u00e1s hacia que empatase el partido.<\/span><\/p>\n<p><span style=\"font-weight: 400;\">Parec\u00eda que el partido acabar\u00eda con un empate a dos pero ya en el tiempo de descuento en un posible fuera de juego, el equipo local se hac\u00eda con la victoria y con el resultado final de 3-2.<\/span><\/p>\n<p>&nbsp;<\/p>\n","protected":false},"excerpt":{"rendered":"<p>Juvenil \u201cB\u201d 3 &#8211; Martinenc 1 El dissabte passat el Juvenil B disputava a casa el seu set\u00e8 partit en aquest cas contra el Martinenc. Va ser un partit molt treballat dels nostres que van haver d&#8217;estr\u00e8nyer en els \u00faltims minuts per a fer-se amb els tres punts. La primera part va comen\u00e7ar i acabar [&hellip;]<\/p>\n","protected":false},"author":1,"featured_media":0,"comment_status":"closed","ping_status":"closed","sticky":false,"template":"","format":"standard","meta":{"footnotes":""},"categories":[4,6],"tags":[],"class_list":["post-27392","post","type-post","status-publish","format-standard","hentry","category-base-inclusiu","category-juvenils"],"_links":{"self":[{"href":"http:\/\/fegrama.cat\/web\/wp-json\/wp\/v2\/posts\/27392","targetHints":{"allow":["GET"]}}],"collection":[{"href":"http:\/\/fegrama.cat\/web\/wp-json\/wp\/v2\/posts"}],"about":[{"href":"http:\/\/fegrama.cat\/web\/wp-json\/wp\/v2\/types\/post"}],"author":[{"embeddable":true,"href":"http:\/\/fegrama.cat\/web\/wp-json\/wp\/v2\/users\/1"}],"replies":[{"embeddable":true,"href":"http:\/\/fegrama.cat\/web\/wp-json\/wp\/v2\/comments?post=27392"}],"version-history":[{"count":1,"href":"http:\/\/fegrama.cat\/web\/wp-json\/wp\/v2\/posts\/27392\/revisions"}],"predecessor-version":[{"id":27393,"href":"http:\/\/fegrama.cat\/web\/wp-json\/wp\/v2\/posts\/27392\/revisions\/27393"}],"wp:attachment":[{"href":"http:\/\/fegrama.cat\/web\/wp-json\/wp\/v2\/media?parent=27392"}],"wp:term":[{"taxonomy":"category","embeddable":true,"href":"http:\/\/fegrama.cat\/web\/wp-json\/wp\/v2\/categories?post=27392"},{"taxonomy":"post_tag","embeddable":true,"href":"http:\/\/fegrama.cat\/web\/wp-json\/wp\/v2\/tags?post=27392"}],"curies":[{"name":"wp","href":"https:\/\/api.w.org\/{rel}","templated":true}]}}