{"id":27377,"date":"2019-11-18T18:53:40","date_gmt":"2019-11-18T17:53:40","guid":{"rendered":"http:\/\/fegrama.cat\/web\/?p=27377"},"modified":"2019-11-18T22:47:30","modified_gmt":"2019-11-18T21:47:30","slug":"els-veterans-hauran-de-seguir-lluitant","status":"publish","type":"post","link":"http:\/\/fegrama.cat\/web\/els-veterans-hauran-de-seguir-lluitant\/","title":{"rendered":"Els Veterans hauran de seguir lluitant."},"content":{"rendered":"<p><span style=\"font-weight: 400;\">Monta\u00f1esa 5 &#8211; Veterans 4<\/span><\/p>\n<p><span style=\"font-weight: 400;\">Diumenge passat van jugar els nostres Veterans de la Fundaci\u00f3 sofrint una derrota molt injusta vist el desenvolupament del partit i el joc desplegat per cada equip.<\/span><\/p>\n<p><span style=\"font-weight: 400;\">En aquest partit la F.E.Grama comptava amb moltes baixes i arribaven amb l&#8217;equip una mica just per\u00f2 que des del primer moment van prendre el comandament del partit i van prendre possessi\u00f3 de la pilota. Gr\u00e0cies a ells, els Veterans es van posar per davant en el marcador fins a dues ocasions que la Monta\u00f1esa gr\u00e0cies a dues contres els van aconseguir empatar. Amb resultat d&#8217;empat a dos es va arribar al descans.<\/span><\/p>\n<p><span style=\"font-weight: 400;\">La segona part va comen\u00e7ar en la mateixa l\u00ednia de la primera i els Veterans de la Grama eren els amos del joc pel que es van tornar a posar per davant, per\u00f2 la Monta\u00f1esa tornava a empatar gr\u00e0cies a una pilota a l&#8217;\u00e0rea i una rematada des de la vora que entrava per l&#8217;esquadra. Els jugadors de la Fundaci\u00f3 buscaven de nou la porteria contr\u00e0ria per a tornar a posar-se per davant i en una contra de la Monta\u00f1esa, una fallada defensiva els permetia posar-se per davant en el marcador. Per primera vegada en el partit tocava remuntar, la Fundaci\u00f3 es bolcava buscant la porteria contr\u00e0ria. Una recuperaci\u00f3 al mig camp i una xutada llunyana que entrava per l&#8217;esquadra tornava a posar l&#8217;empat a 4 gols en el marcador. El partit entrava en els minuts finals i tot feia presagiar que si algun equip marcava, seria la Fundaci\u00f3, que era que tenia el domini del joc, per\u00f2 una falta en l&#8217;\u00faltim sospir a trenta metres de la porteria acabaria sent el cinqu\u00e8 gol de la Monta\u00f1esa, i per tant, el que li donava la vict\u00f2ria just en marcar quan l&#8217;\u00e0rbitre xiulava el final del partit.<\/span><\/p>\n<p><span style=\"font-weight: 400;\">Dolorosa derrota que fa que els Veterans no surtin de la zona baixa de la classificaci\u00f3.<\/span><\/p>\n<p>&nbsp;<\/p>\n<p>[divider]<\/p>\n<p>&nbsp;<\/p>\n<p><span style=\"font-weight: 400;\">Monta\u00f1esa 5 &#8211; Veteranos 4<\/span><\/p>\n<p><span style=\"font-weight: 400;\">Domingo pasado jugaron nuestros Veteranos de la Fundaci\u00f3n sufriendo una derrota muy injusta visto el desarrollo del partido y el juego desplegado por cada equipo.<\/span><\/p>\n<p><span style=\"font-weight: 400;\">Partido en el que la F.E.Grama con muchas bajas llegaban con el equipo un poco justo pero que desde el primer momento tomaron el mando del partido y se hicieron con el bal\u00f3n. Gracias a ellos los Veteranos se pusieron por delante en el marcador hasta en dos ocasiones que la Monta\u00f1esa gracias a dos contras los consiguieron empatar. Con resultado de empate a dos se lleg\u00f3 al descanso.<\/span><\/p>\n<p><span style=\"font-weight: 400;\">La segunda parte comenz\u00f3 en la misma l\u00ednea de la primera y los Veteranos de la Grama eran due\u00f1os del juego por lo que se volvieron a poner por delante, pero la Monta\u00f1esa volv\u00eda empatar gracias a un bal\u00f3n <\/span><span style=\"font-weight: 400;\">al<\/span><span style=\"font-weight: 400;\"> \u00e1rea y un remate desde el borde que entraba por la escuadra. Los jugadores de la Fundaci\u00f3n buscaban de nuevo la porter\u00eda contraria para volver a ponerse por delante y en una contra de la Monta\u00f1esa un fallo defensivo les permit\u00eda ponerse por delante en el marcador. Por primera vez en el partido, tocaba remontar, la Fundaci\u00f3n se volcaba buscando la porter\u00eda contraria. Una recuperaci\u00f3n en medio campo y un chute lejano que entraba por la escuadra volv\u00eda a poner el empate a 4 goles en el marcador. El partido entraba en los minutos finales y todo hac\u00eda presagiar que si alg\u00fan equipo marcaba era la Fundaci\u00f3n, que era que ten\u00eda el dominio del juego, pero una falta en el \u00faltimo suspiro a treinta metros de la porter\u00eda acabar\u00eda siendo el quinto gol de la Monta\u00f1esa y por tanto el que le daba la victoria justo al marcar cuando el \u00e1rbitro pitaba el final del partido.<\/span><\/p>\n<p><span style=\"font-weight: 400;\">Dolorosa derrota que hace que los Veteranos no salgan de la zona baja de la clasificaci\u00f3n.<\/span><\/p>\n","protected":false},"excerpt":{"rendered":"<p>Monta\u00f1esa 5 &#8211; Veterans 4 Diumenge passat van jugar els nostres Veterans de la Fundaci\u00f3 sofrint una derrota molt injusta vist el desenvolupament del partit i el joc desplegat per cada equip. En aquest partit la F.E.Grama comptava amb moltes baixes i arribaven amb l&#8217;equip una mica just per\u00f2 que des del primer moment van [&hellip;]<\/p>\n","protected":false},"author":1,"featured_media":0,"comment_status":"closed","ping_status":"closed","sticky":false,"template":"","format":"standard","meta":{"footnotes":""},"categories":[4,751],"tags":[],"class_list":["post-27377","post","type-post","status-publish","format-standard","hentry","category-base-inclusiu","category-veterans"],"_links":{"self":[{"href":"http:\/\/fegrama.cat\/web\/wp-json\/wp\/v2\/posts\/27377","targetHints":{"allow":["GET"]}}],"collection":[{"href":"http:\/\/fegrama.cat\/web\/wp-json\/wp\/v2\/posts"}],"about":[{"href":"http:\/\/fegrama.cat\/web\/wp-json\/wp\/v2\/types\/post"}],"author":[{"embeddable":true,"href":"http:\/\/fegrama.cat\/web\/wp-json\/wp\/v2\/users\/1"}],"replies":[{"embeddable":true,"href":"http:\/\/fegrama.cat\/web\/wp-json\/wp\/v2\/comments?post=27377"}],"version-history":[{"count":2,"href":"http:\/\/fegrama.cat\/web\/wp-json\/wp\/v2\/posts\/27377\/revisions"}],"predecessor-version":[{"id":27382,"href":"http:\/\/fegrama.cat\/web\/wp-json\/wp\/v2\/posts\/27377\/revisions\/27382"}],"wp:attachment":[{"href":"http:\/\/fegrama.cat\/web\/wp-json\/wp\/v2\/media?parent=27377"}],"wp:term":[{"taxonomy":"category","embeddable":true,"href":"http:\/\/fegrama.cat\/web\/wp-json\/wp\/v2\/categories?post=27377"},{"taxonomy":"post_tag","embeddable":true,"href":"http:\/\/fegrama.cat\/web\/wp-json\/wp\/v2\/tags?post=27377"}],"curies":[{"name":"wp","href":"https:\/\/api.w.org\/{rel}","templated":true}]}}