{"id":27373,"date":"2019-11-18T17:10:47","date_gmt":"2019-11-18T16:10:47","guid":{"rendered":"http:\/\/fegrama.cat\/web\/?p=27373"},"modified":"2019-11-18T17:12:44","modified_gmt":"2019-11-18T16:12:44","slug":"croniques-dels-cadets-amb-la-gran-golejada-del-d","status":"publish","type":"post","link":"http:\/\/fegrama.cat\/web\/croniques-dels-cadets-amb-la-gran-golejada-del-d\/","title":{"rendered":"Cr\u00f2niques dels Cadets amb la gran golejada del \u00abD\u00bb"},"content":{"rendered":"<p><a href=\"http:\/\/fegrama.cat\/web\/wp-content\/uploads\/2019\/11\/cadet-a.jpeg\"><img loading=\"lazy\" decoding=\"async\" class=\"alignnone wp-image-27374\" src=\"http:\/\/fegrama.cat\/web\/wp-content\/uploads\/2019\/11\/cadet-a-254x300.jpeg\" alt=\"\" width=\"440\" height=\"520\" srcset=\"http:\/\/fegrama.cat\/web\/wp-content\/uploads\/2019\/11\/cadet-a-254x300.jpeg 254w, http:\/\/fegrama.cat\/web\/wp-content\/uploads\/2019\/11\/cadet-a-768x908.jpeg 768w, http:\/\/fegrama.cat\/web\/wp-content\/uploads\/2019\/11\/cadet-a-866x1024.jpeg 866w, http:\/\/fegrama.cat\/web\/wp-content\/uploads\/2019\/11\/cadet-a.jpeg 1242w\" sizes=\"auto, (max-width: 440px) 100vw, 440px\" \/><\/a><\/p>\n<p><span style=\"font-weight: 400;\">Monta\u00f1esa 2 &#8211; Cadet \u201cA\u201d 3\u00a0<\/span><\/p>\n<p><span style=\"font-weight: 400;\">Bona vict\u00f2ria del Cadet A en un camp dif\u00edcil a causa de les dimensions redu\u00efdes.<\/span><\/p>\n<p><span style=\"font-weight: 400;\">El partit es posava aviat de cara per als Colomencs que en el minut 9, l&#8217;Hector despr\u00e9s de passada del jugador Rub\u00e9n ens va donar el 0-1 al marcador. La Fundaci\u00f3 continuava dominant a una Monta\u00f1esa que esperava als visitants per a contraatacar. Poc abans del descans, el jugador punta Iker feia el 0-2, resultat amb el qual s&#8217;arribaria al descans.<\/span><\/p>\n<p><span style=\"font-weight: 400;\">En la represa del partit, el conjunt de Nou Barris sortia estrenyent a dalt en una recerca per retallar dist\u00e0ncies, per\u00f2 seria de nou la Grama qui faria el 0-3 gr\u00e0cies al jugador Rub\u00e9n Cifuentes que despr\u00e9s de superar a quatre adversaris va col\u00b7locar la pilota al fons de les malles. Els de Manu Pel\u00e1ez continuaven atacant buscant ampliar el marcador, per\u00f2 en un error fortu\u00eft, seria la Monta\u00f1esa qui en el minut 60 escurc\u00e9s dist\u00e0ncies. A partir d&#8217;aqu\u00ed, el nerviosisme dels blaus que veien com la Monta\u00f1esa a pilota parada, feia molt de mal. En una d&#8217;aquestes accions a pilota parada penjant a l&#8217;\u00e0rea, arribaria el 2-3 en els minuts finals, minuts que els de Santa Coloma van saber sofrir i aguantar per a emportar-se els 3 punts.<\/span><\/p>\n<p>&nbsp;<\/p>\n<p><span style=\"font-weight: 400;\">Monta\u00f1esa 2 &#8211; Cadete \u201cA\u201d 3\u00a0<\/span><\/p>\n<p><span style=\"font-weight: 400;\">Buena victoria del Cadete A en un campo dif\u00edcil debido a las reducidas dimensiones.<\/span><\/p>\n<p><span style=\"font-weight: 400;\">El partido se pon\u00eda pronto de cara para lo Colomenses que en el minuto 9 , Hector tras pase de Rub\u00e9n hacia el 0-1. La Fundaci\u00f3n segu\u00eda dominando a una Monta\u00f1esa que esperaba a los visitantes para contragolpear. Poco antes del descanso, el punta Iker marcaba el 0-2 , resultado con el que se llegar\u00eda al descanso.<\/span><\/p>\n<p><span style=\"font-weight: 400;\">En la reanudaci\u00f3n del partido, el conjunto de Nou Barris sal\u00eda a apretar arriba en busca de recortar distancias, pero ser\u00eda de nuevo la Grama quien har\u00eda el 0-3, obra de Rub\u00e9n Cifuentes que tras sortear a cuatro adversarios, coloca el bal\u00f3n al fondo de las mallas. Los de Manu Pel\u00e1ez segu\u00edan atacando buscando ampliar el marcador, pero en un error fortuito, ser\u00eda la Monta\u00f1esa quien en el minuto 60 acortar\u00eda distancias. A partir de aqu\u00ed, nerviosismo de los azules que ve\u00edan como la Monta\u00f1esa a bal\u00f3n parado le hac\u00eda mucho da\u00f1o.\u00a0 En una de estas acciones a bal\u00f3n parado colgando al \u00e1rea, llegar\u00eda el 2-3 en los minutos finales, minutos que los de Santa Coloma supieron sufrir y aguantar para llevarse los 3 puntos.<\/span><\/p>\n<p>&nbsp;<\/p>\n<p><span style=\"font-weight: 400;\">[divider]<\/span><\/p>\n<p>&nbsp;<\/p>\n<p><span style=\"font-weight: 400;\">Cadet \u201cB\u201d 1- Escola E.Brafa 1<\/span><\/p>\n<p><span style=\"font-weight: 400;\">Dissabte passat a les 12:30\u202fh del mat\u00ed es disputava a casa el partit dels nostres Cadets del B contra el Brafa, els l\u00edders de grup.\u00a0<\/span><\/p>\n<p><span style=\"font-weight: 400;\">La Grama no venia de la seva millor ratxa, malgrat aix\u00f2 van saber respondre i van ser els millors durant tot el partit on es van fallar diverses ocasions de gol, la qual cosa va penalitzar els nostres a l&#8217;hora d&#8217;emportar-se els 3 punts on finalment el marcador va acabar en un empat d&#8217;1-1.<\/span><\/p>\n<p>&nbsp;<\/p>\n<p><span style=\"font-weight: 400;\">Cadete \u201cB\u201d 1- Escola E.Brafa 1<\/span><\/p>\n<p><span style=\"font-weight: 400;\">El pasado s\u00e1bado a las 12:30\u202fh de la ma\u00f1ana se disputaba en casa el partido de nuestros Cadetes del B contra el <\/span><span style=\"font-weight: 400;\">Brafa<\/span><span style=\"font-weight: 400;\">, los l\u00edderes de grupo.<\/span><\/p>\n<p><span style=\"font-weight: 400;\">La Grama no ven\u00eda de su mejor racha pero pesar de esto supieron responder y fueron los mejores durante todo el partido donde se fallaron varias ocasiones de gol, lo cual penaliz\u00f3 nuestros a la hora de llevarse los 3 puntos donde finalmente el marcador acab\u00f3 en un empate de 1-1.<\/span><\/p>\n<p>&nbsp;<\/p>\n<p><span style=\"font-weight: 400;\">[divider]<\/span><\/p>\n<p>&nbsp;<\/p>\n<p><span style=\"font-weight: 400;\">Catalonia 2 &#8211; Cadet \u201cC\u201d 0\u00a0<\/span><\/p>\n<p><span style=\"font-weight: 400;\">El nostre Cadet C va jugar diumenge passar contra el Catalonia fora de casa. Pel que fa a la primera part va estar molt competida amb bons moments per tots dos equips, malgrat que cap dels dos va saber transformar en gol les seves oportunitats. Va arribar la segona part i aquesta ja va ser diferent, ja que els locals van ser capa\u00e7os d&#8217;aconseguir dos gols, el primer despr\u00e9s d&#8217;un c\u00f3rner i el segon despr\u00e9s d&#8217;un centre a l&#8217;\u00e0rea. Despr\u00e9s del dur cop la Grama va generar diverses situacions per a retallar dist\u00e0ncies per\u00f2 va faltar la punteria.<\/span><\/p>\n<p>&nbsp;<\/p>\n<p><span style=\"font-weight: 400;\">Catalonia 2 &#8211; Cadete \u201cC\u201d 0\u00a0<\/span><\/p>\n<p><span style=\"font-weight: 400;\">Nuestro Cadete C jug\u00f3 el domingo pasado contra el <\/span><span style=\"font-weight: 400;\">Catalonia<\/span><span style=\"font-weight: 400;\"> fuera de casa.\u00a0<\/span><\/p>\n<p><span style=\"font-weight: 400;\">En cuanto a la primera parte, estuvo muy competida con buenos momentos por ambos equipos, a pesar de que ninguno de los dos supo transformar en gol sus oportunidades.\u00a0<\/span><\/p>\n<p><span style=\"font-weight: 400;\">Lleg\u00f3 la segunda parte y esta ya fue diferente, puesto que los locales fueron capaces de conseguir dos goles, el primero despu\u00e9s de un c\u00f3rner y el segundo despu\u00e9s de un centro a \u00e1rea. Despu\u00e9s del duro golpe la Grama gener\u00f3 varias situaciones para recortar distancias pero falt\u00f3 punter\u00eda.<\/span><\/p>\n<p>&nbsp;<\/p>\n<p><span style=\"font-weight: 400;\">[divider]<\/span><\/p>\n<p>&nbsp;<\/p>\n<p><span style=\"font-weight: 400;\">La Salut Pere Gol 0 &#8211; Cadet \u201cD\u201d 11<\/span><\/p>\n<p><span style=\"font-weight: 400;\">Aquesta setmana passada els nostres Cadets del D jugaven en el camp del Pere Gol&#8230; un rival que a priori estava en la zona meitat-baixa de la taula. Va estar un partit emocionant en el qual per sort no va tornar a passar com la setmana passada on els nostres van jugar contra un rival de les mateixes caracter\u00edstiques per\u00f2 els hi va costar \u00abobrir la llauna\u00bb i van acabar marcant en l&#8217;\u00faltim moment.<\/span><\/p>\n<p><span style=\"font-weight: 400;\">Aquesta setmana, ha canviat la din\u00e0mica i ja en el primer moment la Grama va marcar gol podent jugar aix\u00ed m\u00e9s tranquils. Durant tota la primera part, els nostres estaven molt encertats quan arribaven a la zona de gol on anaven marcant successivament. Va arribar aix\u00ed la mitja part on el marcador mostrava un 0-6 a favor nostre.<\/span><\/p>\n<p><span style=\"font-weight: 400;\">En la segona part l&#8217;equip continuava movent molt b\u00e9 la pilota, mantenint el control i generant nombroses ocasions de gol acabant el partit amb 11 punts per als nostres i 0 per als contraris, la qual cosa ens posa en la tercera posici\u00f3.<\/span><\/p>\n<p><span style=\"font-weight: 400;\">Toca continuar lluitant per a continuar pujant.<\/span><\/p>\n<p>&nbsp;<\/p>\n<p>La Salut Pere Gol 0 &#8211; Cadete \u201cD\u201d 11<\/p>\n<p><span style=\"font-weight: 400;\">Esta semana pasada nuestros Cadetes del D jugaban en el campo del Pere Gol\u2026 un rival que a priori estaba en la zona mitad-baja de la tabla, un partido emocionante en el que por suerte no ha vuelto a pasar como la semana pasada donde los nuestros jugaron contra un rival de las mismas caracter\u00edsticas donde cost\u00f3 \u201cabrir la lata\u201d y acabaron marcando en el \u00faltimo momento.\u00a0<\/span><\/p>\n<p><span style=\"font-weight: 400;\">Esta semana, ha cambiado la din\u00e1mica y ya en el primer momento la Grama marc\u00f3 gol pudiendo jugar as\u00ed m\u00e1s tranquilos. Durante toda la primera parte los nuestros estaban muy acertados cuando llegaban a la zona de gol d\u00f3nde iban marcando sucesivamente. Lleg\u00f3 as\u00ed la media parte d\u00f3nde el marcador mostraba un 0-6 a favor nuestro.\u00a0<\/span><\/p>\n<p><span style=\"font-weight: 400;\">En la segunda parte el equipo segu\u00eda moviendo muy bien la pelota manteniendo el control y generando numerosas ocasiones de gol acabando el partido con 11 puntos para los nuestros y 0 para los contrarios, la qual cosa nos pone en la tercera plaza.\u00a0<\/span><\/p>\n<p><span style=\"font-weight: 400;\">Toca seguir luchando para seguir subiendo.<\/span><\/p>\n<p>&nbsp;<\/p>\n<p>[divider]<\/p>\n<p>&nbsp;<\/p>\n<p>Cadete \u201cE\u201d 2 &#8211; Pomar 5<\/p>\n<p>Partit amb molt poca intensitat. Els nostres van sortir inicialment forts, malgrat que cometien algun que un altre error sobretot en el minut 15 on el rival es va avan\u00e7ar en el marcador a 0-1. Els blaus seguien igual, va haver-hi un moment en el qual van estr\u00e8nyer-lo m\u00e9s i van poder pujar la intensitat una mica, per\u00f2 en el minut 20 un dels nostres va cometre una errada de coordinaci\u00f3 i en donar-li amb la m\u00e0 dins de l&#8217;a\u00e8ria cometien un penal, penal que fa posar-se al rival 0-2 al marcador. Aix\u00ed i tot, els nostres continuaven intentant-ho per\u00f2 no van aconseguir el primer gol fins al minut 36. Es d\u00f3na la mitja part amb 1-2 en el marcador, perdent.<\/p>\n<p>Comen\u00e7a la segona part on els nostres van voler fer un gir al partit. En un rebot la Grama va aconseguir posar-se a 2-2 en el minut 57. Els nostres van comen\u00e7ar a baixar la intensitat i a relaxar-se. Cada vegada m\u00e9s els blaus van deixar que els contraris toquessin pilota i a conseq\u00fc\u00e8ncia d&#8217;aix\u00f2, el rival va crear a m\u00e9s jugades de perill. En els minuts 61 i 67 el rival va marcar dos gols que van fer que el nostre equip s&#8217;ensorr\u00e9s per complet. Els nostres van continuar donant la cara per\u00f2 en el minut 71 el rival va marcar el 2-5 i va sentenciar el partit.<\/p>\n<p>&nbsp;<\/p>\n<p>Dolors: hi ha molta feina per davant. No es tracta de treure punts i resultats, sin\u00f3 que el treball en el camp cada vegada sigui millor.<\/p>\n<p>&nbsp;<\/p>\n<p>Cadete \u201cE\u201d 2 &#8211; Pomar 5<\/p>\n<p><span style=\"font-weight: 400;\">Partido con muy poca intensidad. Los nuestros salieron inicialmente fuertes, aunque comet\u00edan alg\u00fan que otro fallo sobretodo en el minuto 15 donde el rival se adelant\u00f3 en el marcador a 0-1. Los azules segu\u00edan igual, hubo un momento en el cual apretarlo m\u00e1s y subieron la intensidad un poco, pero en el minuto 20 uno de los nuestros comete un fallo de coordinaci\u00f3n y al darle con la mano dentro del \u00e1rea cometieron un penalti, penalti que hace ponerse al rival 0-2. Aun as\u00ed, los nuestros siguieron intent\u00e1ndolo pero no consiguieron el primer gol hasta el minuto 36. Se da la media parte con 1-2 en el marcador, perdiendo.<\/span><\/p>\n<p>&nbsp;<\/p>\n<p><span style=\"font-weight: 400;\">Empieza la segunda parte d\u00f3nde los nuestros quisieron dar un giro al partido. En un rebote la Grama consigui\u00f3 ponerse a 2-2 en el minuto 57. Los nuestros comenzaron a bajar la intensidad y a relajarse. Cada vez m\u00e1s los azules dejaron que los contrarios tocasen pelota y a consecuencia de eso, el rival cre\u00f3 a m\u00e1s jugadas de peligro. En los minutos 61 y 67 el rival marc\u00f3 dos goles que hicieron que nuestro equipo se viniera abajo por completo. Los nuestros siguieron dando la cara pero en el minuto 71 el rival marc\u00f3 el 2-5 y sentenci\u00f3 el partido.<\/span><\/p>\n<p><span style=\"font-weight: 400;\">Dolors<\/span><span style=\"font-weight: 400;\">: hay mucho trabajo por delante. No se trata de sacar puntos y resultados, sino de que el trabajo en el campo cada vez sea mejor.<\/span><\/p>\n","protected":false},"excerpt":{"rendered":"<p>Monta\u00f1esa 2 &#8211; Cadet \u201cA\u201d 3\u00a0 Bona vict\u00f2ria del Cadet A en un camp dif\u00edcil a causa de les dimensions redu\u00efdes. El partit es posava aviat de cara per als Colomencs que en el minut 9, l&#8217;Hector despr\u00e9s de passada del jugador Rub\u00e9n ens va donar el 0-1 al marcador. La Fundaci\u00f3 continuava dominant a [&hellip;]<\/p>\n","protected":false},"author":1,"featured_media":27374,"comment_status":"closed","ping_status":"closed","sticky":false,"template":"","format":"standard","meta":{"footnotes":""},"categories":[4,7],"tags":[],"class_list":["post-27373","post","type-post","status-publish","format-standard","has-post-thumbnail","hentry","category-base-inclusiu","category-cadets"],"_links":{"self":[{"href":"http:\/\/fegrama.cat\/web\/wp-json\/wp\/v2\/posts\/27373","targetHints":{"allow":["GET"]}}],"collection":[{"href":"http:\/\/fegrama.cat\/web\/wp-json\/wp\/v2\/posts"}],"about":[{"href":"http:\/\/fegrama.cat\/web\/wp-json\/wp\/v2\/types\/post"}],"author":[{"embeddable":true,"href":"http:\/\/fegrama.cat\/web\/wp-json\/wp\/v2\/users\/1"}],"replies":[{"embeddable":true,"href":"http:\/\/fegrama.cat\/web\/wp-json\/wp\/v2\/comments?post=27373"}],"version-history":[{"count":1,"href":"http:\/\/fegrama.cat\/web\/wp-json\/wp\/v2\/posts\/27373\/revisions"}],"predecessor-version":[{"id":27375,"href":"http:\/\/fegrama.cat\/web\/wp-json\/wp\/v2\/posts\/27373\/revisions\/27375"}],"wp:featuredmedia":[{"embeddable":true,"href":"http:\/\/fegrama.cat\/web\/wp-json\/wp\/v2\/media\/27374"}],"wp:attachment":[{"href":"http:\/\/fegrama.cat\/web\/wp-json\/wp\/v2\/media?parent=27373"}],"wp:term":[{"taxonomy":"category","embeddable":true,"href":"http:\/\/fegrama.cat\/web\/wp-json\/wp\/v2\/categories?post=27373"},{"taxonomy":"post_tag","embeddable":true,"href":"http:\/\/fegrama.cat\/web\/wp-json\/wp\/v2\/tags?post=27373"}],"curies":[{"name":"wp","href":"https:\/\/api.w.org\/{rel}","templated":true}]}}