{"id":27370,"date":"2019-11-18T16:36:45","date_gmt":"2019-11-18T15:36:45","guid":{"rendered":"http:\/\/fegrama.cat\/web\/?p=27370"},"modified":"2019-11-18T17:13:07","modified_gmt":"2019-11-18T16:13:07","slug":"croniques-dels-prebenjamins-que-no-van-parar-de-lluitar","status":"publish","type":"post","link":"http:\/\/fegrama.cat\/web\/croniques-dels-prebenjamins-que-no-van-parar-de-lluitar\/","title":{"rendered":"Cr\u00f2niques dels prebenjamins que no van parar de lluitar"},"content":{"rendered":"<p><span style=\"font-weight: 400;\">Prebenjam\u00ed \u201cA\u201d 4 &#8211; Barcino 2<\/span><\/p>\n<p><span style=\"font-weight: 400;\">Aquesta setmana presentava un partit molt intens pels nostres petits davant el l\u00edder imbatut, i aix\u00ed va ser. La Grama va comen\u00e7ar molt intensa en la pressi\u00f3, sense deixar que els contraris tinguessin oportunitats en xuts frontals, \u00e9s aquest bon treball en equip el que ens d\u00f3na el primer gol. Arriba el segon quart i aquest comen\u00e7a amb un error en la sortida que suposa el conseg\u00fcent empat. Despr\u00e9s d&#8217;aix\u00f2 els nostres segueixen amb la mateixa din\u00e0mica i tornem a marcar amb un 2-1 que d\u00f3na pas a la mitja part.<\/span><\/p>\n<p><span style=\"font-weight: 400;\">Despr\u00e9s del descans amb la represa del partit els contraris van intensificar per\u00f2 la pegada dels nostres era superior i marquen un tercer gol. Els contraris veient que el partit se&#8217;ls hi anava de les mans, es van comen\u00e7ar a bolcar en atac i aconsegueixen retallar dist\u00e0ncia abans d&#8217;acabar el tercer quart. En l&#8217;\u00faltim i definitiu temps comen\u00e7a amb m\u00e9s possessi\u00f3 i oportunitats pels nostres la qual cosa ens d\u00f3na el 4-2.<\/span><\/p>\n<p><span style=\"font-weight: 400;\">Gran partit de tot l&#8217;equip, a seguir aix\u00ed.<\/span><\/p>\n<p>&nbsp;<\/p>\n<p><span style=\"font-weight: 400;\">Prebenjam\u00edn \u201cA\u201d 4 &#8211; Barcino 2<\/span><\/p>\n<p><span style=\"font-weight: 400;\">Esta semana pasada se presentaba un partido muy intenso para nuestros peque\u00f1os ante el l\u00edder imbatido, y as\u00ed fue. La Grama empez\u00f3 muy intensa por lo que a presi\u00f3n respecta, sin dejar que los contrarios tuvieran oportunidades en chutes frontales, es este buen trabajo en equipo el que nos da el primer gol.\u00a0<\/span><\/p>\n<p><span style=\"font-weight: 400;\">Llega el segundo cuarto y empieza con un error en la salida que supone el consiguiente empate, aunque despu\u00e9s los nuestros siguen con la misma din\u00e1mica y volvemos a marcar dejando el marcador a 2-1 que da el paso a la media parte.<\/span><\/p>\n<p><span style=\"font-weight: 400;\">Despu\u00e9s del descanso con la reanudaci\u00f3n del partido los contrarios se intensificaron, pero la pegada de los nuestros era superior y marcaron su tercer gol. Los contrarios viendo que el partido se les iba de las manos, se empezaron a volcar en ataque y consiguen recortar distancia antes de acabar el tercer cuarto.<\/span><\/p>\n<p><span style=\"font-weight: 400;\">En el \u00faltimo y definitivo tiempo empieza con m\u00e1s posesi\u00f3n y oportunidades por los nuestros lo cual nos da el 4-2.<\/span><\/p>\n<p><span style=\"font-weight: 400;\">Gran partido de todo el equipo, a seguir as\u00ed.<\/span><\/p>\n<p>&nbsp;<\/p>\n<p>[divider]<\/p>\n<p>&nbsp;<\/p>\n<p><span style=\"font-weight: 400;\">Penya Barcelonista Cinc Copes 4 &#8211; Prebenjam\u00ed \u201cB\u201d 0<\/span><\/p>\n<p><span style=\"font-weight: 400;\">Diumenge passat els nostres nens del Prebenjam\u00ed B van jugar fora de casa la seva sisena jornada contra la Penya Barcelonista Cinc Copes on el partit va comen\u00e7ar amb moltes ganes i motivaci\u00f3 per part dels nostres. Durant el primer quart van aguantar i lluitar sense parar on van tenir diverses ocasions que no podien arribar a finalitzar. S&#8217;acaba el primer quart amb 0-0 al marcador. Comen\u00e7a segon quart i la Grama va perdent posici\u00f3 perqu\u00e8 els contraris els fan dos gols en dos contraatacs. Els nens continuen lluitant. Arriba la mitja part i el marcador ens mostra el 2-0 on els nostres van perdent. En el tercer quart hi ha canvi de din\u00e0mica en la Grama on l&#8217;entrenador posa 3 mitjans per veure si la pilota corre una mica m\u00e9s, per\u00f2 continuen perdent posici\u00f3. Els contraris fan dos gols m\u00e9s.\u00a0<\/span><\/p>\n<p><span style=\"font-weight: 400;\">Arriba l&#8217;\u00faltim quart on els nostres nens \u00abposen tota la carn en la graella\u00bb i lluiten fins a l&#8217;\u00faltim minut de joc on hi ha alguna ocasi\u00f3 per\u00f2 la pilota no arriba a entrar. Va ser un partit molt lluitat. Els nostres marxen contents pel gran esfor\u00e7 posat sobre el terreny de joc.<\/span><\/p>\n<p>&nbsp;<\/p>\n<p><span style=\"font-weight: 400;\">Pe\u00f1a Barcelonista Cinco Copas 4 &#8211; Prebenjam\u00ed \u201cB\u201d 0<\/span><\/p>\n<p><span style=\"font-weight: 400;\">El pasado domingo nuestros ni\u00f1os del <\/span><span style=\"font-weight: 400;\">Prebenjam\u00edn<\/span><span style=\"font-weight: 400;\"> B jugaron fuera de casa su sexta jornada, en este caso contra la Pe\u00f1a Barcelonista Cinco Copas donde el partido empez\u00f3 con muchas ganas y motivaci\u00f3n por parte de los nuestros. Durante el primer cuarto aguantaron y lucharon sin cesar d\u00f3nde tuvieron varias ocasiones que no pod\u00edan llegar a finalizar. Se acaba el primer cuarto con 0-0 en el marcador. Empieza segundo cuarto y la Grama va perdiendo posici\u00f3n porque los contrarios marcan dos goles en dos contraataques. Nuestros ni\u00f1os contin\u00faan luchando. Llega la media parte y el marcador nos muestra el 2-0 donde los nuestros van perdiendo. En el tercer cuarto hay un cambio de din\u00e1mica en la Grama donde el entrenador pone a tres medios para ver si la pelota corre algo m\u00e1s, pero contin\u00faan perdiendo posici\u00f3n. Los contrarios marcan dos goles m\u00e1s.<\/span><\/p>\n<p><span style=\"font-weight: 400;\">Llega el \u00faltimo cuarto donde nuestros ni\u00f1os \u00abponen toda la carne en la parrilla\u00bb y luchan hasta el \u00faltimo minuto de juego donde hay alguna ocasi\u00f3n de gol pero la pelota no llega a entrar. Fue un partido muy luchado. Los nuestros se van contentos por el gran esfuerzo puesto sobre el terreno de juego.<\/span><\/p>\n","protected":false},"excerpt":{"rendered":"<p>Prebenjam\u00ed \u201cA\u201d 4 &#8211; Barcino 2 Aquesta setmana presentava un partit molt intens pels nostres petits davant el l\u00edder imbatut, i aix\u00ed va ser. La Grama va comen\u00e7ar molt intensa en la pressi\u00f3, sense deixar que els contraris tinguessin oportunitats en xuts frontals, \u00e9s aquest bon treball en equip el que ens d\u00f3na el primer [&hellip;]<\/p>\n","protected":false},"author":1,"featured_media":0,"comment_status":"closed","ping_status":"closed","sticky":false,"template":"","format":"standard","meta":{"footnotes":""},"categories":[4,12],"tags":[],"class_list":["post-27370","post","type-post","status-publish","format-standard","hentry","category-base-inclusiu","category-prebenjamins"],"_links":{"self":[{"href":"http:\/\/fegrama.cat\/web\/wp-json\/wp\/v2\/posts\/27370","targetHints":{"allow":["GET"]}}],"collection":[{"href":"http:\/\/fegrama.cat\/web\/wp-json\/wp\/v2\/posts"}],"about":[{"href":"http:\/\/fegrama.cat\/web\/wp-json\/wp\/v2\/types\/post"}],"author":[{"embeddable":true,"href":"http:\/\/fegrama.cat\/web\/wp-json\/wp\/v2\/users\/1"}],"replies":[{"embeddable":true,"href":"http:\/\/fegrama.cat\/web\/wp-json\/wp\/v2\/comments?post=27370"}],"version-history":[{"count":1,"href":"http:\/\/fegrama.cat\/web\/wp-json\/wp\/v2\/posts\/27370\/revisions"}],"predecessor-version":[{"id":27371,"href":"http:\/\/fegrama.cat\/web\/wp-json\/wp\/v2\/posts\/27370\/revisions\/27371"}],"wp:attachment":[{"href":"http:\/\/fegrama.cat\/web\/wp-json\/wp\/v2\/media?parent=27370"}],"wp:term":[{"taxonomy":"category","embeddable":true,"href":"http:\/\/fegrama.cat\/web\/wp-json\/wp\/v2\/categories?post=27370"},{"taxonomy":"post_tag","embeddable":true,"href":"http:\/\/fegrama.cat\/web\/wp-json\/wp\/v2\/tags?post=27370"}],"curies":[{"name":"wp","href":"https:\/\/api.w.org\/{rel}","templated":true}]}}