{"id":27350,"date":"2019-11-18T00:09:57","date_gmt":"2019-11-17T23:09:57","guid":{"rendered":"http:\/\/fegrama.cat\/web\/?p=27350"},"modified":"2019-11-18T00:09:57","modified_gmt":"2019-11-17T23:09:57","slug":"el-punt-de-penal-condemna-a-la-grama","status":"publish","type":"post","link":"http:\/\/fegrama.cat\/web\/el-punt-de-penal-condemna-a-la-grama\/","title":{"rendered":"El punt de penal condemna a la Grama"},"content":{"rendered":"<figure id=\"attachment_27351\" aria-describedby=\"caption-attachment-27351\" style=\"width: 758px\" class=\"wp-caption aligncenter\"><a href=\"http:\/\/fegrama.cat\/web\/wp-content\/uploads\/2019\/11\/PHOTO-2019-11-17-19-20-59.jpg\"><img loading=\"lazy\" decoding=\"async\" class=\" wp-image-27351\" src=\"http:\/\/fegrama.cat\/web\/wp-content\/uploads\/2019\/11\/PHOTO-2019-11-17-19-20-59-1024x683.jpg\" alt=\"\" width=\"758\" height=\"505\" srcset=\"http:\/\/fegrama.cat\/web\/wp-content\/uploads\/2019\/11\/PHOTO-2019-11-17-19-20-59-1024x683.jpg 1024w, http:\/\/fegrama.cat\/web\/wp-content\/uploads\/2019\/11\/PHOTO-2019-11-17-19-20-59-300x200.jpg 300w, http:\/\/fegrama.cat\/web\/wp-content\/uploads\/2019\/11\/PHOTO-2019-11-17-19-20-59-768x512.jpg 768w, http:\/\/fegrama.cat\/web\/wp-content\/uploads\/2019\/11\/PHOTO-2019-11-17-19-20-59.jpg 2048w\" sizes=\"auto, (max-width: 758px) 100vw, 758px\" \/><\/a><figcaption id=\"caption-attachment-27351\" class=\"wp-caption-text\">Mar\u00e7al intenta controlar una pilota (FOTO: Joan Villagrasa)<\/figcaption><\/figure>\n<h2>Segona derrota a domicili per una Grama sense definici\u00f3 i donant un pas enrere en l\u2019objectiu.<\/h2>\n<p>Es presentava Juan Camilo V\u00e1zquez a la Verneda amb el mateix onze inicial que la passada setmana va guanyar al filial de la Llagostera amb: Luque en porteria, Michel i Pe\u00f1a als laterals, Juan Carlos i Lucas al centre de la defensa, Bruno i Edu al mig del camp, Rosillo i \u00c9ric a les bandes i \u00d3scar en punta d\u2019atac.<\/p>\n<p>El J\u00fapiter, per la seva banda, rebia a la Grama amb la urg\u00e8ncia de la vict\u00f2ria i amb les idees molt clares. Des del principi l\u2019equip de Sant Mart\u00ed sabia qu\u00e8 era el que havia de fer i ho van fer a la perfecci\u00f3.\u00a0 De fet, la primera gran oportunitat del partit va arribar als cinc minuts de joc on, despr\u00e9s d\u2019un ref\u00fas de la defensa colomenca, la pilota va caure a la frontal on David Olid va poder engaltar un potent xut que va obligar a una gran intervenci\u00f3 d\u2019\u00c0lex Luque.<\/p>\n<p>La resposta de la Grama no va trigar. Juan Carlos Oliver agafava la pilota en camp propi i despr\u00e9s d\u2019un esl\u00e0lom personal va enviar la pilota cap a banda esquerra per \u00c9ric L\u00f3pez. La jugada de l\u2019extrem de la Grama va acabar en penal despr\u00e9s d\u2019una innocent entrada de Jonny. Moment decisiu del partit. Als set minuts, \u00c9ric L\u00f3pez assumia la responsabilitat de xutar el penal i posar per davant als visitants per\u00f2 el seu xut, fluix i amb poca col\u00b7locaci\u00f3, va ser aturat per Iv\u00e1n Fuentes.<\/p>\n<p>Cop dur pels nois de Juan Camilo que van intentar reposar-se amb un potent xut de Rosillo des de la frontal\u00a0 i que, de nou, es va topar amb el porter gris-grana abans d\u2019arribar a la mitja hora de joc. Mentrestant, els locals buscaven joc directe penjant pilotes laterals sobre la defensa de la Grama obligant a Lucas i Juan Carlos a refusar una i altra vegada.<\/p>\n<p>Als 32 minuts de joc, una forta topada entre Bruno i Jonny, va acabar amb el jugador de la Grama imm\u00f2bil a terra. Va marxar directament a vestidors i a l\u2019Hospital amb un fort equin\u00e7 cervical que el va deixar estabornit. El seu lloc el va ocupar Mar\u00e7al Llad\u00f3.<\/p>\n<p>D\u2019aqu\u00ed al descans poc m\u00e9s. El J\u00fapiter seguia imposant el seu joc directe i la Grama no era capa\u00e7 de generar perill sobre la porteria de Fuentes. Encara aix\u00ed, en un bon atac per banda dreta, la pilota va acabar a les botes de Rosillo per la centrada. L\u2019esperava Roger Peris al centre per engaltar-la per\u00f2 va ser un defensor qui la va tocar per estavellar la pilota a la fusta. Descans amb l\u2019empat inicial.<\/p>\n<p>La segona part comen\u00e7ava amb un altre aire pels interessos blau i blancs. Els homes de Camilo van donar un pas endavant buscant el gol de la vict\u00f2ria mentre que els nois de Paco Hidalgo marcaven dos l\u00ednies de quatre en camp propi reduint els espais al m\u00e0xim i buscant una contra per posar en perill a Luque.<\/p>\n<p>La primera gran ocasi\u00f3 per la Grama la va tenir Mar\u00e7al Llad\u00f3. Als 52 minuts, en una jugada personal, es va plantar a la frontal de la gran i el seu xut, potent per\u00f2 massa creuat, es va perdre per ben poc a la dreta d\u2019Iv\u00e1n Fuentes.<\/p>\n<p>Uns minuts m\u00e9s tard, als 55, en una pilotada llarga el ref\u00fas obliga a Juan Carlos a entrar amb tot a dins de l\u2019\u00e0rea per poder refusar-la per\u00f2 en la jugada es topa amb Patrick i el col\u00b7legiat, sense dubtar-ho va \u00a0assenyalar penal. Prat, el dorsal n\u00famero 10 del J\u00fapiter, va batre sense complicacions a \u00c0lex Luque i el primer de la matinal va pujar al marcador.<\/p>\n<p>Des d\u2019aqu\u00ed van comen\u00e7ar les preses. La Grama seguia tenint control del joc i m\u00e9s possessi\u00f3 per\u00f2 el J\u00fapiter esperava i sortia perillosament a la contra. No \u00e9s f\u00e0cil donar-li la volta a un partit en la Verneda i molt menys en aquestes circumst\u00e0ncies i els colomencs ho van patir durant la segona meitat.<\/p>\n<p>El m\u00edster de la Grama va fer els primers canvis als 73 minuts donant entrada a Crist\u00f3bal i \u00c1ngel per \u00c9ric i Rosillo. Instants despr\u00e9s, als 77 minuts, retirava del camp a Pe\u00f1a i a Soler per Jorge Gonz\u00e1lez i Roger Garc\u00eda. Es presentava un aut\u00e8ntic bombardeig a l\u2019\u00e0rea del J\u00fapiter i aix\u00ed va ser per\u00f2 sense cap oportunitat clara de poder anotar el gol de l\u2019empat. Les \u00faniques que podem ressenyar durant la segona meitat van ser un gol anul\u00b7lat a Crist\u00f3bal despr\u00e9s d\u2019un fora de joc clar de Michel i un perillos\u00edssim xut des de la frontal de Mar\u00e7al Llad\u00f3. Mentre, els defensors de la Grama intentaven evitar les perilloses contres i pilotades llargues dels homes d\u2019Hidalgo.<\/p>\n<p>Finalment, davant la impot\u00e8ncia de l\u2019expedici\u00f3 colomenca, l\u2019\u00e0rbitre va assenyalar el final del partit amb l\u20191-0 al marcador.\u00a0 Un resultat que fa mal i que deixa tocades les aspiracions de la Grama amb nom\u00e9s 11 jornades disputades. Encara aix\u00ed, tots coneixem el potencial d\u2019aquesta plantilla i de l\u2019Entitat, i sabem que queda molta competici\u00f3 per davant i temps per refer-nos.<\/p>\n<p>Ser\u00e0 una setmana de treball dur per tal de reconduir la situaci\u00f3 i rebre el proper diumenge al Lloret, a les 11:45h, al Municipal de la Grama.<\/p>\n<p><a href=\"http:\/\/fcf.cat\/acta\/1920\/futbol-11\/primera-catalana\/grup-1\/1cat\/jupiter-ce-a\/1cat\/fundacio-esportiva-grama-a\">CLIQUEU PER VEURE L&#8217;ACTA DEL PARTIT<\/a><\/p>\n<p><a href=\"http:\/\/fcf.cat\/classificacio\/1920\/futbol-11\/primera-catalana\/grup-1\">CLIQUEU PER VEURE LA CLASSIFICACI\u00d3 DE 1CAT1<\/a><\/p>\n<p>[divider]<\/p>\n<figure id=\"attachment_27352\" aria-describedby=\"caption-attachment-27352\" style=\"width: 879px\" class=\"wp-caption aligncenter\"><a href=\"http:\/\/fegrama.cat\/web\/wp-content\/uploads\/2019\/11\/PHOTO-2019-11-17-19-20-58.jpg\"><img loading=\"lazy\" decoding=\"async\" class=\" wp-image-27352\" src=\"http:\/\/fegrama.cat\/web\/wp-content\/uploads\/2019\/11\/PHOTO-2019-11-17-19-20-58-1024x683.jpg\" alt=\"\" width=\"879\" height=\"587\" srcset=\"http:\/\/fegrama.cat\/web\/wp-content\/uploads\/2019\/11\/PHOTO-2019-11-17-19-20-58-1024x683.jpg 1024w, http:\/\/fegrama.cat\/web\/wp-content\/uploads\/2019\/11\/PHOTO-2019-11-17-19-20-58-300x200.jpg 300w, http:\/\/fegrama.cat\/web\/wp-content\/uploads\/2019\/11\/PHOTO-2019-11-17-19-20-58-768x512.jpg 768w, http:\/\/fegrama.cat\/web\/wp-content\/uploads\/2019\/11\/PHOTO-2019-11-17-19-20-58-290x195.jpg 290w, http:\/\/fegrama.cat\/web\/wp-content\/uploads\/2019\/11\/PHOTO-2019-11-17-19-20-58.jpg 2048w\" sizes=\"auto, (max-width: 879px) 100vw, 879px\" \/><\/a><figcaption id=\"caption-attachment-27352\" class=\"wp-caption-text\">\u00d3scar pelea un bal\u00f3n con los centrales (FOTO: Joan Villagrasa)<\/figcaption><\/figure>\n<h2>Segunda derrota a domicilio para una Grama sin definici\u00f3n y dando un paso atr\u00e1s en el objetivo.<\/h2>\n<p>Se presentaba Juan Camilo V\u00e1zquez en la Verneda con el mismo once inicial que la pasada semana gan\u00f3 al filial de la Llagostera con: Luque en porter\u00eda, Michel y Pe\u00f1a en los laterales, Juan Carlos y Lucas en el centro de la defensa, Bruno y Edu al centro del campo, Rosillo y \u00c9ric en las bandas y \u00d3scar en punta de ataque.<\/p>\n<p>El J\u00fapiter, por su parte, recib\u00eda a la Grama con la urgencia de la victoria y con las ideas muy claras. Desde el principio el equipo gris grana sab\u00eda qu\u00e9 era lo que ten\u00eda que hacer y lo hicieron a la perfecci\u00f3n. De hecho, la primera gran oportunidad del partido lleg\u00f3 a los cinco minutos de juego donde, tras un rechace de la defensa colomense, el bal\u00f3n cay\u00f3 en la frontal donde David Olid\u00a0 enganch\u00f3 un potente disparo que oblig\u00f3 a una gran intervenci\u00f3n de \u00c1lex Luque.<\/p>\n<p>La respuesta de la Grama no tard\u00f3. Juan Carlos Oliver cog\u00eda el bal\u00f3n en campo propio y tras un slalom personal envi\u00f3 el bal\u00f3n hacia banda izquierda para \u00c9ric L\u00f3pez. La jugada del extremo de la Grama acab\u00f3 en penalti tras una inocente entrada de Jonny. Momento decisivo del partido. A los siete minutos, \u00c9ric L\u00f3pez asum\u00eda la responsabilidad de chutar el penalti y poner por delante a los visitantes pero su disparo, flojo y con poca colocaci\u00f3n, fue detenido por Iv\u00e1n Fuentes.<\/p>\n<p>Golpe duro para los chicos de Juan Camilo que intentaron reponerse con un potente disparo de Rosillo desde la frontal y que, de nuevo, se top\u00f3 con el portero gris-grana antes de llegar a la media hora de juego. Mientras tanto, los locales buscaban juego directo colgando balones laterales sobre la defensa de la Grama obligando a Lucas y Juan Carlos a rechazar una y otra vez.<\/p>\n<p>A los 32 minutos de juego, un fuerte encontronazo entre Bruno y Jonny, termin\u00f3 con el jugador de la Grama inm\u00f3vil en el suelo. Se march\u00f3 directamente a vestuarios y en el Hospital con un fuerte esguince cervical que lo dej\u00f3 aturdido. Su lugar lo ocup\u00f3 Mar\u00e7al Llad\u00f3.<\/p>\n<p>De ah\u00ed al descanso poco m\u00e1s. El J\u00fapiter segu\u00eda imponiendo su juego directo y la Grama no era capaz de generar peligro sobre la porter\u00eda de Fuentes. A\u00fan as\u00ed, en un buen ataque por banda derecha, el bal\u00f3n acab\u00f3 en las botas de Rosillo para la centrada. Lo esperaba Roger Peris en el centro para empalmar-la, pero fue un defensor quien la toc\u00f3 para estrellar el bal\u00f3n en la madera. Descanso con el empate inicial.<\/p>\n<p>La segunda parte comenzaba con otro aire para los intereses azul y blancos. Los hombres de Camilo dieron un paso adelante en busca del gol de la victoria mientras que los chicos de Paco Hidalgo marcaban dos l\u00edneas de cuatro en campo propio reduciendo los espacios al m\u00e1ximo y buscando una contra para poner en peligro a Luque.<\/p>\n<p>La primera gran ocasi\u00f3n para la Grama la tuvo Mar\u00e7al Llad\u00f3. A los 52 minutos, en una jugada personal, se plant\u00f3 en la frontal del \u00e1rea grande y su disparo, potente pero demasiado cruzado, se perdi\u00f3 por muy poco a la derecha de Iv\u00e1n Fuentes.<\/p>\n<p>Unos minutos m\u00e1s tarde, a los 55, en una bal\u00f3n largo el rechace obliga a Juan Carlos a entrar con todo dentro del \u00e1rea para poder rechazarla, pero en la jugada se topa con Patrick y el colegiado, sin dudarlo, se\u00f1al\u00f3 penalti. Prat, el dorsal n\u00famero 10 del J\u00fapiter, bati\u00f3 sin complicaciones a Alex Luque y el primero de la matinal subi\u00f3 al marcador.<\/p>\n<p>Desde aqu\u00ed comenzaron las prisas. La Grama segu\u00eda teniendo control del juego y m\u00e1s posesi\u00f3n pero el J\u00fapiter esperaba y sal\u00eda peligrosamente a la contra. No es f\u00e1cil darle la vuelta a un partido en la Verneda y mucho menos en estas circunstancias y los colomenses lo sufrieron durante la segunda mitad.<\/p>\n<p>El m\u00edster de la Grama hizo los primeros cambios a los 73 minutos dando entrada a Crist\u00f3bal y \u00c1ngel por \u00c9ric y Rosillo. Instantes despu\u00e9s, a los 77 minutos, retiraba del campo a Pe\u00f1a y a Soler por Jorge Gonz\u00e1lez y Roger Garc\u00eda. Se presentaba un aut\u00e9ntico bombardeo al \u00e1rea del J\u00fapiter y as\u00ed fue pero sin ninguna oportunidad clara de poder anotar el gol del empate. Las \u00fanicas que podemos rese\u00f1ar durante la segunda mitad fueron un gol anulado a Crist\u00f3bal tras un fuera de juego claro de Michel y un peligros\u00edsimo disparo desde la frontal de Mar\u00e7al Llad\u00f3. Mientras, los defensores de la Grama intentaban evitar las peligrosas contras y balones largos de los hombres de Hidalgo.<\/p>\n<p>Finalmente, ante la impotencia de la expedici\u00f3n colomense, el \u00e1rbitro se\u00f1al\u00f3 el final del partido con el 1-0 en el marcador. Un resultado que duele y que deja tocadas las aspiraciones de la Grama con s\u00f3lo 11 jornadas disputadas. A\u00fan as\u00ed, todos conocemos el potencial de esta plantilla y de la Entidad, y sabemos que queda mucha competici\u00f3n por delante y tiempo para reponernos.<\/p>\n<p>Ser\u00e1 una semana de trabajo duro para reconducir la situaci\u00f3n y recibir el pr\u00f3ximo domingo al Lloret, a las 11: 45h, en el Municipal de la Grama.<\/p>\n<p><a href=\"http:\/\/fcf.cat\/acta\/1920\/futbol-11\/primera-catalana\/grup-1\/1cat\/jupiter-ce-a\/1cat\/fundacio-esportiva-grama-a\">CLICAD PARA VER EL ACTA DEL PARTIDO<\/a><\/p>\n<p><a href=\"http:\/\/fcf.cat\/classificacio\/1920\/futbol-11\/primera-catalana\/grup-1\">CLICAD PARA VER LA CLASSIFICACI\u00d3N DE 1CAT1<\/a><\/p>\n","protected":false},"excerpt":{"rendered":"<p>Segona derrota a domicili per una Grama sense definici\u00f3 i donant un pas enrere en l\u2019objectiu. Es presentava Juan Camilo V\u00e1zquez a la Verneda amb el mateix onze inicial que la passada setmana va guanyar al filial de la Llagostera amb: Luque en porteria, Michel i Pe\u00f1a als laterals, Juan Carlos i Lucas al centre [&hellip;]<\/p>\n","protected":false},"author":1,"featured_media":27352,"comment_status":"closed","ping_status":"closed","sticky":false,"template":"","format":"standard","meta":{"footnotes":""},"categories":[4,5],"tags":[],"class_list":["post-27350","post","type-post","status-publish","format-standard","has-post-thumbnail","hentry","category-base-inclusiu","category-primer-equip"],"_links":{"self":[{"href":"http:\/\/fegrama.cat\/web\/wp-json\/wp\/v2\/posts\/27350","targetHints":{"allow":["GET"]}}],"collection":[{"href":"http:\/\/fegrama.cat\/web\/wp-json\/wp\/v2\/posts"}],"about":[{"href":"http:\/\/fegrama.cat\/web\/wp-json\/wp\/v2\/types\/post"}],"author":[{"embeddable":true,"href":"http:\/\/fegrama.cat\/web\/wp-json\/wp\/v2\/users\/1"}],"replies":[{"embeddable":true,"href":"http:\/\/fegrama.cat\/web\/wp-json\/wp\/v2\/comments?post=27350"}],"version-history":[{"count":1,"href":"http:\/\/fegrama.cat\/web\/wp-json\/wp\/v2\/posts\/27350\/revisions"}],"predecessor-version":[{"id":27353,"href":"http:\/\/fegrama.cat\/web\/wp-json\/wp\/v2\/posts\/27350\/revisions\/27353"}],"wp:featuredmedia":[{"embeddable":true,"href":"http:\/\/fegrama.cat\/web\/wp-json\/wp\/v2\/media\/27352"}],"wp:attachment":[{"href":"http:\/\/fegrama.cat\/web\/wp-json\/wp\/v2\/media?parent=27350"}],"wp:term":[{"taxonomy":"category","embeddable":true,"href":"http:\/\/fegrama.cat\/web\/wp-json\/wp\/v2\/categories?post=27350"},{"taxonomy":"post_tag","embeddable":true,"href":"http:\/\/fegrama.cat\/web\/wp-json\/wp\/v2\/tags?post=27350"}],"curies":[{"name":"wp","href":"https:\/\/api.w.org\/{rel}","templated":true}]}}