{"id":27348,"date":"2019-11-16T17:02:38","date_gmt":"2019-11-16T16:02:38","guid":{"rendered":"http:\/\/fegrama.cat\/web\/?p=27348"},"modified":"2019-11-16T17:09:41","modified_gmt":"2019-11-16T16:09:41","slug":"maxima-motivacio-per-rebre-al-colider","status":"publish","type":"post","link":"http:\/\/fegrama.cat\/web\/maxima-motivacio-per-rebre-al-colider\/","title":{"rendered":"M\u00e0xima motivaci\u00f3 per rebre al col\u00edder"},"content":{"rendered":"<figure id=\"attachment_27076\" aria-describedby=\"caption-attachment-27076\" style=\"width: 618px\" class=\"wp-caption aligncenter\"><a href=\"http:\/\/fegrama.cat\/web\/wp-content\/uploads\/2019\/10\/DSC_3813.jpg\"><img loading=\"lazy\" decoding=\"async\" class=\"size-large wp-image-27076\" src=\"http:\/\/fegrama.cat\/web\/wp-content\/uploads\/2019\/10\/DSC_3813-1024x680.jpg\" alt=\"\" width=\"618\" height=\"410\" srcset=\"http:\/\/fegrama.cat\/web\/wp-content\/uploads\/2019\/10\/DSC_3813-1024x680.jpg 1024w, http:\/\/fegrama.cat\/web\/wp-content\/uploads\/2019\/10\/DSC_3813-300x199.jpg 300w, http:\/\/fegrama.cat\/web\/wp-content\/uploads\/2019\/10\/DSC_3813-768x510.jpg 768w, http:\/\/fegrama.cat\/web\/wp-content\/uploads\/2019\/10\/DSC_3813.jpg 1197w\" sizes=\"auto, (max-width: 618px) 100vw, 618px\" \/><\/a><figcaption id=\"caption-attachment-27076\" class=\"wp-caption-text\">Kiku Parcerisas durant el partit contra el Matar\u00f3<\/figcaption><\/figure>\n<h2>El Juvenil A rep al Girona amb l\u2019ambici\u00f3 suficient per plantar cara a qualsevol.<\/h2>\n<p>Despr\u00e9s de la treballada vict\u00f2ria de la passada setmana al camp del Mercantil, els nois de Kiku Parcerisas arriben a la dotzena jornada del campionat amb 13 punts situats a la novena posici\u00f3 en un grup de Nacional que est\u00e0 enormement igualat.<\/p>\n<p>Per la seva banda, el Girona \u00e9s un equip conformat per jugadors professionals de categoria juvenil i arriba a Santa Coloma com a col\u00edder, amb 26 punts, empatat amb el Bar\u00e7a i amb una impressionant ratxa de sis vict\u00f2ries consecutives. Son un equip amb talent i una excel\u00b7lent preparaci\u00f3 f\u00edsica.<\/p>\n<p>Kiku, t\u00e8cnic de la Grama, n\u2019\u00e9s conscient del rival que tindrem al davant i afirma que: <em>\u201cel Girona \u00e9s un equip molt compensat i amb jugadors destacats en totes les l\u00ednies. Hem de tenir clar que voldran tenir la possessi\u00f3 i que aprofitaran el seu joc exterior de gran velocitat i amb arribades dels laterals a situacions de centrada\u201d<\/em>.<\/p>\n<p>Pel que fa a la Grama, sent fidels a la nostra filosofia de joc, no ser\u00e0 f\u00e0cil mantenir la possessi\u00f3 de la pilota perqu\u00e8, com b\u00e9 diu Kiku: <em>\u201cel Girona t\u00e9 una r\u00e0pida pressi\u00f3 despr\u00e9s de p\u00e8rdua, fet que ens obligar\u00e0 a jugar molt r\u00e0pid per poder mantenir possessions llargues\u201d. <\/em>Es evident que ser\u00e0 un partit d\u2019exig\u00e8ncia extrema i que els nostres hauran d\u2019estar amb una tensi\u00f3 m\u00e0xima a nivell defensiu per controlar tots els detalls del joc. \u00a0A nivell ofensiu Kiku considera que <em>\u201cens enfrontem a un bloc molt compacte i que ens costar\u00e0 molt crear ocasions aix\u00ed que haurem d\u2019aprofitar b\u00e9 les que tinguem\u201d<\/em>.<\/p>\n<p>Tot aix\u00f2 sobre la pissarra, al camp, els nois de Kiku han realitzat una setmana d\u2019entrenaments molt motivats pel rival de la jornada i per la bona l\u00ednia de joc i resultats que estem travessant. Ve el col\u00edder i el Juvenil A donar\u00e0 tot per estar a l\u2019al\u00e7ada del partit.<\/p>\n<p>Ser\u00e0 dem\u00e0, a les 11:45h, al Municipal de la Grama, amb arbitratge de Brian D\u00edaz que estar\u00e0 assistit a les bandes per Eduard Serrano i Ra\u00fal Garrido del col\u00b7legi del Vall\u00e8s Occidental. Recordeu que farem seguiment del partit a les xarxes socials (#gramaenjoc) i en la retransmissi\u00f3 en directe del partit del primer equip a www.gramaradio.cat<\/p>\n<p>[divider]<\/p>\n<h2>El Juvenil A recibe al Girona con la ambici\u00f3n suficiente para hacer frente a cualquiera.<\/h2>\n<p>Tras la trabajada victoria de la pasada semana en el campo del Mercantil, los chicos de Kiku Parcerisas llegan a la duod\u00e9cima jornada del campeonato con 13 puntos situados en la novena posici\u00f3n en un grupo de Nacional que est\u00e1 enormemente igualado.<\/p>\n<p>Por su parte, el Girona es un equipo conformado por jugadores profesionales de categor\u00eda juvenil y llega a Santa Coloma como col\u00edder, con 26 puntos, empatado con el Bar\u00e7a y con una impresionante racha de seis victorias consecutivas. Son un equipo con talento y una excelente preparaci\u00f3n f\u00edsica.<\/p>\n<p>Kiku, t\u00e9cnico de la Grama, es consciente del rival que tendremos delante y afirma que: <em>\u00abel Girona es un equipo muy compensado y con jugadores destacados en todas las l\u00edneas. Debemos tener claro que querr\u00e1n tener la posesi\u00f3n y que aprovechar\u00e1n su juego exterior de gran velocidad y con llegadas de los laterales a situaciones de centrada \u00ab.<\/em><\/p>\n<p>En cuanto a la Grama, siendo fieles a nuestra filosof\u00eda de juego, no ser\u00e1 f\u00e1cil mantener la posesi\u00f3n del bal\u00f3n para que, como bien dice Kiku: <em>\u00abel Girona tiene una r\u00e1pida presi\u00f3n tras p\u00e9rdida, lo que nos obligar\u00e1 a jugar muy r\u00e1pido para poder mantener posesiones largas \u00ab<\/em>. Es evidente que ser\u00e1 un partido de exigencia extrema y que los nuestros deber\u00e1n estar con una tensi\u00f3n m\u00e1xima a nivel defensivo para controlar todos los detalles del juego. A nivel ofensivo Kiku considera que <em>\u00abnos enfrentamos a un bloque muy compacto y que nos costar\u00e1 mucho crear ocasiones as\u00ed que tendremos que aprovechar bien las que tengamos\u00bb.<\/em><\/p>\n<p>Todo ello sobre la pizarra, en el campo, los chicos de Kiku han realizado una semana de entrenamientos muy motivados por el rival de la jornada y por la buena l\u00ednea de juego y resultados que estamos atravesando. Viene el col\u00edder y el Juvenil A dar\u00e1 todo para estar a la altura del partido.<\/p>\n<p>Ser\u00e1 ma\u00f1ana, a las 11: 45h, en el Municipal de la Grama, con arbitraje de Brian D\u00edaz que estar\u00e1 asistido en las bandas por Eduard Serrano y Ra\u00fal Garrido del colegio del Vall\u00e8s Occidental. Recordad que haremos seguimiento del partido en las redes sociales (#gramaenjoc) y en la retransmisi\u00f3n en directo del partido del primer equipo en www.gramaradio.cat<\/p>\n","protected":false},"excerpt":{"rendered":"<p>El Juvenil A rep al Girona amb l\u2019ambici\u00f3 suficient per plantar cara a qualsevol. Despr\u00e9s de la treballada vict\u00f2ria de la passada setmana al camp del Mercantil, els nois de Kiku Parcerisas arriben a la dotzena jornada del campionat amb 13 punts situats a la novena posici\u00f3 en un grup de Nacional que est\u00e0 enormement [&hellip;]<\/p>\n","protected":false},"author":1,"featured_media":27076,"comment_status":"closed","ping_status":"closed","sticky":false,"template":"","format":"standard","meta":{"footnotes":""},"categories":[4,6],"tags":[],"class_list":["post-27348","post","type-post","status-publish","format-standard","has-post-thumbnail","hentry","category-base-inclusiu","category-juvenils"],"_links":{"self":[{"href":"http:\/\/fegrama.cat\/web\/wp-json\/wp\/v2\/posts\/27348","targetHints":{"allow":["GET"]}}],"collection":[{"href":"http:\/\/fegrama.cat\/web\/wp-json\/wp\/v2\/posts"}],"about":[{"href":"http:\/\/fegrama.cat\/web\/wp-json\/wp\/v2\/types\/post"}],"author":[{"embeddable":true,"href":"http:\/\/fegrama.cat\/web\/wp-json\/wp\/v2\/users\/1"}],"replies":[{"embeddable":true,"href":"http:\/\/fegrama.cat\/web\/wp-json\/wp\/v2\/comments?post=27348"}],"version-history":[{"count":1,"href":"http:\/\/fegrama.cat\/web\/wp-json\/wp\/v2\/posts\/27348\/revisions"}],"predecessor-version":[{"id":27349,"href":"http:\/\/fegrama.cat\/web\/wp-json\/wp\/v2\/posts\/27348\/revisions\/27349"}],"wp:featuredmedia":[{"embeddable":true,"href":"http:\/\/fegrama.cat\/web\/wp-json\/wp\/v2\/media\/27076"}],"wp:attachment":[{"href":"http:\/\/fegrama.cat\/web\/wp-json\/wp\/v2\/media?parent=27348"}],"wp:term":[{"taxonomy":"category","embeddable":true,"href":"http:\/\/fegrama.cat\/web\/wp-json\/wp\/v2\/categories?post=27348"},{"taxonomy":"post_tag","embeddable":true,"href":"http:\/\/fegrama.cat\/web\/wp-json\/wp\/v2\/tags?post=27348"}],"curies":[{"name":"wp","href":"https:\/\/api.w.org\/{rel}","templated":true}]}}