{"id":27341,"date":"2019-11-12T19:10:33","date_gmt":"2019-11-12T18:10:33","guid":{"rendered":"http:\/\/fegrama.cat\/web\/?p=27341"},"modified":"2019-11-14T16:52:02","modified_gmt":"2019-11-14T15:52:02","slug":"croniques-dels-juvenils-on-el-c-segueix-sent-lider","status":"publish","type":"post","link":"http:\/\/fegrama.cat\/web\/croniques-dels-juvenils-on-el-c-segueix-sent-lider\/","title":{"rendered":"Cr\u00f2niques dels Juvenils on el \u00abC\u00bb segueix sent l\u00edder"},"content":{"rendered":"<p><span style=\"font-weight: 400;\">Jupiter 3 &#8211; Juvenil \u201cB\u201d 1<\/span><\/p>\n<p><span style=\"font-weight: 400;\">El dissabte passat, el nostre juvenil B va jugar un partit de dues cares contra el Jupiter A. La primera part va estar molt disputada per tots dos equips on la Grama va demostrar ser un equip l\u00edder en tots els aspectes: concentraci\u00f3, ritme de partit, intensitat, maneig de les diferents fases del partit, un equip compacte i que sap al que juga tant defensivament, com ofensivament. Va ser la primera part de \u00abestira i arronsa\u00bb entre dos equips en els quals tots dos podrien haver marcat per\u00f2 que nom\u00e9s ho va fer la Grama en una gran combinaci\u00f3 per banda de Marc Alvear i Ivan Mart\u00ed, que Oliver va acabar rematant en la xarxa. El Jupiter nom\u00e9s podia arribar a l&#8217;\u00e0rea del nostre Juvenil B a trav\u00e9s de centres des del mig camp o en llan\u00e7aments de corners que \u00e9s on creaven el perill gr\u00e0cies a la seva gran envergadura.<\/span><\/p>\n<p><span style=\"font-weight: 400;\">La segona part va ser una altra hist\u00f2ria molt diferent, la grama va perdre tot el que la primera part li havia fet imbatible, tot el control que havia imposat en la primera part es va diluir i el Jupiter amb molta embranzida i molta duresa, set targetes grogues i una vermella, li va donar la volta al resultat. Els nostres van poder empatar en alguna jugada a\u00efllada, per\u00f2 en la segona part no va donar la sensaci\u00f3 que pogu\u00e9s arribar. En els \u00faltims deu minuts, els blaus ho van intentar m\u00e9s amb el cor que amb el cap per\u00f2 va ser est\u00e8ril. Felicitats per l&#8217;esfor\u00e7 i a continuar treballant que aix\u00f2 acaba de comen\u00e7ar.<\/span><\/p>\n<p>&nbsp;<\/p>\n<p>Jupiter 3 &#8211; Juvenil \u201cB\u201d 1<\/p>\n<p>El s\u00e1bado pasado, nuestro juvenil B jug\u00f3 un partido de dos caras contra el Jupiter A. La primera parte estuvo muy disputada por ambos equipos donde la Grama demostr\u00f3 ser un equipo l\u00edder en todos los aspectos: concentraci\u00f3n, ritmo de partido, intensidad, manejo de las diferentes fases del partido, un equipo compacto y que sabe a lo que juega tanto defensivamente, como ofensivamente. Fue la primera parte de \u201ctoma y daca\u201d entre dos equipos en los que ambos podr\u00edan haber marcado pero que solo lo hizo la Grama en una gran combinaci\u00f3n por banda de Marc Alvear e Ivan Mart\u00ed, que Oliver acab\u00f3 rematando en la red. El Jupiter solo pod\u00eda llegar al \u00e1rea de nuestro Juvenil B a trav\u00e9s de centros desde el medio campo o en lanzamientos de corners que es donde creaban el peligro gracias a su gran envergadura.<\/p>\n<p>La segunda parte fue otra historia muy distinta, la grama perdi\u00f3 todo lo que la primera parte le hab\u00eda hecho imbatible, todo el control que hab\u00eda impuesto en la primera parte se diluy\u00f3, y el Jupiter con mucho empuje y mucha dureza, siete tarjetas amarillas y una roja, le dio la vuelta al resultado. Los nuestros pudieron empatar en alguna jugada aislada, pero en la segunda parte no dio la sensaci\u00f3n de que pudiera llegar. En los \u00faltimos diez minutos, los azules lo intentaron m\u00e1s con el coraz\u00f3n que con la cabeza pero fue est\u00e9ril. Felicidades por el esfuerzo y a seguir trabajando que esto acaba de empezar.<\/p>\n<p>&nbsp;<\/p>\n<p>[divider]<\/p>\n<p>&nbsp;<\/p>\n<p><a href=\"http:\/\/fegrama.cat\/web\/wp-content\/uploads\/2019\/11\/WhatsApp-Image-2019-11-11-at-08.44.39.jpeg\"><img loading=\"lazy\" decoding=\"async\" class=\"alignnone wp-image-27342\" src=\"http:\/\/fegrama.cat\/web\/wp-content\/uploads\/2019\/11\/WhatsApp-Image-2019-11-11-at-08.44.39-300x225.jpeg\" alt=\"\" width=\"527\" height=\"395\" srcset=\"http:\/\/fegrama.cat\/web\/wp-content\/uploads\/2019\/11\/WhatsApp-Image-2019-11-11-at-08.44.39-300x225.jpeg 300w, http:\/\/fegrama.cat\/web\/wp-content\/uploads\/2019\/11\/WhatsApp-Image-2019-11-11-at-08.44.39-768x576.jpeg 768w, http:\/\/fegrama.cat\/web\/wp-content\/uploads\/2019\/11\/WhatsApp-Image-2019-11-11-at-08.44.39-1024x768.jpeg 1024w, http:\/\/fegrama.cat\/web\/wp-content\/uploads\/2019\/11\/WhatsApp-Image-2019-11-11-at-08.44.39.jpeg 2048w\" sizes=\"auto, (max-width: 527px) 100vw, 527px\" \/><\/a><\/p>\n<p>Juvenil \u201cC\u201d 2 &#8211; 0 Lloreda<\/p>\n<p><span style=\"font-weight: 400;\">Aquesta setmana passada el nostre Juvenil C va disputar un partit fluix al Municipal de Santa Coloma davant un bon Lloreda que no posaria les coses gens f\u00e0cils per tal que els tres punts es quedessin a casa.<\/span><\/p>\n<p><span style=\"font-weight: 400;\">Des de l&#8217;inici del partit, la Grama es va veure amb moltes facilitats per mantenir la possessi\u00f3 en zones de poc perill pels visitants, que es plantaven amb un bloc molt baix dificultant les arribades locals. Les millors ocasions vindrien des de les bones arribades dels jugadors exteriors, tot i que la sobrepoblaci\u00f3 de l&#8217;\u00e0rea i l&#8217;avantatge f\u00edsica visitant en els duels aeris, impedien que fossin d&#8217;excessiu perill. V\u00edctor Qui\u00f1ones (minut 40), despr\u00e9s d&#8217;un rebuig de la defensa rival, ca\u00e7aria una pilota a la frontal de l&#8217;\u00e0rea que, amb una mica de sort, aconseguia enviar-la dins la porteria per pujar l&#8217;u a zero en el marcador. <\/span><span style=\"font-weight: 400;\">Els nostres marxaven al descans amb avantatge, per\u00f2 amb la sensaci\u00f3 que s&#8217;hauria d&#8217;estar molt encertats per tancar el partit.<\/span><\/p>\n<p><span style=\"font-weight: 400;\">La segona meitat no seria diferent de la primera, ja que, tot i veure&#8217;s amb el resultat advers, el Lloreda es mantenia fidel a com havia plantejat el partit des de l&#8217;inici. Els colomencs insistien davant un rival ben tancat, que va concedir, per\u00f2, alguna ocasi\u00f3 m\u00e9s que en la primera meitat. No va ser fins al minut 78 quan, en una acci\u00f3 a pilota aturada, Jean Paul Medina feia pujar el definitiu dos a zero en el marcador, despr\u00e9s de guanyar-li la posici\u00f3 al seu adversari i poder definir fins en dues ocasions des de l&#8217;\u00e0rea petita.<\/span><\/p>\n<p><span style=\"font-weight: 400;\">L&#8217;equip segueix l\u00edder i no reprendr\u00e0 la competici\u00f3 fins al cap de setmana del 30 de Novembre, on haur\u00e0 de seguir amb la bona din\u00e0mica de resultats i encarar un bon final de primera volta per seguir lluitant per l&#8217;objectiu.<\/span><\/p>\n<p><span style=\"font-weight: 400;\">Els colomencs visitaran l&#8217;Almeda el dissabte vinent a les 18.30 en un amist\u00f3s davant el seu Juvenil A.<\/span><\/p>\n<p>&nbsp;<\/p>\n<p>Juvenil \u201cC\u201d 2 &#8211; 0 Lloreda<\/p>\n<p><span style=\"font-weight: 400;\">Esta semana pasada nuestro Juvenil C disput\u00f3 un partido flojo en el Municipal de Santa Coloma ante un buen Lloreda que no pondr\u00eda las cosas nada f\u00e1ciles para que los tres puntos se quedaran en casa.<\/span><\/p>\n<p><span style=\"font-weight: 400;\">Desde el inicio del partido, la Grama se vio con muchas facilidades para mantener la posesi\u00f3n en zonas de poco peligro por los visitantes, que se plantaban con un bloque muy bajo dificultando las llegadas locales. Las mejores ocasiones vendr\u00edan desde las buenas llegadas de los jugadores exteriores, a pesar de que la sobrepoblaci\u00f3n del \u00e1rea y la ventaja f\u00edsica visitante en los duelos a\u00e9reos, imped\u00edan que fueran de excesivo peligro. V\u00edctor Qui\u00f1ones (minuto 40), despu\u00e9s de un rechazo de la defensa rival, cazar\u00eda una pelota en el frontal del \u00e1rea que, con un poco de suerte, consegu\u00eda enviarla dentro de la porter\u00eda para subir el uno a cero en el marcador. Los nuestros se iban al descanso con ventaja, pero con sensaci\u00f3n de que se tendria que estar muy acertados para cerrar el partido.<\/span><\/p>\n<p><span style=\"font-weight: 400;\">La segunda mitad no ser\u00eda diferente de la primera, puesto que, a pesar de verse con el resultado adverso el Lloreda se manten\u00eda fiel a c\u00f3mo hab\u00eda planteado el partido desde el inicio. Los colomenses insist\u00edan ante un rival muy cerrado, que concedi\u00f3 alguna ocasi\u00f3n m\u00e1s que en la primera mitad. No fue hasta el minuto 78 cuando, en una acci\u00f3n a pelota parada, Jean Paul Medina hac\u00eda subir el definitivo dos a cero en el marcador, despu\u00e9s de ganarle la posici\u00f3n a su adversario y poder definir hasta en dos ocasiones desde el \u00e1rea peque\u00f1a.<\/span><\/p>\n<p><span style=\"font-weight: 400;\">El equipo sigue l\u00edder y no retomar\u00e1 la competici\u00f3n hasta despu\u00e9s de semana del 30 de noviembre, donde tendr\u00e1 que seguir con la buena din\u00e1mica de resultados y encarar un buen final de primera vuelta para seguir luchando por el objetivo.<\/span><\/p>\n<p><span style=\"font-weight: 400;\">Los colomenses visitar\u00e1n el Almeda el pr\u00f3ximo s\u00e1bado a las 18.30 en un amistoso ante su Juvenil A.<\/span><\/p>\n<p>&nbsp;<\/p>\n<p>[divider]<\/p>\n<p>&nbsp;<\/p>\n<p>Juvenil \u201cD\u201d 0 &#8211; Bon Pastor 2<\/p>\n<p><span style=\"font-weight: 400;\">El dissabte passat el nostre Juvenil D jugava el seu millor partit des de que va comen\u00e7ar la temporada, aquesta vegada contra el Bon Pastor. Va ser per\u00f2 en el minut 5 quan per una badada els blaus van marxar al descans amb 0-1 al marcador perdent.<\/span><\/p>\n<p><span style=\"font-weight: 400;\">La segona part de la Grama va ser lluitar i lluitar intentant de tot per\u00f2 la falta de punteria feia que el marcador no canvies fins que en el minut 90 en una contra, el Bon Pastor va aconseguir el 0-2 que va donar pas al final del partit.<\/span><\/p>\n<p>&nbsp;<\/p>\n<p>Juvenil \u201cD\u201d 0 &#8211; Bon Pastor 2<\/p>\n<p><span style=\"font-weight: 400;\">El pasado s\u00e1bado nuestro Juvenil D jugaba su mejor partido desde que empez\u00f3 la temporada, esta vez contra el Buen Pastor. Fue pero en el minuto 5 cuando por un despiste los azules se fueron al descanso con 0-1 en el marcador perdiendo.<\/span><\/p>\n<p><span style=\"font-weight: 400;\">La segunda parte de la Grama fue luchar y luchar intentando de todo, pero la falta de punter\u00eda hac\u00eda que el marcador no cambiase hasta que el minuto 90 en una contra el Buen Pastor consigui\u00f3 su 0-2 que dio al final del partido.<\/span><\/p>\n","protected":false},"excerpt":{"rendered":"<p>Jupiter 3 &#8211; Juvenil \u201cB\u201d 1 El dissabte passat, el nostre juvenil B va jugar un partit de dues cares contra el Jupiter A. La primera part va estar molt disputada per tots dos equips on la Grama va demostrar ser un equip l\u00edder en tots els aspectes: concentraci\u00f3, ritme de partit, intensitat, maneig de [&hellip;]<\/p>\n","protected":false},"author":1,"featured_media":27342,"comment_status":"closed","ping_status":"closed","sticky":false,"template":"","format":"standard","meta":{"footnotes":""},"categories":[4,6],"tags":[],"class_list":["post-27341","post","type-post","status-publish","format-standard","has-post-thumbnail","hentry","category-base-inclusiu","category-juvenils"],"_links":{"self":[{"href":"http:\/\/fegrama.cat\/web\/wp-json\/wp\/v2\/posts\/27341","targetHints":{"allow":["GET"]}}],"collection":[{"href":"http:\/\/fegrama.cat\/web\/wp-json\/wp\/v2\/posts"}],"about":[{"href":"http:\/\/fegrama.cat\/web\/wp-json\/wp\/v2\/types\/post"}],"author":[{"embeddable":true,"href":"http:\/\/fegrama.cat\/web\/wp-json\/wp\/v2\/users\/1"}],"replies":[{"embeddable":true,"href":"http:\/\/fegrama.cat\/web\/wp-json\/wp\/v2\/comments?post=27341"}],"version-history":[{"count":2,"href":"http:\/\/fegrama.cat\/web\/wp-json\/wp\/v2\/posts\/27341\/revisions"}],"predecessor-version":[{"id":27344,"href":"http:\/\/fegrama.cat\/web\/wp-json\/wp\/v2\/posts\/27341\/revisions\/27344"}],"wp:featuredmedia":[{"embeddable":true,"href":"http:\/\/fegrama.cat\/web\/wp-json\/wp\/v2\/media\/27342"}],"wp:attachment":[{"href":"http:\/\/fegrama.cat\/web\/wp-json\/wp\/v2\/media?parent=27341"}],"wp:term":[{"taxonomy":"category","embeddable":true,"href":"http:\/\/fegrama.cat\/web\/wp-json\/wp\/v2\/categories?post=27341"},{"taxonomy":"post_tag","embeddable":true,"href":"http:\/\/fegrama.cat\/web\/wp-json\/wp\/v2\/tags?post=27341"}],"curies":[{"name":"wp","href":"https:\/\/api.w.org\/{rel}","templated":true}]}}