{"id":27335,"date":"2019-11-12T05:15:51","date_gmt":"2019-11-12T04:15:51","guid":{"rendered":"http:\/\/fegrama.cat\/web\/?p=27335"},"modified":"2019-11-12T05:15:51","modified_gmt":"2019-11-12T04:15:51","slug":"tres-punts-mes-pels-nois-de-kiku","status":"publish","type":"post","link":"http:\/\/fegrama.cat\/web\/tres-punts-mes-pels-nois-de-kiku\/","title":{"rendered":"Tres punts m\u00e9s pels nois de Kiku"},"content":{"rendered":"<figure id=\"attachment_27337\" aria-describedby=\"caption-attachment-27337\" style=\"width: 814px\" class=\"wp-caption aligncenter\"><a href=\"http:\/\/fegrama.cat\/web\/wp-content\/uploads\/2019\/11\/PHOTO-2019-11-10-14-12-55.jpg\"><img loading=\"lazy\" decoding=\"async\" class=\" wp-image-27337\" src=\"http:\/\/fegrama.cat\/web\/wp-content\/uploads\/2019\/11\/PHOTO-2019-11-10-14-12-55-1024x768.jpg\" alt=\"\" width=\"814\" height=\"611\" srcset=\"http:\/\/fegrama.cat\/web\/wp-content\/uploads\/2019\/11\/PHOTO-2019-11-10-14-12-55-1024x768.jpg 1024w, http:\/\/fegrama.cat\/web\/wp-content\/uploads\/2019\/11\/PHOTO-2019-11-10-14-12-55-300x225.jpg 300w, http:\/\/fegrama.cat\/web\/wp-content\/uploads\/2019\/11\/PHOTO-2019-11-10-14-12-55-768x576.jpg 768w, http:\/\/fegrama.cat\/web\/wp-content\/uploads\/2019\/11\/PHOTO-2019-11-10-14-12-55.jpg 2048w\" sizes=\"auto, (max-width: 814px) 100vw, 814px\" \/><\/a><figcaption id=\"caption-attachment-27337\" class=\"wp-caption-text\">Onze inicial que va jugar contra el Mercantil<\/figcaption><\/figure>\n<h2>Treball i ofici del Juvenil A per superar al Mercantil a domicili.<\/h2>\n<p>-DBC- Amb una primera part molt completa, el Juvenil\u00a0 A, va mostrar-se molt superior al Mercantil i amb solidesa defensiva y atacs elaborats la Grama va poder posar-se per davant al minut 18. Una bona passada d\u2019Untoria al espai la va aprofitar Uri per fer l\u20191-0.<\/p>\n<p>Els nostres no es conformaven i volien m\u00e9s, de fet van tenir ocasions per anotar el segon per\u00f2 la pilota no va voler entrar i amb l\u2019avantatge m\u00ednima es va arribar al descans.<\/p>\n<p>Ja a la segona meitat l\u2019equip de Kiku Parcerisas sortia amb la convicci\u00f3 d\u2019anotar un gol m\u00e9s i sentenciar el matx per\u00f2 el Mercantil havia de dir la seva. A la segona part els locals van millorar notablement en la fase ofensiva i, amb joc directe, centrades laterals i segones jugades, incomodaven a la defensa colomenca que, encara aix\u00ed, no va rebre ocasions clares.<\/p>\n<p>Hi havia sensaci\u00f3 de perill sobre la nostra porteria per\u00f2 sense ocasions i els nostres van saber defensar el resultat amb ungles i dents per aconseguir una vict\u00f2ria molt important al campionat i donar un petit salt en la classificaci\u00f3.<\/p>\n<p>La propera setmana, en la jornada 12, el juvenil A rebr\u00e0 al Girona al Municipal de la Grama a les 11:45h.<\/p>\n<p>&nbsp;<\/p>\n<p><a href=\"http:\/\/fcf.cat\/acta\/1920\/futbol-11\/lliga-nacional-juvenil\/grup-7\/nj\/mercantil-ce-a\/nj\/fundacio-esportiva-grama-a\">CLIQUEU PER VEURE L\u2019ACTA DEL PARTIT<\/a><\/p>\n<p><a href=\"http:\/\/fcf.cat\/classificacio\/1920\/futbol-11\/lliga-nacional-juvenil\/grup-7\">CLIQUEU PER VEURE LA CLASSIFICACI\u00d3 DE LNJ7<\/a><\/p>\n<p>[divider]<\/p>\n<figure id=\"attachment_27336\" aria-describedby=\"caption-attachment-27336\" style=\"width: 653px\" class=\"wp-caption aligncenter\"><a href=\"http:\/\/fegrama.cat\/web\/wp-content\/uploads\/2019\/11\/PHOTO-2019-11-10-14-13-29.jpg\"><img loading=\"lazy\" decoding=\"async\" class=\" wp-image-27336\" src=\"http:\/\/fegrama.cat\/web\/wp-content\/uploads\/2019\/11\/PHOTO-2019-11-10-14-13-29-1024x768.jpg\" alt=\"\" width=\"653\" height=\"490\" srcset=\"http:\/\/fegrama.cat\/web\/wp-content\/uploads\/2019\/11\/PHOTO-2019-11-10-14-13-29-1024x768.jpg 1024w, http:\/\/fegrama.cat\/web\/wp-content\/uploads\/2019\/11\/PHOTO-2019-11-10-14-13-29-300x225.jpg 300w, http:\/\/fegrama.cat\/web\/wp-content\/uploads\/2019\/11\/PHOTO-2019-11-10-14-13-29-768x576.jpg 768w, http:\/\/fegrama.cat\/web\/wp-content\/uploads\/2019\/11\/PHOTO-2019-11-10-14-13-29.jpg 2048w\" sizes=\"auto, (max-width: 653px) 100vw, 653px\" \/><\/a><figcaption id=\"caption-attachment-27336\" class=\"wp-caption-text\">La alegr\u00eda en el vestuario despu\u00e9s de una gran victoria.<\/figcaption><\/figure>\n<h2>Trabajo y oficio del Juvenil A para superar el Mercantil a domicilio.<\/h2>\n<p>Con una primera parte muy completa, el Juvenil A, se mostr\u00f3 muy superior al Mercantil y con solidez defensiva y ataques elaborados, la Grama pudo ponerse por delante en el minuto 18. Un buen pase de Untoria al espacio lo aprovech\u00f3 Uri para hacer el 1-0. Los nuestros no se conformaban y quer\u00edan m\u00e1s, de hecho tuvieron ocasiones para anotar el segundo pero el bal\u00f3n no quiso entrar y con\u00a0 ventaja m\u00ednima se lleg\u00f3 al descanso.<\/p>\n<p>Ya en la segunda mitad el equipo de Kiku Parcerisas sal\u00eda con la convicci\u00f3n de anotar un gol m\u00e1s y sentenciar el encuentro, pero el Mercantil todav\u00eda ten\u00eda algo que decir En la segunda parte los locales mejoraron notablemente en la fase ofensiva y, con juego directo, centros laterales y segundas jugadas, incomodaban a la defensa colomense que, a\u00fan as\u00ed, no recibi\u00f3 ocasiones claras.<\/p>\n<p>Hab\u00eda sensaci\u00f3n de peligro sobre nuestra porter\u00eda pero sin ocasiones y los nuestros supieron defender el resultado con u\u00f1as y dientes para conseguir una victoria muy importante en el campeonato y dar un peque\u00f1o salto en la clasificaci\u00f3n.<\/p>\n<p>La pr\u00f3xima semana, en la jornada 12, el juvenil A recibir\u00e1 al Girona en el Municipal de la Grama a las 11: 45h.<\/p>\n<p><a href=\"http:\/\/fcf.cat\/acta\/1920\/futbol-11\/lliga-nacional-juvenil\/grup-7\/nj\/mercantil-ce-a\/nj\/fundacio-esportiva-grama-a\">CLICAD PARA VER EL ACTA DEL PARTIDO<\/a><\/p>\n<p><a href=\"http:\/\/fcf.cat\/classificacio\/1920\/futbol-11\/lliga-nacional-juvenil\/grup-7\">CLICAD PARA VER LA CLASIFICACI\u00d3N DE LNJ7<\/a><\/p>\n","protected":false},"excerpt":{"rendered":"<p>Treball i ofici del Juvenil A per superar al Mercantil a domicili. -DBC- Amb una primera part molt completa, el Juvenil\u00a0 A, va mostrar-se molt superior al Mercantil i amb solidesa defensiva y atacs elaborats la Grama va poder posar-se per davant al minut 18. Una bona passada d\u2019Untoria al espai la va aprofitar Uri [&hellip;]<\/p>\n","protected":false},"author":1,"featured_media":27337,"comment_status":"closed","ping_status":"closed","sticky":false,"template":"","format":"standard","meta":{"footnotes":""},"categories":[4,6],"tags":[],"class_list":["post-27335","post","type-post","status-publish","format-standard","has-post-thumbnail","hentry","category-base-inclusiu","category-juvenils"],"_links":{"self":[{"href":"http:\/\/fegrama.cat\/web\/wp-json\/wp\/v2\/posts\/27335","targetHints":{"allow":["GET"]}}],"collection":[{"href":"http:\/\/fegrama.cat\/web\/wp-json\/wp\/v2\/posts"}],"about":[{"href":"http:\/\/fegrama.cat\/web\/wp-json\/wp\/v2\/types\/post"}],"author":[{"embeddable":true,"href":"http:\/\/fegrama.cat\/web\/wp-json\/wp\/v2\/users\/1"}],"replies":[{"embeddable":true,"href":"http:\/\/fegrama.cat\/web\/wp-json\/wp\/v2\/comments?post=27335"}],"version-history":[{"count":1,"href":"http:\/\/fegrama.cat\/web\/wp-json\/wp\/v2\/posts\/27335\/revisions"}],"predecessor-version":[{"id":27338,"href":"http:\/\/fegrama.cat\/web\/wp-json\/wp\/v2\/posts\/27335\/revisions\/27338"}],"wp:featuredmedia":[{"embeddable":true,"href":"http:\/\/fegrama.cat\/web\/wp-json\/wp\/v2\/media\/27337"}],"wp:attachment":[{"href":"http:\/\/fegrama.cat\/web\/wp-json\/wp\/v2\/media?parent=27335"}],"wp:term":[{"taxonomy":"category","embeddable":true,"href":"http:\/\/fegrama.cat\/web\/wp-json\/wp\/v2\/categories?post=27335"},{"taxonomy":"post_tag","embeddable":true,"href":"http:\/\/fegrama.cat\/web\/wp-json\/wp\/v2\/tags?post=27335"}],"curies":[{"name":"wp","href":"https:\/\/api.w.org\/{rel}","templated":true}]}}