{"id":27329,"date":"2019-11-12T16:48:41","date_gmt":"2019-11-12T15:48:41","guid":{"rendered":"http:\/\/fegrama.cat\/web\/?p=27329"},"modified":"2019-11-12T16:48:41","modified_gmt":"2019-11-12T15:48:41","slug":"croniques-dels-lluitadors-dels-infantils","status":"publish","type":"post","link":"http:\/\/fegrama.cat\/web\/croniques-dels-lluitadors-dels-infantils\/","title":{"rendered":"Cr\u00f2niques dels lluitadors dels Infantils"},"content":{"rendered":"<p><span style=\"font-weight: 400;\">Martinenc 3 &#8211; Infantil \u201cA\u201d 0<\/span><\/p>\n<p><span style=\"font-weight: 400;\">El passat diumenge a la tarda el nostre infantil de preferent (A) va jugar al camp de futbol CEM Guinard\u00f3 on vam patir perqu\u00e8 no va ser un partit f\u00e0cil contra al Martinenc, un equip que aspira a emportar-se&#8217;n la lliga.<\/span><\/p>\n<p><span style=\"font-weight: 400;\">El Martinenc va dominar totes les facetes de joc i en la primera part la Grama no va obtenir ocasions clares de fer gol, la qual cosa va fer que marxessin a la mitja par amb el marcador a 1-0 amb els nostres perdent. En la segona part el Marinenc no va donar opci\u00f3 i en el primer minut ja va marcar el seu segon gol i un tercer \u00aba posteriori\u00bb acabant en 3-0 en acta tancada.<\/span><\/p>\n<p><span style=\"font-weight: 400;\">L&#8217;entrenador de l&#8217;Infantil A la Grama, felicita el Martinenc perqu\u00e8 es va mostrar superior en tots els aspectes, cosa que ajuda a estar quatre anys amb \u00abbloque\u00bb i nosaltres ser un equip nou.<\/span><\/p>\n<p><span style=\"font-weight: 400;\">En Brian Espinola (delegat) diu: \u00abToca fer balan\u00e7, a priori no era la nostra lliga aquest equip per\u00f2 si lluitar aquests partits i treure l&#8217;orgull que tenim. \u00c9s cert que fem uns entrenaments incre\u00efbles, per\u00f2 avui dia els partits no ho reflecteixen. Ara tocava equips de la zona baixa que no s\u00f3n dolents i \u00e9s quan hem d&#8217;agafar impuls per a sortir del sot.\u00bb<\/span><\/p>\n<p>&nbsp;<\/p>\n<p><span style=\"font-weight: 400;\">Martinenc 3 &#8211; Infantil \u201cA\u201d 0<\/span><\/p>\n<p><span style=\"font-weight: 400;\">El <\/span><span style=\"font-weight: 400;\">Martinenc<\/span><span style=\"font-weight: 400;\"> domin\u00f3 todas las facetas de juego y en la primera parte la Grama no obtuvo claras ocasiones de marcar gol, la cual cosa hizo que el marcador antes de la media parte se dejara en 1-0 d\u00f3nde los nuestros iban perdiendo. En la segunda parte el <\/span><span style=\"font-weight: 400;\">Marinenc<\/span><span style=\"font-weight: 400;\"> no dio opci\u00f3n y en el primer minuto ya marc\u00f3 su segundo gol y un tercero \u201ca posteriori\u201d acabando en 3-0.<\/span><\/p>\n<p><span style=\"font-weight: 400;\">El entrenador de la Grama afirma y felicita al <\/span><span style=\"font-weight: 400;\">Martinenc<\/span><span style=\"font-weight: 400;\"> que se mostr\u00f3 superior en todos los aspectos; es la diferencia de estar cuatro a\u00f1os con un bloque y nosotros ser un equipo nuevo.<\/span><\/p>\n<p><span style=\"font-weight: 400;\">Brian <\/span><span style=\"font-weight: 400;\">Espinola<\/span><span style=\"font-weight: 400;\"> (delegado) dice: \u201cToca hacer balance, a priori no era nuestra liga este equipo pero si luchar estos partidos y sacar el orgullo que tenemos. Es cierto que hacemos entrenamientos incre\u00edbles, pero a d\u00eda de hoy los partidos no lo reflejan. Ahora tocaba equipos de la zona baja que no son malos y es cuando tenemos que coger impulso para salir del bache.\u201d<\/span><\/p>\n<p>&nbsp;<\/p>\n<p>[divider]<\/p>\n<p>&nbsp;<\/p>\n<p><span style=\"font-weight: 400;\">Infantil \u201cB\u201d 2 &#8211; Badalona 2<\/span><\/p>\n<p><span style=\"font-weight: 400;\">L&#8217;Infantil B va jugar el passat diumenge a casa la seva sisena jornada acabant en un empat contra el Badalona. Comen\u00e7a el partit i en la primera part els nostres es posen a 1-0 al marcador gr\u00e0cies a un penal a favor, per\u00f2 van acabar anant al descans amb 1-2, perdent amb el segon gol de l&#8217;equip contrari en l&#8217;\u00faltim minut. La primera part va ser una part \u00abper oblidar\u00bb on la Grama no va saber enlla\u00e7ar les tres l\u00ednies del sistema, falta d&#8217;intensitat&#8230; En la segona part s\u00ed que els nostres van estar b\u00e9 en totes les l\u00ednies i controlant m\u00e9s el partit, amb m\u00e9s intensitat i millora en les combinacions. Finalment van marcar l&#8217;empat i van tenir dues oportunitats per fer m\u00e9s gols, per\u00f2 aquests no van arribar. Per\u00f2 despr\u00e9s de veure les dues parts&#8230; va ser un resultat just.<\/span><\/p>\n<p>&nbsp;<\/p>\n<p><span style=\"font-weight: 400;\">Infantil \u201cB\u201d 2 &#8211; Badalona 2<\/span><\/p>\n<p><span style=\"font-weight: 400;\">El Infantil B jug\u00f3 el domingo pasado en casa su sexta jornada acabando en un empate contra el Badalona. Empieza el partido y en la parte los nuestros se ponen 1-0 gracias a un penalti a favor, pero acabaron yendo al descanso con 1-2, marcando los contrarios su segundo gol en el \u00faltimo minuto. Aun as\u00ed, una primera parte para olvidar d\u00f3nde la Grama no supo enlazar las tres l\u00edneas del sistema, falta de intensidad\u2026\u00a0<\/span><span style=\"font-weight: 400;\">En la segunda parte los nuestros s\u00ed que estuvieron bien en todas las l\u00edneas y controlando m\u00e1s el partido, con m\u00e1s intensidad y combinando bien. Finalmente los de la Grama marcaron empate y tuvieron oportunidad para meter dos goles m\u00e1s que no llegaron. Pero viendo <\/span><span style=\"font-weight: 400;\">las<\/span><span style=\"font-weight: 400;\"> dos partes&#8230; resultado justo.<\/span><\/p>\n<p>&nbsp;<\/p>\n<p>[divider]<\/p>\n<p><a href=\"http:\/\/fegrama.cat\/web\/wp-content\/uploads\/2019\/11\/WhatsApp-Image-2019-11-09-at-19.04.13.jpeg\"><img loading=\"lazy\" decoding=\"async\" class=\"alignnone wp-image-27332\" src=\"http:\/\/fegrama.cat\/web\/wp-content\/uploads\/2019\/11\/WhatsApp-Image-2019-11-09-at-19.04.13-300x225.jpeg\" alt=\"\" width=\"504\" height=\"378\" srcset=\"http:\/\/fegrama.cat\/web\/wp-content\/uploads\/2019\/11\/WhatsApp-Image-2019-11-09-at-19.04.13-300x225.jpeg 300w, http:\/\/fegrama.cat\/web\/wp-content\/uploads\/2019\/11\/WhatsApp-Image-2019-11-09-at-19.04.13-768x576.jpeg 768w, http:\/\/fegrama.cat\/web\/wp-content\/uploads\/2019\/11\/WhatsApp-Image-2019-11-09-at-19.04.13-1024x768.jpeg 1024w, http:\/\/fegrama.cat\/web\/wp-content\/uploads\/2019\/11\/WhatsApp-Image-2019-11-09-at-19.04.13.jpeg 2048w\" sizes=\"auto, (max-width: 504px) 100vw, 504px\" \/><\/a><\/p>\n<p><span style=\"font-weight: 400;\">Racing Sarri\u00e0 3 &#8211; Infantil \u201cC\u201d 2<\/span><\/p>\n<p><span style=\"font-weight: 400;\">Diumenge 10 es va jugar el partit de l&#8217;Infantil C fora de casa en el camp de futbol UB Esports contra el Racing Sarri\u00e0. El partit va comen\u00e7ar amb els nostres molt desendollats, la qual cosa va provocar que ens marquessin un gol els contraris molt aviat. Els \u00e0nims van anar decaient i en conseq\u00fc\u00e8ncia van arribar dos gols r\u00e0pids que la Grama no va poder prevenir. Despr\u00e9s d&#8217;acabar la primera part amb un gust amarg, la segona va anar molt millor on els nostres van sortir amb ganes de tirar endavant el partit i lluitar-lo fins al final, d&#8217;una bona jugada d&#8217;equip va arribar el primer punt dels blaus. Esmentar que en la segona part els nostres van dominar bastant i a punt de completar una gran remuntada amb un penal a favor que s&#8217;ha quedat amb el segon, en la meitat del segon temps a favor nostre. Va ser tant la dominaci\u00f3 del partit per part de la Grama que fins i tot els contraris es van adonar del canvi de joc que va patir la Grama que encara perdre, van saber lluitar-ho acabant en 3-2 al marcador.<\/span><\/p>\n<p>&nbsp;<\/p>\n<p><span style=\"font-weight: 400;\">Racing Sarri\u00e0 3 &#8211; Infantil \u201cC\u201d 2<\/span><\/p>\n<p><span style=\"font-weight: 400;\">El pasado domingo 10 se jug\u00f3 el partido de la Infantil C fuera de casa en el campo de f\u00fatbol UB Deportes contra el Racing Sarri\u00e1. El partido empez\u00f3 con nuestros muy desenchufados, lo que provoc\u00f3 que nos marcaran un gol los contrarios muy pronto. Los <\/span><span style=\"font-weight: 400;\">\u00e1nimos<\/span><span style=\"font-weight: 400;\"> fueron decayendo y en <\/span><span style=\"font-weight: 400;\">consecuencia<\/span><span style=\"font-weight: 400;\"> llegaron dos goles r\u00e1pidos que la <\/span><span style=\"font-weight: 400;\">Grama<\/span><span style=\"font-weight: 400;\"> no pudo prevenir. Despu\u00e9s de acabar la primera parte con un gusto amargo, la segunda fue mucho mejor donde los nuestros salieron con ganas de sacar adelante el partido y<\/span><span style=\"font-weight: 400;\"> lucharlo<\/span><span style=\"font-weight: 400;\"> hasta el final. De una buena jugada en equipo lleg\u00f3 el primer punto de los azules. Mencionar que en la segunda parte los nuestros dominaron bastante y estuvieron a punto de completar una gran remontada con un penalti a favor que se ha quedado con el segundo, a mitad del segundo tiempo a favor nuestro. Fue tanta la dominaci\u00f3n del partido por parte de la <\/span><span style=\"font-weight: 400;\">Grama<\/span><span style=\"font-weight: 400;\"> que incluso los contrarios se percataron del cambio de juego que sufri\u00f3 la <\/span><span style=\"font-weight: 400;\">Grama<\/span><span style=\"font-weight: 400;\"> que aunque perdi\u00f3, supieron lucharlo acabando en 3-2 al marcador.<\/span><\/p>\n","protected":false},"excerpt":{"rendered":"<p>Martinenc 3 &#8211; Infantil \u201cA\u201d 0 El passat diumenge a la tarda el nostre infantil de preferent (A) va jugar al camp de futbol CEM Guinard\u00f3 on vam patir perqu\u00e8 no va ser un partit f\u00e0cil contra al Martinenc, un equip que aspira a emportar-se&#8217;n la lliga. El Martinenc va dominar totes les facetes de [&hellip;]<\/p>\n","protected":false},"author":1,"featured_media":27332,"comment_status":"closed","ping_status":"closed","sticky":false,"template":"","format":"standard","meta":{"footnotes":""},"categories":[4,9],"tags":[],"class_list":["post-27329","post","type-post","status-publish","format-standard","has-post-thumbnail","hentry","category-base-inclusiu","category-infantils"],"_links":{"self":[{"href":"http:\/\/fegrama.cat\/web\/wp-json\/wp\/v2\/posts\/27329","targetHints":{"allow":["GET"]}}],"collection":[{"href":"http:\/\/fegrama.cat\/web\/wp-json\/wp\/v2\/posts"}],"about":[{"href":"http:\/\/fegrama.cat\/web\/wp-json\/wp\/v2\/types\/post"}],"author":[{"embeddable":true,"href":"http:\/\/fegrama.cat\/web\/wp-json\/wp\/v2\/users\/1"}],"replies":[{"embeddable":true,"href":"http:\/\/fegrama.cat\/web\/wp-json\/wp\/v2\/comments?post=27329"}],"version-history":[{"count":3,"href":"http:\/\/fegrama.cat\/web\/wp-json\/wp\/v2\/posts\/27329\/revisions"}],"predecessor-version":[{"id":27333,"href":"http:\/\/fegrama.cat\/web\/wp-json\/wp\/v2\/posts\/27329\/revisions\/27333"}],"wp:featuredmedia":[{"embeddable":true,"href":"http:\/\/fegrama.cat\/web\/wp-json\/wp\/v2\/media\/27332"}],"wp:attachment":[{"href":"http:\/\/fegrama.cat\/web\/wp-json\/wp\/v2\/media?parent=27329"}],"wp:term":[{"taxonomy":"category","embeddable":true,"href":"http:\/\/fegrama.cat\/web\/wp-json\/wp\/v2\/categories?post=27329"},{"taxonomy":"post_tag","embeddable":true,"href":"http:\/\/fegrama.cat\/web\/wp-json\/wp\/v2\/tags?post=27329"}],"curies":[{"name":"wp","href":"https:\/\/api.w.org\/{rel}","templated":true}]}}