{"id":27322,"date":"2019-11-11T18:04:55","date_gmt":"2019-11-11T17:04:55","guid":{"rendered":"http:\/\/fegrama.cat\/web\/?p=27322"},"modified":"2019-11-11T19:28:11","modified_gmt":"2019-11-11T18:28:11","slug":"croniques-dels-alevins-amb-afinacio-de-lideratge-en-el-g","status":"publish","type":"post","link":"http:\/\/fegrama.cat\/web\/croniques-dels-alevins-amb-afinacio-de-lideratge-en-el-g\/","title":{"rendered":"Cr\u00f2niques dels Alevins amb afinaci\u00f3 de lideratge en el  \u00abG\u00bb"},"content":{"rendered":"<p>Premier 3- Alev\u00ed \u201cA\u201d 3<\/p>\n<p><span style=\"font-weight: 400;\">Aquesta setmana passada l&#8217;Alev\u00ed A va jugar contra un rival molt directe, la Premier, el partit va ser molt complicat i fora de casa al Municipal Vall d&#8217;Hebron. El partit es va comen\u00e7ar perdent 1-0, per\u00f2 el nostre equip va saber reaccionar d&#8217;una bona manera i va empatar el partit abans del descans amb 1-1 al marcador. Va comen\u00e7ar la segona part on el rival va entrar millor que els nostres i es va col\u00b7locar a 3-1 al marcador deixant-nos amb un resultat molt complicat de remuntar per l&#8217;\u00faltim quart de partit. No obstant aix\u00f2, la Grama en dos minuts de comen\u00e7ar aquest \u00faltim joc va poder empatar els contraris i es va endinsar en la lluita pels 3 punts, acabant el partit amb un empat molt just que ens deixa \u00abvius de cara\u00bb als pr\u00f2xims partits.<\/span><\/p>\n<p>&nbsp;<\/p>\n<p>Premier 3- Alev\u00edn \u201cA\u201d 3<\/p>\n<p><span style=\"font-weight: 400;\">Esta semana pasada el Alev\u00edn A jug\u00f3 contra la Premier, un rival directo en un partido muy complicado fuera de casa en el <\/span><span style=\"font-weight: 400;\">Mpal<\/span><span style=\"font-weight: 400;\">. Vall d\u2019<\/span><span style=\"font-weight: 400;\">Hebron<\/span><span style=\"font-weight: 400;\">. Al principio del partido se empez\u00f3 perdiendo 1-0, pero nuestro equipo supo reaccionar y empat\u00f3 el partido antes del descanso con 1-1 en el marcador. Comenz\u00f3 la segunda parte donde el rival entro mejor que los nuestros y se coloc\u00f3 con 3-1 en el marcador dej\u00e1ndonos as\u00ed un resultado muy complicado de remontar para el \u00faltimo cuarto. En 2 minutos el equipo empato el partido y se meti\u00f3 de lleno para la lucha de los 3 puntos. Un empate justo y que nos deja vivo de cara a los pr\u00f3ximos partidos.<\/span><\/p>\n<p>&nbsp;<\/p>\n<p>[divider]<\/p>\n<p>&nbsp;<\/p>\n<p><span style=\"font-weight: 400;\">Alevi \u201cB\u201d 2 &#8211; St.Vicent\u00ed 3<\/span><\/p>\n<p><span style=\"font-weight: 400;\">El passat dissabte al mat\u00ed els nostres Alevins de primera divisi\u00f3 (B) va jugar a casa un partit molt intens des de l&#8217;inici contra el St. Vicent\u00ed, on els nostres van sortir \u00aba mossegar\u00bb amb poc encert de cara a porta i una mala sort en defensa. El St. Vicent\u00ed s&#8217;avan\u00e7ava a la recta final del primer quart. Despr\u00e9s d&#8217;asseure el cap en el segon quart, els nostres van acabar la mitja part amb empat 1-1 gr\u00e0cies a una acci\u00f3 individual del nostre jugador Robben. En el tercer quart es presentava el 2-1 gr\u00e0cies a un gol de Noah que ens encarava el partit, per\u00f2 darrere l&#8217;\u00faltim ca\u00f2tic quart el Sant Vicent\u00ed es va plantar amb el 2-2 i darrere el 2-3 que els va donar la vict\u00f2ria final a ells i no als nostres.<\/span><\/p>\n<p>&nbsp;<\/p>\n<p><span style=\"font-weight: 400;\">Alev\u00edn \u201cB\u201d 2 &#8211; St. Vicent\u00ed 3<\/span><\/p>\n<p><span style=\"font-weight: 400;\">El pasado s\u00e1bado nuestros Alevines de primera divisi\u00f3n (B) jugaron por la ma\u00f1ana en casa un partido muy intenso desde el inicio contra el <\/span><span style=\"font-weight: 400;\">St<\/span><span style=\"font-weight: 400;\">. <\/span><span style=\"font-weight: 400;\">Vicent\u00ed<\/span><span style=\"font-weight: 400;\">, donde los nuestros salieron \u00aba morder\u00bb con poco acierto de cara a puerta y una mala suerte en defensa. El <\/span><span style=\"font-weight: 400;\">St<\/span><span style=\"font-weight: 400;\">. <\/span><span style=\"font-weight: 400;\">Vicent\u00ed<\/span><span style=\"font-weight: 400;\"> se avanzaba en la recta final del primer cuarto. Despu\u00e9s de sentar la cabeza en el segundo cuarto, los nuestros acabaron la media parte con empate 1-1 gracias a una acci\u00f3n individual de nuestro jugador Robben.<\/span><span style=\"font-weight: 400;\"> En el tercer cuarto se presentaba el 2-1 gracias a un gol de Noah que nos encaraba el partido, pero tras un \u00faltimo ca\u00f3tico cuarto, St. Vicent\u00ed se plantaba con el 2-2 y el 2-3 definitivo que les daba la victoria.<\/span><\/p>\n<p>&nbsp;<\/p>\n<p>[divider]<\/p>\n<p>&nbsp;<\/p>\n<p>Alev\u00ed \u00abC\u00bb 5 &#8211; APA Poble Sec 2<\/p>\n<p><span style=\"font-weight: 400;\">Diumenge 10 a la tarda el nostre Alev\u00ed C va jugar a casa contra un bon equip que no li fa just\u00edcia a la classificaci\u00f3. La grama va comen\u00e7ar ben col\u00b7locada i darrere una bona jugada els blaus s&#8217;avan\u00e7aven al marcador. Al cap de tres minuts el rival ens empatava amb un bon remat a porteria. Al descans s&#8217;arribava amb taules en el marcador. Despr\u00e9s de la represa en servei de cantonada els de Santa Coloma s&#8217;avan\u00e7aven. En el marcador 3-1 amb una vict\u00f2ria dels nostres que va arribar darrere una acci\u00f3 individual fant\u00e0stica. El 4-1 arribaria despr\u00e9s d&#8217;una acci\u00f3 \u00abcombinativa\u00bb despr\u00e9s d&#8217;una bona contra; l&#8217;equip de Poble Sec tallava les dist\u00e0ncies amb una execuci\u00f3 perfecta d&#8217;un llan\u00e7ament directe. Els nostres es van mantenir fermes desplegant un bon joc amb transicions r\u00e0pides i va tancar el partit en una d&#8217;aquestes accions.<\/span><\/p>\n<p><span style=\"font-weight: 400;\">Molt bona vict\u00f2ria equip!<\/span><\/p>\n<p>&nbsp;<\/p>\n<p><span style=\"font-weight: 400;\">Alev\u00edn \u00abC\u00bb 5 &#8211; APA Poble Sec 2\u00a0<\/span><\/p>\n<p><span style=\"font-weight: 400;\">El domingo 10 por la tarde nuestro Alev\u00edn C jug\u00f3 en casa contra un buen equipo al que no le hace justicia a la clasificaci\u00f3n. La grama empez\u00f3 con buenas colocaciones y tras una buena jugada los azules se avanzaban al marcador. A los tres minutos el rival nos empataba con un buen remate a porter\u00eda. Al descanso se llegaba con tablas en el marcador. Tras la reanudaci\u00f3n\u00a0<\/span><span style=\"font-weight: 400;\">en saque de esquina los de Santa Coloma se adelantaban. El 3 a 1 llegar\u00eda tras una acci\u00f3n individual fant\u00e1stica. El 4-1 llegar\u00eda despu\u00e9s de una acci\u00f3n <\/span><span style=\"font-weight: 400;\">combinativa<\/span><span style=\"font-weight: 400;\"> despu\u00e9s de una buena contra; el equipo de <\/span><span style=\"font-weight: 400;\">Poble<\/span> <span style=\"font-weight: 400;\">Sec<\/span><span style=\"font-weight: 400;\"> cortaba las distancias con una ejecuci\u00f3n perfecta de un tiro directo. El equipo se mantuvo firme desplegando un buen juego, con transiciones r\u00e1pidas y cerr\u00f3 el partido en una de estas acciones.<\/span><\/p>\n<p><span style=\"font-weight: 400;\">\u00a1\u00a1\u00a1Buena victoria equipo!!!<\/span><\/p>\n<p>&nbsp;<\/p>\n<p>[divider]<\/p>\n<p>&nbsp;<\/p>\n<p><span style=\"font-weight: 400;\">Alev\u00ed \u201cD\u201d 3- Premier 2<\/span><\/p>\n<p><span style=\"font-weight: 400;\">El passat dissabte l&#8217;Alev\u00ed \u00abD\u00bb de la Grama va guanyar en casa per la m\u00ednima a un gran equip com \u00e9s la Premier. Al mateix temps ten\u00edem jugant als companys de l&#8217;Alev\u00ed \u00abA\u00bb tamb\u00e9 contra la Premier. En aquest cas amb el mateixos gols per part dels nostres. Els locals van aconseguir empatar el partit en dues ocasions i va ser en l&#8217;\u00faltim quart i sense deixar d&#8217;insistir quan van aconseguir marcar el gol que els hi va donar la vict\u00f2ria final.<\/span><\/p>\n<p><span style=\"font-weight: 400;\">Els visitants van comen\u00e7ar el partit d&#8217;una manera molt intensa amb una gran pressi\u00f3 i un domini de pilota en els dos primers quarts. La Grama no va trobar cap buit i la sortida de pilota no va ser bona, va ser gr\u00e0cies a aquesta important pressi\u00f3 de la Premier, pel que els nostres es van posar per davant en el marcador, ja que les reaccions van ser bones i es van posar per davant del marcador abans del descans.<\/span><\/p>\n<p><span style=\"font-weight: 400;\">Despr\u00e9s d&#8217;aquest descans el gui\u00f3 va canviar per complet i la grama va fer un pas per davant pujant el ritme de pilota i la intensitat. Malgrat aix\u00f2 la Premier va tornar a posar-se per davant darrere una gran jugada col\u00b7lectiva on r\u00e0pidament els nostres i en una jugada practicada de corner, van tornar a posar un empat al marcador. Despr\u00e9s de l&#8217;empat els locals no es van conformar i van lluitar per la vict\u00f2ria amb una gran pressi\u00f3, i 3 minuts m\u00e9s tard, aconseguien marcar el tercer gol que els hi va donar la vict\u00f2ria.<\/span><\/p>\n<p>&nbsp;<\/p>\n<p><span style=\"font-weight: 400;\">Alev\u00edn \u201cD\u201d 3- Premier 2<\/span><\/p>\n<p><span style=\"font-weight: 400;\">El pasado s\u00e1bado el Alev\u00edn \u00abD\u00bb de la Grama gan\u00f3 en casa por la m\u00ednima a un gran equipo como es la Premier. Al mismo tiempo ten\u00edamos jugando a los compa\u00f1eros del Alev\u00edn \u00abA\u00bb tambi\u00e9n contra la Premier. En este caso con el mismos goles por parte de los nuestros.<\/span><\/p>\n<p><span style=\"font-weight: 400;\">Los locales consiguieron empatar el partido en dos ocasiones y fue en el \u00faltimo cuarto y sin dejar de insistir cuando consiguieron marcar el gol que se los dio la victoria final.<\/span><\/p>\n<p><span style=\"font-weight: 400;\">Los visitantes empezaron el partido muy fuerte con una gran presi\u00f3n y un dominio del bal\u00f3n en los dos primeros cuartos. La Grama no encontr\u00f3 ning\u00fan hueco y la salida de bal\u00f3n no fue buena. Gracias a esa importante presi\u00f3n de la Premier, los nuestros se pusieron por delante en el marcador por lo que la reacci\u00f3n fue muy buena y consiguieron un empate antes del descanso.<\/span><\/p>\n<p><span style=\"font-weight: 400;\">Despu\u00e9s del descanso, el guion cambi\u00f3 por completo. La Grama dio un paso para adelante y subi\u00f3 el ritmo de bal\u00f3n y la intensidad. A pesar del cambio, la Premier volvi\u00f3 a ponerse por delante tras una gran jugada colectiva. Pero, r\u00e1pidamente y en una jugada ensayada de c\u00f3rner, la Grama volvi\u00f3 a empatar. Despu\u00e9s del empate, los locales no se conformaron y fueron a por la victoria con una gran presi\u00f3n y, 3 minutos m\u00e1s tarde, consegu\u00edan marcar el tercero y el gol de la victoria.<\/span><\/p>\n<p>&nbsp;<\/p>\n<p>[divider]<\/p>\n<p>&nbsp;<\/p>\n<p><a href=\"http:\/\/fegrama.cat\/web\/wp-content\/uploads\/2019\/11\/WhatsApp-Image-2019-11-09-at-12.31.34.jpeg\"><img loading=\"lazy\" decoding=\"async\" class=\"alignnone wp-image-27323\" src=\"http:\/\/fegrama.cat\/web\/wp-content\/uploads\/2019\/11\/WhatsApp-Image-2019-11-09-at-12.31.34-300x225.jpeg\" alt=\"\" width=\"503\" height=\"377\" srcset=\"http:\/\/fegrama.cat\/web\/wp-content\/uploads\/2019\/11\/WhatsApp-Image-2019-11-09-at-12.31.34-300x225.jpeg 300w, http:\/\/fegrama.cat\/web\/wp-content\/uploads\/2019\/11\/WhatsApp-Image-2019-11-09-at-12.31.34-768x576.jpeg 768w, http:\/\/fegrama.cat\/web\/wp-content\/uploads\/2019\/11\/WhatsApp-Image-2019-11-09-at-12.31.34-1024x768.jpeg 1024w, http:\/\/fegrama.cat\/web\/wp-content\/uploads\/2019\/11\/WhatsApp-Image-2019-11-09-at-12.31.34.jpeg 2048w\" sizes=\"auto, (max-width: 503px) 100vw, 503px\" \/><\/a><\/p>\n<p>Bon Pastor 11 &#8211; Alev\u00ed \u00abE\u00bb 2<\/p>\n<p>En el partit de l&#8217;Alev\u00ed E d&#8217;aquest passat dissabte dia 9 contra el Bon pastor fora de casa, va passar el de sempre, en la primera meitat no se surt amb intensitat, trobant-nos amb un resultat advers en pocs minuts. L&#8217;equip ha sabut reaccionar posant-los les coses m\u00e9s dif\u00edcils havent de canviar el sistema de joc.<br \/>\nS&#8217;ha millorat en la segona part per\u00f2 als nostres els hi costava arribar dalt per crear ocasions de gol.<br \/>\nMalgrat el resultat final, l&#8217;equip es va mantenir amb una bona actitud on han donat la cara en tot moment.<\/p>\n<p>&nbsp;<\/p>\n<p>Bon Pastor 11 &#8211; Alev\u00edn \u00abE\u00bb 2<\/p>\n<p>En el partido de la Alev\u00edn E de este pasado s\u00e1bado d\u00eda 9 contra el Bon Pastor fuera de casa, pas\u00f3 el de siempre, en la primera mitad no se sali\u00f3 con la intensidad necesaria, encontr\u00e1ndonos con un resultado adverso en pocos minutos. No obstante, el equipo ha sabido reaccionar poni\u00e9ndoles las cosas m\u00e1s dif\u00edciles y teniendo que cambiar el sistema de juego.<br \/>\nSe ha mejorado en la segunda parte, pero a los nuestros se los costaba llegar arriba para crear ocasiones de gol.<br \/>\nA pesar del resultado final, el equipo se mantuvo con una buena actitud donde han dado la cara en todo momento.<\/p>\n<p>&nbsp;<\/p>\n<p>[divider]<\/p>\n<p>&nbsp;<\/p>\n<p><span style=\"font-weight: 400;\">Alev\u00ed \u201cF\u201d 2- Bon Pastor \u201cB\u201d 2<\/span><\/p>\n<p><span style=\"font-weight: 400;\">Dissabte 9 de cara al migdia es va disputar un partit molt debatut, el nostre Alev\u00ed de segona divisi\u00f3 contra el Bon Pastor. Fent un balan\u00e7 dels resultats, va ser just, ja que els nostres van comen\u00e7ar una mica fluixos per com normalment solen jugar, per\u00f2 a poc a poc van anar creixent amb el partit i veient que el rival estava posant les coses dif\u00edcils, la Grama va aconseguir posar-se per davant les dues vegades, malgrat no saber manejar el resultat, al final del partit va haver-hi una s\u00e8rie d&#8217;ocasions per a tots dos equips on es podria haver guanyat el partit per les dues parts, per\u00f2 al final el que vam aconseguir \u00e9s mantenir l&#8217;empat contra un bon equip.<\/span><\/p>\n<p>&nbsp;<\/p>\n<p><span style=\"font-weight: 400;\">Alev\u00edn \u201cF\u201d 2- Bon Pastor 2<\/span><\/p>\n<p><span style=\"font-weight: 400;\">S\u00e1bado 9 de cara al mediod\u00eda se jug\u00f3 un partido muy disputado, nuestros Alevines de segunda divisi\u00f3n contra el Bon Pastor. Haciendo balance el resultado es justo, porque los nuestros empezaron un poco flojos para como suelen jugar, pero los nuestros fueron creciendo poco a poco con el partido y observando que el rival estaba poniendo las cosas dif\u00edciles, la Grama pudo ponerse por delante en dos ocasiones pero no supieron manejar bien el resultado. Al final del partido hubo una serie de ocasiones para ambos equipos donde cualquiera de los dos podr\u00eda haber ganado el partido, pero al final se qued\u00f3 en un empate final contra un buen equipo.<\/span><\/p>\n<p>&nbsp;<\/p>\n<p>[divider]<\/p>\n<p>&nbsp;<\/p>\n<p><span style=\"font-weight: 400;\">Alev\u00ed \u00abG\u00bb 4 &#8211; Salesians Matar\u00f3 3<\/span><\/p>\n<p><span style=\"font-weight: 400;\">Dissabte al migdia l&#8217;Alev\u00ed G va fer vict\u00f2ria, amb aquesta van afinar el lideratge, ja que Salesians eren els segons empatats a punt amb els nostres. La vict\u00f2ria va ser molt merescuda sobretot pel que fa a joc i actitud. El partit va ser molt intens i molt disputat per culpa del seu joc directe en cada jugada, cosa que era inc\u00f2mode pels nostres perqu\u00e8 no estaven acostumats a aquest joc. Malgrat aix\u00f2 es van saber defensar perfectament i generar ocasions de perill gr\u00e0cies a bones transicions i glopejades llunyanes.<\/span><\/p>\n<p><span style=\"font-weight: 400;\">Sobretot felicitar a l&#8217;equip pel treball que han fet aquest cap de setmana, totes les paraules es queden petites per descriure la lluita, el treball i el car\u00e0cter per tirar endavant el partit, l&#8217;entrenador sent un orgull molt fort pel treball i els fruits que est\u00e0 donant.<\/span><\/p>\n<p>&nbsp;<\/p>\n<p><span style=\"font-weight: 400;\">Alev\u00edn G 4-3 Salesians Matar\u00f3\u00a0<\/span><\/p>\n<p><span style=\"font-weight: 400;\">El s\u00e1bado al mediod\u00eda el Alev\u00edn G hizo victoria y con esta afianzaron el liderazgo ya que <\/span><span style=\"font-weight: 400;\">Salesians<\/span><span style=\"font-weight: 400;\"> eran los segundos empatados a puntos con los nuestros. La victoria fue muy merecida sobre todo en cuanto a juego y actitud. El partido fue muy intenso y muy disputado por culpa del juego directo en cada jugada del equipo contrario, cosa que era inc\u00f3moda para los nuestros que no estaban acostumbrados a este juego, pero supieron defenderse perfectamente y generar ocasiones de peligro gracias a buenas transiciones y golpeos lejanos.<\/span><\/p>\n<p><span style=\"font-weight: 400;\">Felicitar a los chicos por el trabajo hecho este fin de semana todas palabras quedan cortas para describir la lucha, el trabajo y el car\u00e1cter para sacar adelante el partido, el entrenador se muestra muy orgulloso del trabajo y de los frutos que est\u00e1 dando.<\/span><\/p>\n<p>&nbsp;<\/p>\n","protected":false},"excerpt":{"rendered":"<p>Premier 3- Alev\u00ed \u201cA\u201d 3 Aquesta setmana passada l&#8217;Alev\u00ed A va jugar contra un rival molt directe, la Premier, el partit va ser molt complicat i fora de casa al Municipal Vall d&#8217;Hebron. El partit es va comen\u00e7ar perdent 1-0, per\u00f2 el nostre equip va saber reaccionar d&#8217;una bona manera i va empatar el partit [&hellip;]<\/p>\n","protected":false},"author":1,"featured_media":27323,"comment_status":"closed","ping_status":"closed","sticky":false,"template":"","format":"standard","meta":{"footnotes":""},"categories":[10,4],"tags":[],"class_list":["post-27322","post","type-post","status-publish","format-standard","has-post-thumbnail","hentry","category-alevins","category-base-inclusiu"],"_links":{"self":[{"href":"http:\/\/fegrama.cat\/web\/wp-json\/wp\/v2\/posts\/27322","targetHints":{"allow":["GET"]}}],"collection":[{"href":"http:\/\/fegrama.cat\/web\/wp-json\/wp\/v2\/posts"}],"about":[{"href":"http:\/\/fegrama.cat\/web\/wp-json\/wp\/v2\/types\/post"}],"author":[{"embeddable":true,"href":"http:\/\/fegrama.cat\/web\/wp-json\/wp\/v2\/users\/1"}],"replies":[{"embeddable":true,"href":"http:\/\/fegrama.cat\/web\/wp-json\/wp\/v2\/comments?post=27322"}],"version-history":[{"count":2,"href":"http:\/\/fegrama.cat\/web\/wp-json\/wp\/v2\/posts\/27322\/revisions"}],"predecessor-version":[{"id":27325,"href":"http:\/\/fegrama.cat\/web\/wp-json\/wp\/v2\/posts\/27322\/revisions\/27325"}],"wp:featuredmedia":[{"embeddable":true,"href":"http:\/\/fegrama.cat\/web\/wp-json\/wp\/v2\/media\/27323"}],"wp:attachment":[{"href":"http:\/\/fegrama.cat\/web\/wp-json\/wp\/v2\/media?parent=27322"}],"wp:term":[{"taxonomy":"category","embeddable":true,"href":"http:\/\/fegrama.cat\/web\/wp-json\/wp\/v2\/categories?post=27322"},{"taxonomy":"post_tag","embeddable":true,"href":"http:\/\/fegrama.cat\/web\/wp-json\/wp\/v2\/tags?post=27322"}],"curies":[{"name":"wp","href":"https:\/\/api.w.org\/{rel}","templated":true}]}}