{"id":27235,"date":"2019-10-27T23:06:47","date_gmt":"2019-10-27T22:06:47","guid":{"rendered":"http:\/\/fegrama.cat\/web\/?p=27235"},"modified":"2019-10-27T23:06:47","modified_gmt":"2019-10-27T22:06:47","slug":"de-tres-en-tres-que-segueixi-la-festa","status":"publish","type":"post","link":"http:\/\/fegrama.cat\/web\/de-tres-en-tres-que-segueixi-la-festa\/","title":{"rendered":"De tres en tres, que segueixi la festa"},"content":{"rendered":"<figure id=\"attachment_27239\" aria-describedby=\"caption-attachment-27239\" style=\"width: 967px\" class=\"wp-caption aligncenter\"><a href=\"http:\/\/fegrama.cat\/web\/wp-content\/uploads\/2019\/10\/PHOTO-2019-10-27-12-17-15.jpg\"><img loading=\"lazy\" decoding=\"async\" class=\" wp-image-27239\" src=\"http:\/\/fegrama.cat\/web\/wp-content\/uploads\/2019\/10\/PHOTO-2019-10-27-12-17-15-1024x768.jpg\" alt=\"\" width=\"967\" height=\"726\" srcset=\"http:\/\/fegrama.cat\/web\/wp-content\/uploads\/2019\/10\/PHOTO-2019-10-27-12-17-15-1024x768.jpg 1024w, http:\/\/fegrama.cat\/web\/wp-content\/uploads\/2019\/10\/PHOTO-2019-10-27-12-17-15-300x225.jpg 300w, http:\/\/fegrama.cat\/web\/wp-content\/uploads\/2019\/10\/PHOTO-2019-10-27-12-17-15-768x576.jpg 768w, http:\/\/fegrama.cat\/web\/wp-content\/uploads\/2019\/10\/PHOTO-2019-10-27-12-17-15.jpg 1600w\" sizes=\"auto, (max-width: 967px) 100vw, 967px\" \/><\/a><figcaption id=\"caption-attachment-27239\" class=\"wp-caption-text\">Onze inicial de la Grama contra el Sant Andreu (JUV.A.)<\/figcaption><\/figure>\n<h2>Segona vict\u00f2ria consecutiva pels nois del Juvenil A que guanyen posicions a la classificaci\u00f3 per situar-se en la zona mitja.<\/h2>\n<p>-DBC- Kiku Parcerisas sortia amb: V\u00edctor, Iker, Joan, Arnau, Francesc, Gerard, Aleix, Campos, Montalb\u00e1n, Aliou i Moreno. \u00a0Un equip amb una sola variaci\u00f3 respecte a la vict\u00f2ria de fa una setmana al Sagnier.<\/p>\n<p>L\u2019inici del partit va estar igualat, de tanteig entre Grama i Sant Andreu fins que els nostres, de mica en mica, van anar imposant el seu domini. I aquest pas endavant dels blau i blancs va servir per sumar accions de perill sobre la porteria de V\u00edctor Nofuentes.<\/p>\n<p>Amb aquest domini i aquestes arribades a l\u2019\u00e0rea era q\u00fcesti\u00f3 de temps que la Grama es poses per davant al marcador i aix\u00ed va ser al minut 29 amb un penal transformat per \u00c1lex Montalb\u00e1n. 1-0 i l\u2019equip molt c\u00f2mode sobre el terreny de joc, agradant-se i aprofitant el domini i la possessi\u00f3 per seguir buscant el gol.<\/p>\n<p>En una excel\u00b7lent jugada col\u00b7lectiva, de nou el pitxitxi Montalb\u00e1n, va anotar el segon gol de la Grama, als 35 minuts, amb el que es va arribar al descans.<\/p>\n<p>Ja en la represa, en lloc de conformar-se amb l\u2019avantatge que ja tenien, els nois de Kiku van \u00a0sortit a mossegar al rival, a sentenciar l\u2019enfrontament, buscant el tercer gol. I aix\u00ed va ser. En una jugada d\u2019estrat\u00e8gia, demostrant el bon treball del cos t\u00e8cnic per aquesta variable del joc, Aleix va anotar el tercer gol de la matinal que tancava el marcador al minut 53.<\/p>\n<p>Amb el partit molt en contra, el Juvenil del Sant Andreu va intentar obrir l\u00ednies\u00a0 i en busca de reduir dist\u00e0ncies per\u00f2 la Grama es va mantenir molt s\u00f2lida i fins i tot amb opcions d\u2019anotar el quart gol.<\/p>\n<p>Finalment l\u2019electr\u00f2nic de l\u2019Estadi no s\u2019ha mogut. Gran vict\u00f2ria pels colomencs contra un molt bon rival, que ens situa en l\u2019onzena posici\u00f3 de la classificaci\u00f3, amb 10 punts, i reafirmant el bon moment de l\u2019equip, la creen\u00e7a en el treball que es fa durant la setmana i, sobre tot, en la progressi\u00f3 continua jornada a jornada.<\/p>\n<p>La propera setmana, en la desena jornada del campionat, el Juvenil A visitar\u00e0 a la U.E. Cornell\u00e0. Ser\u00e0 el dissabte 2 de novembre, a les 16h, al Municipal de Cornell\u00e0.<\/p>\n<p>&nbsp;<\/p>\n<p><a href=\"http:\/\/fcf.cat\/acta\/1920\/futbol-11\/lliga-nacional-juvenil\/grup-7\/nj\/fundacio-esportiva-grama-a\/nj\/sant-andreu-ue-a\">CLIQUEU PER VEURE L\u2019ACTA DEL PARTIT<\/a><\/p>\n<p><a href=\"http:\/\/fcf.cat\/classificacio\/1920\/futbol-11\/lliga-nacional-juvenil\/grup-7\">CLIQUEU PER VEURE LA CLASSIFICACI\u00d3 DE LNJ7<\/a><\/p>\n<p>[divider]<\/p>\n<figure id=\"attachment_27240\" aria-describedby=\"caption-attachment-27240\" style=\"width: 820px\" class=\"wp-caption aligncenter\"><a href=\"http:\/\/fegrama.cat\/web\/wp-content\/uploads\/2019\/10\/PHOTO-2019-10-27-13-43-29.jpg\"><img loading=\"lazy\" decoding=\"async\" class=\" wp-image-27240\" src=\"http:\/\/fegrama.cat\/web\/wp-content\/uploads\/2019\/10\/PHOTO-2019-10-27-13-43-29-1024x768.jpg\" alt=\"\" width=\"820\" height=\"616\" srcset=\"http:\/\/fegrama.cat\/web\/wp-content\/uploads\/2019\/10\/PHOTO-2019-10-27-13-43-29-1024x768.jpg 1024w, http:\/\/fegrama.cat\/web\/wp-content\/uploads\/2019\/10\/PHOTO-2019-10-27-13-43-29-300x225.jpg 300w, http:\/\/fegrama.cat\/web\/wp-content\/uploads\/2019\/10\/PHOTO-2019-10-27-13-43-29-768x576.jpg 768w, http:\/\/fegrama.cat\/web\/wp-content\/uploads\/2019\/10\/PHOTO-2019-10-27-13-43-29.jpg 1600w\" sizes=\"auto, (max-width: 820px) 100vw, 820px\" \/><\/a><figcaption id=\"caption-attachment-27240\" class=\"wp-caption-text\">Alegr\u00eda en el vestuario despu\u00e9s de la victoria (JUV.A)<\/figcaption><\/figure>\n<h2>Segunda victoria consecutiva para los chicos del Juvenil A que ganan posiciones en la clasificaci\u00f3n para situarse en la zona media.<\/h2>\n<p>-DBC- Kiku Parcerisas sal\u00eda con: V\u00edctor, Iker, Joan, Arnau, Francisco, Gerard, Aleix, Campos, Montalb\u00e1n, Aliou y Moreno. Un equipo con una sola variaci\u00f3n respecto a la victoria de hace una semana en el Sagnier.<\/p>\n<p>El inicio del partido estuvo igualado, de tanteo entre Grama y Sant Andreu hasta que los nuestros, paulatinamente, fueron imponiendo su dominio. Y este paso adelante de los azulones sirvi\u00f3 para sumar acciones de peligro sobre la porter\u00eda de V\u00edctor Nofuentes.<\/p>\n<p>Con este dominio y estas llegadas al \u00e1rea era cuesti\u00f3n de tiempo que la Grama se pusiera por delante en el marcador y as\u00ed fue en el minuto 29 con un penalti transformado por \u00c1lex Montalb\u00e1n. 1-0 y el equipo muy c\u00f3modo sobre el terreno de juego, gust\u00e1ndose y aprovechando el dominio y la posesi\u00f3n para seguir buscando el gol.<\/p>\n<p>En una excelente jugada colectiva, de nuevo el pichichi Montalb\u00e1n, anot\u00f3 el segundo gol de la Grama, a los 35 minutos, con el que se lleg\u00f3 al descanso.<\/p>\n<p>Ya en la reanudaci\u00f3n, en lugar de conformarse con la ventaja de que ya ten\u00edan, los chicos de Kiku salieron a morder al rival, a sentenciar el encuentro, buscando el tercer gol. Y as\u00ed fue. En una jugada de estrategia, demostrando el buen trabajo del cuerpo t\u00e9cnico para esta variable del juego, Aleix anot\u00f3 el tercer gol de la matinal que cerraba el marcador en el minuto 53.<\/p>\n<p>Con el partido muy en contra, el Juvenil del Sant Andreu intent\u00f3 abrir l\u00edneas\u00a0 en busca de reducir distancias, pero la Grama se mantuvo muy s\u00f3lida e incluso con opciones de anotar el cuarto gol.<\/p>\n<p>Finalmente el electr\u00f3nico del Estadio no se movi\u00f3. Gran victoria para los colomenses contra un muy buen rival, que nos sit\u00faa en la und\u00e9cima posici\u00f3n de la clasificaci\u00f3n, con 10 puntos, y reafirmando el buen momento del equipo, la creencia en el trabajo que se hace durante la semana y, sobre todo, en la progresi\u00f3n contin\u00faa jornada a jornada.<\/p>\n<p>La pr\u00f3xima semana, en la d\u00e9cima jornada del campeonato, el Juvenil A visitar\u00e1 a la U.E. Cornell\u00e0. Ser\u00e1 el s\u00e1bado 2 de noviembre, a las 16h, en el Municipal de Cornell\u00e0.<\/p>\n<p><a href=\"http:\/\/fcf.cat\/acta\/1920\/futbol-11\/lliga-nacional-juvenil\/grup-7\/nj\/fundacio-esportiva-grama-a\/nj\/sant-andreu-ue-a\">CLICAD PARA VER EL ACTA DEL PARTIDO<\/a><\/p>\n<p><a href=\"http:\/\/fcf.cat\/classificacio\/1920\/futbol-11\/lliga-nacional-juvenil\/grup-7\">CLICAD PARA VER LA CLASIFICACI\u00d3N DE LNJ7<\/a><\/p>\n","protected":false},"excerpt":{"rendered":"<p>Segona vict\u00f2ria consecutiva pels nois del Juvenil A que guanyen posicions a la classificaci\u00f3 per situar-se en la zona mitja. -DBC- Kiku Parcerisas sortia amb: V\u00edctor, Iker, Joan, Arnau, Francesc, Gerard, Aleix, Campos, Montalb\u00e1n, Aliou i Moreno. \u00a0Un equip amb una sola variaci\u00f3 respecte a la vict\u00f2ria de fa una setmana al Sagnier. L\u2019inici del [&hellip;]<\/p>\n","protected":false},"author":1,"featured_media":27239,"comment_status":"closed","ping_status":"closed","sticky":false,"template":"","format":"standard","meta":{"footnotes":""},"categories":[4,6],"tags":[],"class_list":["post-27235","post","type-post","status-publish","format-standard","has-post-thumbnail","hentry","category-base-inclusiu","category-juvenils"],"_links":{"self":[{"href":"http:\/\/fegrama.cat\/web\/wp-json\/wp\/v2\/posts\/27235","targetHints":{"allow":["GET"]}}],"collection":[{"href":"http:\/\/fegrama.cat\/web\/wp-json\/wp\/v2\/posts"}],"about":[{"href":"http:\/\/fegrama.cat\/web\/wp-json\/wp\/v2\/types\/post"}],"author":[{"embeddable":true,"href":"http:\/\/fegrama.cat\/web\/wp-json\/wp\/v2\/users\/1"}],"replies":[{"embeddable":true,"href":"http:\/\/fegrama.cat\/web\/wp-json\/wp\/v2\/comments?post=27235"}],"version-history":[{"count":1,"href":"http:\/\/fegrama.cat\/web\/wp-json\/wp\/v2\/posts\/27235\/revisions"}],"predecessor-version":[{"id":27241,"href":"http:\/\/fegrama.cat\/web\/wp-json\/wp\/v2\/posts\/27235\/revisions\/27241"}],"wp:featuredmedia":[{"embeddable":true,"href":"http:\/\/fegrama.cat\/web\/wp-json\/wp\/v2\/media\/27239"}],"wp:attachment":[{"href":"http:\/\/fegrama.cat\/web\/wp-json\/wp\/v2\/media?parent=27235"}],"wp:term":[{"taxonomy":"category","embeddable":true,"href":"http:\/\/fegrama.cat\/web\/wp-json\/wp\/v2\/categories?post=27235"},{"taxonomy":"post_tag","embeddable":true,"href":"http:\/\/fegrama.cat\/web\/wp-json\/wp\/v2\/tags?post=27235"}],"curies":[{"name":"wp","href":"https:\/\/api.w.org\/{rel}","templated":true}]}}