{"id":27226,"date":"2019-10-27T23:00:13","date_gmt":"2019-10-27T22:00:13","guid":{"rendered":"http:\/\/fegrama.cat\/web\/?p=27226"},"modified":"2019-10-27T23:00:13","modified_gmt":"2019-10-27T22:00:13","slug":"amunt-amb-el-prebenjami-c","status":"publish","type":"post","link":"http:\/\/fegrama.cat\/web\/amunt-amb-el-prebenjami-c\/","title":{"rendered":"Amunt amb el Prebenjam\u00ed C"},"content":{"rendered":"<p><strong>Prebenjam\u00ed A:<\/strong><\/p>\n<p>Vila Olimpica 2-2 Pre. A<\/p>\n<p>Ja des del principi, s&#8217;aprecia que ser\u00e0 un partit igualat. El control \u00e9s altern i ells aprofiten per marcar el primer gol al min. 8. Amb una mica de sort i gr\u00e0cies a una falta indirecta dins l&#8217;\u00e0rea, Iv\u00e1n marca l&#8217;empat. En el 2n quart, mateixa t\u00f2nica: igualtat i poca profunditat. En un c\u00f3rner neix el 2n gol nostre, obra de Justin, per\u00f2 r\u00e0pidament \u00e9s neutralitzat per l&#8217;equip rival, arribant amb empat a dos a la mitja part. La segona meitat va ser integrament de la Grama amb ocasions m\u00faltiples, per\u00f2 que no vam materialitzar. Al final, empat davant un conjunt molt ben treballat defensivament, per\u00f2 que una miqueta de sort, podr\u00edem haver guanyat.<\/p>\n<p>&nbsp;<\/p>\n<p>Vila Olimpica 2-2 Pre. A<\/p>\n<p>Ya desde el principio, se aprecia que va a ser un partido igualado. El control es alterno y ellos aprovechan para marcar el primer gol en el min. 8. Con algo de suerte y gracias a una falta indirecta dentro del \u00e1rea, Iv\u00e1n marca el empate. En el 2\u00ba cuarto, misma t\u00f3nica: igualdad y poca profundidad. En un c\u00f3rner nace el 2\u00ba gol nuestro, obra de Justin, pero rapidamente es neutralizado por el equipo rival, llegando con empate a dos a la media parte. La segunda mitad fu\u00e9 integramente de La Grama con ocasiones m\u00faltiples, pero que no materializamos. Al final, empate ante un conjunto muy bien trabajado defens\u00edvamente, pero que un poquito de suerte, podriamos haber ganado.<\/p>\n<p><strong>Prebenjam\u00ed B:<\/strong><\/p>\n<p>Prebe B 3-4 Premier<\/p>\n<p>Partit molt igualat, on en el primer quart vam intentar aguantar el rival, per\u00f2 per alguns que altres fallades per part nostra arribar\u00edem al final del 1er quart amb el resultat de 1-2.<br \/>\nSegon quart vam aguantar molt b\u00e9 al rival, anant a pressionar en tot moment, el marcador quedava 2- 2 ja que vam saber aprofitar una errada de la Premier que va acabar en gol.<br \/>\nTercer i \u00faltim quart seguim lluitant cada pilota i vam aconseguir marcar un altre gol, el marcador quedava 3-2, per\u00f2 amb la mala sort que la nostra defensa en els \u00faltims minuts ha tingut dos errors que la Premier ho aprofito marcant dos gols.<\/p>\n<p>&nbsp;<\/p>\n<p>Prebe B 3-4 Premier<\/p>\n<p>Partido muy igualado, donde en el primer cuarto intentamos aguantar al rival, pero por algunos que otros fallos por parte nuestra llegariamos al final del 1er cuarto con el resultado de 1-2.<br \/>\nSegundo cuarto aguantamos muy bien al rival, yendo a presionar en todo momento, el marcador quedaba 2- 2 ya que supimos aprovechar un error de La Premier que acab\u00f3 en gol.<br \/>\nTercer y \u00faltimo cuarto seguimos luchando cada bal\u00f3n y conseguimos marcar otro gol, el marcador quedaba 3-2, pero con la mala suerte de que nuestra defensa en los \u00faltimos minutos ha tenido dos fallos que la Premier lo aprovecho marcando dos goles.<\/p>\n<p><strong>Prebenjam\u00ed C:<\/strong><\/p>\n<p>Sant Andreu 0-2 Pre. C<\/p>\n<p>Partit contra Sant Andreu, un partit que plantejava ser dif\u00edcil i ho ha estat, per\u00f2 els petitons del Pre. C han tret totes les seves forces com a equip i han aconseguit fer-se amb els 3 punts. Partit molt contundent per tots dos equips i prou intens, tots els jugadors molt forts en les seves respectives posicions i s&#8217;ha demostrat un bon partit de futbol<\/p>\n<p>&nbsp;<\/p>\n<p>Sant Andreu 0-2 Pre. C<\/p>\n<p>Partido contra Sant Andreu, un partido que planteaba ser dificil y lo ha sido, pero los peque\u00f1ines del Pre. C han sacado todas sus fuerzas como equipo y han conseguido hacerse con los 3 puntos. Partido muy contundente por ambos equipos y bastante intenso, todos los jugadores muy fuertes en sus respectivas posiciones y se ha demostrado un buen partido de f\u00fatbol<\/p>\n","protected":false},"excerpt":{"rendered":"<p>Prebenjam\u00ed A: Vila Olimpica 2-2 Pre. A Ja des del principi, s&#8217;aprecia que ser\u00e0 un partit igualat. El control \u00e9s altern i ells aprofiten per marcar el primer gol al min. 8. Amb una mica de sort i gr\u00e0cies a una falta indirecta dins l&#8217;\u00e0rea, Iv\u00e1n marca l&#8217;empat. En el 2n quart, mateixa t\u00f2nica: igualtat [&hellip;]<\/p>\n","protected":false},"author":1,"featured_media":27227,"comment_status":"closed","ping_status":"closed","sticky":false,"template":"","format":"standard","meta":{"footnotes":""},"categories":[4,12],"tags":[],"class_list":["post-27226","post","type-post","status-publish","format-standard","has-post-thumbnail","hentry","category-base-inclusiu","category-prebenjamins"],"_links":{"self":[{"href":"http:\/\/fegrama.cat\/web\/wp-json\/wp\/v2\/posts\/27226","targetHints":{"allow":["GET"]}}],"collection":[{"href":"http:\/\/fegrama.cat\/web\/wp-json\/wp\/v2\/posts"}],"about":[{"href":"http:\/\/fegrama.cat\/web\/wp-json\/wp\/v2\/types\/post"}],"author":[{"embeddable":true,"href":"http:\/\/fegrama.cat\/web\/wp-json\/wp\/v2\/users\/1"}],"replies":[{"embeddable":true,"href":"http:\/\/fegrama.cat\/web\/wp-json\/wp\/v2\/comments?post=27226"}],"version-history":[{"count":1,"href":"http:\/\/fegrama.cat\/web\/wp-json\/wp\/v2\/posts\/27226\/revisions"}],"predecessor-version":[{"id":27228,"href":"http:\/\/fegrama.cat\/web\/wp-json\/wp\/v2\/posts\/27226\/revisions\/27228"}],"wp:featuredmedia":[{"embeddable":true,"href":"http:\/\/fegrama.cat\/web\/wp-json\/wp\/v2\/media\/27227"}],"wp:attachment":[{"href":"http:\/\/fegrama.cat\/web\/wp-json\/wp\/v2\/media?parent=27226"}],"wp:term":[{"taxonomy":"category","embeddable":true,"href":"http:\/\/fegrama.cat\/web\/wp-json\/wp\/v2\/categories?post=27226"},{"taxonomy":"post_tag","embeddable":true,"href":"http:\/\/fegrama.cat\/web\/wp-json\/wp\/v2\/tags?post=27226"}],"curies":[{"name":"wp","href":"https:\/\/api.w.org\/{rel}","templated":true}]}}