{"id":27223,"date":"2019-10-26T16:00:54","date_gmt":"2019-10-26T15:00:54","guid":{"rendered":"http:\/\/fegrama.cat\/web\/?p=27223"},"modified":"2019-10-26T16:00:54","modified_gmt":"2019-10-26T15:00:54","slug":"mantenir-el-bon-joc-mantenir-els-bons-resultats","status":"publish","type":"post","link":"http:\/\/fegrama.cat\/web\/mantenir-el-bon-joc-mantenir-els-bons-resultats\/","title":{"rendered":"Mantenir el bon joc, mantenir els bons resultats"},"content":{"rendered":"<figure id=\"attachment_27224\" aria-describedby=\"caption-attachment-27224\" style=\"width: 920px\" class=\"wp-caption aligncenter\"><a href=\"http:\/\/fegrama.cat\/web\/wp-content\/uploads\/2019\/10\/WhatsApp-Image-2019-10-20-at-13.51.38.jpeg\"><img loading=\"lazy\" decoding=\"async\" class=\" wp-image-27224\" src=\"http:\/\/fegrama.cat\/web\/wp-content\/uploads\/2019\/10\/WhatsApp-Image-2019-10-20-at-13.51.38-1024x768.jpeg\" alt=\"\" width=\"920\" height=\"691\" srcset=\"http:\/\/fegrama.cat\/web\/wp-content\/uploads\/2019\/10\/WhatsApp-Image-2019-10-20-at-13.51.38-1024x768.jpeg 1024w, http:\/\/fegrama.cat\/web\/wp-content\/uploads\/2019\/10\/WhatsApp-Image-2019-10-20-at-13.51.38-300x225.jpeg 300w, http:\/\/fegrama.cat\/web\/wp-content\/uploads\/2019\/10\/WhatsApp-Image-2019-10-20-at-13.51.38-768x576.jpeg 768w, http:\/\/fegrama.cat\/web\/wp-content\/uploads\/2019\/10\/WhatsApp-Image-2019-10-20-at-13.51.38.jpeg 1600w\" sizes=\"auto, (max-width: 920px) 100vw, 920px\" \/><\/a><figcaption id=\"caption-attachment-27224\" class=\"wp-caption-text\">Juvenil A al Sagnier<\/figcaption><\/figure>\n<h2>Despr\u00e9s de la primera vict\u00f2ria, el Juvenil A, rep la visita del ve\u00efns de Sant Andreu.<\/h2>\n<p>-DBC- \u00a0El Juvenil de Kiku Parcerisas ha tingut moments de molt bon joc durant la temporada per\u00f2 la sort de cara a porteria o, altres vegades, la mala definici\u00f3, llastraven a l\u2019equip. Tot aix\u00f2 es va acabar la setmana passada amb \u00a0un contundent vict\u00f2ria al Prat on la piloteta s\u00ed va fer just\u00edcia i els nostres van sumar els tres punts merescudament. Per\u00f2 la temporada avan\u00e7a i hem d\u2019anar partit a partit.<\/p>\n<p>La vict\u00f2ria carrega de moral per\u00f2 ja toca pensar en la U.E. Sant Andreu. El rival d\u2019aquest diumenge ocupa la tretzena posici\u00f3 amb vuit punts. Nom\u00e9s tenen un punt m\u00e9s que nosaltres i els han aconseguit amb 2 vict\u00f2ries (Unif. Bellvitge 2-5; Mercantil 1-3), 2 empats (Llagostera 1-1; Badalona 1-1) i 4 derrotes (Matar\u00f3 0-1; Espanyol 1-3; Prat 3-1 i Cornell\u00e0 0-2).<\/p>\n<p>Els andreuencs tenen jugadors de gran nivell en totes les l\u00ednies i conformen un equip que vol la pilota i busca atacar amb la possessi\u00f3. Aix\u00f2 obligar\u00e0 als colomencs a estar molt atents a nivell defensiu i intentar contrarrestar el joc del rival per aconseguir ser els dominadors del partit.<\/p>\n<p>Kiku Parcerisas analitza l\u2019estat del Juvenil i afirma que <em>\u201cl\u2019equip es troba en la seva particular millora continua, on esperem que la confian\u00e7a de la primera vict\u00f2ria ens serveixi per reafirmar el bon joc del conjunt i ens porti a guanyar el primer partit a casa\u201d<\/em>.<\/p>\n<p>Ser\u00e0 dem\u00e0, a les 11:45h sobre la gespa del Municipal de la Grama. Coincideix en horari amb el partit del primer equip a la Guineueta per\u00f2 des de les xarxes socials de la Grama i, <a href=\"http:\/\/www.gramaradio.cat\">www.gramaradio.cat<\/a> en directe, intentarem actualitzar el marcador sempre que ens sigui possible.<\/p>\n<h2>[divider]<\/h2>\n<h2>Tras la primera victoria, el Juvenil A, recibe la visita de los vecinos de Sant Andreu.<\/h2>\n<p>-DBC- El Juvenil de Kiku Parcerisas ha tenido momentos de muy buen juego durante la temporada pero la suerte de cara a porter\u00eda o, en otras ocasiones, la mala definici\u00f3n, lastraban al equipo. Todo esto se acab\u00f3 la semana pasada con un contundente victoria en el Prat donde la pelotita s\u00ed hizo justicia y los nuestros sumaron los tres puntos merecidamente. Pero la temporada avanza y tenemos que ir partido a partido.<\/p>\n<p>La victoria carga de moral pero ya toca pensar en la U.E. Sant Andreu. El rival de este domingo ocupa la decimotercera posici\u00f3n con ocho puntos. S\u00f3lo tienen un punto m\u00e1s que nosotros y los han conseguido con 2 victorias (Unif. Bellvitge 2-5; Mercantil 1-3), 2 empates (Llagostera 1-1; Badalona 1-1) y 4 derrotas (Matar\u00f3 0-1; Espanyol 1-3; Prat 3-1 y Cornell\u00e0 0-2).<\/p>\n<p>Losa ndreuencs tienen jugadores de gran nivel en todas las l\u00edneas y conforman un equipo que quiere el bal\u00f3n y busca atacar con la posesi\u00f3n. Esto obligar\u00e1 a los colomenses a estar muy atentos a nivel defensivo e intentar contrarrestar el juego del rival para conseguir ser los dominadores del partido.<\/p>\n<p>Kiku Parcerisas analiza el estado del Juvenil y afirma que \u00ab<em>el equipo se encuentra en su particular mejora continua, donde esperamos que la confianza de la primera victoria nos sirva para reafirmar el buen juego del conjunto y nos lleve a ganar el primer partido en casa \u00ab.<\/em><\/p>\n<p>Ser\u00e1 ma\u00f1ana, a las 11: 45h sobre el c\u00e9sped del Municipal de la Grama. Coincide en horario con el partido del primer equipo en la Guineueta pero desde las redes sociales de la Grama y, www.gramaradio.cat en directo, intentaremos actualizar el marcador siempre que nos sea posible.<\/p>\n","protected":false},"excerpt":{"rendered":"<p>Despr\u00e9s de la primera vict\u00f2ria, el Juvenil A, rep la visita del ve\u00efns de Sant Andreu. -DBC- \u00a0El Juvenil de Kiku Parcerisas ha tingut moments de molt bon joc durant la temporada per\u00f2 la sort de cara a porteria o, altres vegades, la mala definici\u00f3, llastraven a l\u2019equip. Tot aix\u00f2 es va acabar la setmana [&hellip;]<\/p>\n","protected":false},"author":1,"featured_media":27224,"comment_status":"closed","ping_status":"closed","sticky":false,"template":"","format":"standard","meta":{"footnotes":""},"categories":[4,6],"tags":[],"class_list":["post-27223","post","type-post","status-publish","format-standard","has-post-thumbnail","hentry","category-base-inclusiu","category-juvenils"],"_links":{"self":[{"href":"http:\/\/fegrama.cat\/web\/wp-json\/wp\/v2\/posts\/27223","targetHints":{"allow":["GET"]}}],"collection":[{"href":"http:\/\/fegrama.cat\/web\/wp-json\/wp\/v2\/posts"}],"about":[{"href":"http:\/\/fegrama.cat\/web\/wp-json\/wp\/v2\/types\/post"}],"author":[{"embeddable":true,"href":"http:\/\/fegrama.cat\/web\/wp-json\/wp\/v2\/users\/1"}],"replies":[{"embeddable":true,"href":"http:\/\/fegrama.cat\/web\/wp-json\/wp\/v2\/comments?post=27223"}],"version-history":[{"count":1,"href":"http:\/\/fegrama.cat\/web\/wp-json\/wp\/v2\/posts\/27223\/revisions"}],"predecessor-version":[{"id":27225,"href":"http:\/\/fegrama.cat\/web\/wp-json\/wp\/v2\/posts\/27223\/revisions\/27225"}],"wp:featuredmedia":[{"embeddable":true,"href":"http:\/\/fegrama.cat\/web\/wp-json\/wp\/v2\/media\/27224"}],"wp:attachment":[{"href":"http:\/\/fegrama.cat\/web\/wp-json\/wp\/v2\/media?parent=27223"}],"wp:term":[{"taxonomy":"category","embeddable":true,"href":"http:\/\/fegrama.cat\/web\/wp-json\/wp\/v2\/categories?post=27223"},{"taxonomy":"post_tag","embeddable":true,"href":"http:\/\/fegrama.cat\/web\/wp-json\/wp\/v2\/tags?post=27223"}],"curies":[{"name":"wp","href":"https:\/\/api.w.org\/{rel}","templated":true}]}}