{"id":27218,"date":"2019-10-25T21:53:05","date_gmt":"2019-10-25T20:53:05","guid":{"rendered":"http:\/\/fegrama.cat\/web\/?p=27218"},"modified":"2019-10-25T21:53:05","modified_gmt":"2019-10-25T20:53:05","slug":"guanyar-on-encara-no-hem-guanyat","status":"publish","type":"post","link":"http:\/\/fegrama.cat\/web\/guanyar-on-encara-no-hem-guanyat\/","title":{"rendered":"Guanyar on encara no hem guanyat."},"content":{"rendered":"<figure id=\"attachment_27219\" aria-describedby=\"caption-attachment-27219\" style=\"width: 799px\" class=\"wp-caption aligncenter\"><a href=\"http:\/\/fegrama.cat\/web\/wp-content\/uploads\/2019\/10\/Camilo-1.jpg\"><img loading=\"lazy\" decoding=\"async\" class=\" wp-image-27219\" src=\"http:\/\/fegrama.cat\/web\/wp-content\/uploads\/2019\/10\/Camilo-1-1024x680.jpg\" alt=\"\" width=\"799\" height=\"530\" srcset=\"http:\/\/fegrama.cat\/web\/wp-content\/uploads\/2019\/10\/Camilo-1-1024x680.jpg 1024w, http:\/\/fegrama.cat\/web\/wp-content\/uploads\/2019\/10\/Camilo-1-300x199.jpg 300w, http:\/\/fegrama.cat\/web\/wp-content\/uploads\/2019\/10\/Camilo-1-768x510.jpg 768w, http:\/\/fegrama.cat\/web\/wp-content\/uploads\/2019\/10\/Camilo-1.jpg 1123w\" sizes=\"auto, (max-width: 799px) 100vw, 799px\" \/><\/a><figcaption id=\"caption-attachment-27219\" class=\"wp-caption-text\">Juan Camilo patint a la banqueta<\/figcaption><\/figure>\n<h2>En un dels despla\u00e7aments m\u00e9s propers, la Grama visita el camp de la Guineueta en la vuitena jornada del campionat.<\/h2>\n<p>-DBC- Va ser el 29 de gener de 2017, la primera i \u00fanica visita de la Fundaci\u00f3 Esportiva Grama al Municipal de la Guineueta es va saldar amb una de les derrotes m\u00e9s \u00a0abultades que es recorden en l\u2019equip colomenc. Des de llavors ha passat molt de temps i els de Santa Coloma han aconseguit dos ascensos i el pas per la Tercera Divisi\u00f3 per tornar a retrobar-nos amb la \u201cGuine\u201d a Primera Catalana.<\/p>\n<p>Els de Nou Barris van assolir l\u2019ascens a l\u2019actual divisi\u00f3 a la temporada 2017-2018 despr\u00e9s d\u2019una gran competici\u00f3 on van acabar l\u00edders del grup 2 de Segona Catalana (75 punts en 23 vict\u00f2ries, 6 empats i 5 derrotes) justament un any despr\u00e9s de l\u2019ascens de la Grama. La passada temporada, ja a Primera Catalana, van ser un dels equips revelaci\u00f3 assolint una merit\u00f2ria cinquena posici\u00f3 (52 punts en 15 vict\u00f2ries, 7 empats i 12 derrotes). Precisament, de les dades de la temporada 2018-2019 hem de destacar una per sobre de totes, la fortalesa al seu terreny de joc on van aconseguir 32 dels 52 punts finals de la classificaci\u00f3.<\/p>\n<p>Aquesta temporada, l\u2019equip de Lu\u00eds Gallego no ha aconseguit encara una din\u00e0mica regular i es troben situats en la onzena posici\u00f3 amb 8 punts. Han aconseguit dues vict\u00f2ries (Jonquera 2-0 i Vic 2-1), dos empats (Tona 0-0 i Parets 1-1) i tres derrotes (Matar\u00f3 2-1;\u00a0 Girona 1-0; i Manlleu 2-1). Encara aix\u00ed, els n\u00fameros segueixen mostrant-nos la perillositat de la Guineueta al seu feu.<\/p>\n<p>Juan Camilo V\u00e1zquez, el t\u00e8cnic de la Grama, \u00e9s molt conscient d\u2019aix\u00f2: <em>\u201cpotser \u00e9s un dels camps m\u00e9s dif\u00edcils de la categoria amb un rival que no es rendeix en cap moment i una afici\u00f3 que els recolza sempre\u201d<\/em>. Pel que fa \u00a0a les q\u00fcestions esportives, analitzant a l\u2019E.E. Guineueta, Camilo afirma que: <em>\u201cl\u2019equip de Nou Barris est\u00e0 molt treballat, sap a qu\u00e8 juga donat que porten temps amb aquest estil i amb jugadors que ja saben el que han de fer<\/em>. <em>El seu entrenador ha demostrat ser un dels millors de la categoria, t\u00e9 al seu curr\u00edculum dos ascensos consecutius i aix\u00f2 ja diu molt\u201d.<\/em><\/p>\n<p>En referencia als nostres, el m\u00edster de la Grama sap que no hi haur\u00e0 treva des del minut 1 fins que l\u2019\u00e0rbitre xiuli el final \u00a0i que <em>\u201chaurem de ser superiors en els duels individuals, tenir molta concentraci\u00f3 en les jugades d\u2019estrat\u00e8gia a favor i en contra, i mostrar sempre predisposici\u00f3 per guanyar les segones jugades i disputes. Sabem que predominar\u00e0 el joc directe i la nostra l\u00ednia defensiva haur\u00e0 d\u2019estar molt coordinada\u201d.<\/em><\/p>\n<p>El t\u00e8cnic finalitza l\u2019an\u00e0lisi de la pr\u00e8via dient-nos que <em>\u201cpartits aix\u00ed els guanyen els que treballen com un bloc, sent molt solidaris i amb ajudes. \u00c9s una prova per l\u2019equip i aix\u00f2 \u00e9s precisament el que vull que es vegi sobre el terreny de joc amb els meus jugadors: un equip<\/em>\u201d. <em>\u00a0<\/em><\/p>\n<p>Despr\u00e9s de guanyar el primer partit a casa, la Grama encarrila ja quatre jornades sense perdre i amb la confian\u00e7a d\u2019haver trobat, en el sistema 5-3-2, la millor formula per mostrar-se forts en defensa i ambiciosos en atac. Des de que Juan Camilo va emprar aquest sistema per primera vegada a Vic, l\u2019equip no ha perdut i el cos t\u00e8cnic seguir\u00e0 amb la mateixa pissarra mentre les coses funcionin.<\/p>\n<p>Recordin, diumenge la Grama juga a la Guineueta amb l\u2019ambici\u00f3 d\u2019assolir els objectius, fer oblidar aquella derrota de fa tres temporades i sumar punts all\u00e0 on ser\u00e0 dif\u00edcil guanyar per la resta de rivals. Ser\u00e0 a les 12:30h i podreu seguir-lo, en directe a <a href=\"http:\/\/www.gramaradio.cat\">www.gramaradio.cat<\/a> i #gramaenjoc a les xarxes socials.<\/p>\n<p>[divider]<\/p>\n<figure id=\"attachment_27220\" aria-describedby=\"caption-attachment-27220\" style=\"width: 787px\" class=\"wp-caption aligncenter\"><a href=\"http:\/\/fegrama.cat\/web\/wp-content\/uploads\/2019\/10\/camilo-2.jpg\"><img loading=\"lazy\" decoding=\"async\" class=\" wp-image-27220\" src=\"http:\/\/fegrama.cat\/web\/wp-content\/uploads\/2019\/10\/camilo-2-1024x680.jpg\" alt=\"\" width=\"787\" height=\"522\" srcset=\"http:\/\/fegrama.cat\/web\/wp-content\/uploads\/2019\/10\/camilo-2-1024x680.jpg 1024w, http:\/\/fegrama.cat\/web\/wp-content\/uploads\/2019\/10\/camilo-2-300x199.jpg 300w, http:\/\/fegrama.cat\/web\/wp-content\/uploads\/2019\/10\/camilo-2-768x510.jpg 768w, http:\/\/fegrama.cat\/web\/wp-content\/uploads\/2019\/10\/camilo-2.jpg 1123w\" sizes=\"auto, (max-width: 787px) 100vw, 787px\" \/><\/a><figcaption id=\"caption-attachment-27220\" class=\"wp-caption-text\">Camilo observa una jugada de Rosillo desde el banquillo.<\/figcaption><\/figure>\n<h2>En uno de los desplazamientos m\u00e1s cercanos, la Grama visita el campo de la Guineueta en la octava jornada del campeonato.<\/h2>\n<p>-DBC- Fue el 29 de enero de 2017, la primera y \u00fanica visita de la Fundaci\u00f3 Eportiva Grama al Municipal de la Guineueta se sald\u00f3 con una de las derrotas m\u00e1s abultadas que se recuerdan en el equipo colomense. Desde entonces ha pasado mucho tiempo y los de Santa Coloma han conseguido dos ascensos y el paso por la Tercera Divisi\u00f3n para volver a reencontrarnos con la \u00abGuine\u00bb en Primera Catalana.<\/p>\n<p>Los de Nou Barris lograron el ascenso a la actual divisi\u00f3n en la temporada 2017-2018 tras una gran competici\u00f3n donde terminaron l\u00edderes del grupo 2 de Segunda Catalana (75 puntos en 23 victorias, 6 empates y 5 derrotas) justamente un a\u00f1o despu\u00e9s del ascenso de la Grama. La pasada temporada, ya en Primera Catalana, fueron uno de los equipos revelaci\u00f3n logrando una meritoria quinta posici\u00f3n (52 puntos en 15 victorias, 7 empates y 12 derrotas). Precisamente, de los datos de la temporada 2018-2019 debemos destacar uno por encima de todos, la fortaleza en su terreno de juego donde lograron 32 de los 52 puntos finales de la clasificaci\u00f3n.<\/p>\n<p>Esta temporada, el equipo de Lu\u00eds Gallego no ha conseguido todav\u00eda una din\u00e1mica regular y se encuentran situados en la und\u00e9cima posici\u00f3n con 8 puntos. Han conseguido dos victorias (Jonquera 2-0 y Vic 2-1), dos empates (Tona 0-0 y Parets 1-1) y tres derrotas (Matar\u00f3 2-1; Girona 1-0; y Manlleu 2-1). A\u00fan as\u00ed, los n\u00fameros siguen mostr\u00e1ndonos la peligrosidad de la Guineueta en su feudo.<\/p>\n<p>Juan Camilo V\u00e1zquez, el t\u00e9cnico de la Grama, es muy consciente de ello: <em>\u00abquiz\u00e1s es uno de los campos m\u00e1s dif\u00edciles de la categor\u00eda con un rival que no se rinde en ning\u00fan momento y una afici\u00f3n que los apoya siempre\u00bb.<\/em> En cuanto a las cuestiones deportivas, analizando al E.E. Guineueta, Camilo afirma que: <em>\u00abel equipo de Nou Barris est\u00e1 muy trabajado, sabe a qu\u00e9 juega dado que llevan tiempo con este estilo y con jugadores que ya saben lo que tienen que hacer. Su entrenador ha demostrado ser uno de los mejores de la categor\u00eda, tiene en su haber dos ascensos consecutivos y eso ya dice mucho \u00ab.<\/em><\/p>\n<p style=\"text-align: left;\">En referencia a los nuestros, el mister de la Grama sabe que no habr\u00e1 tregua desde el minuto 1 hasta que el \u00e1rbitro pite el final y que <em>\u00abtendremos que ser superiores en los duelos individuales, tener mucha concentraci\u00f3n en las jugadas de estrategia a favor y en contra, y mostrar siempre predisposici\u00f3n para ganar las segundas jugadas y disputas. Sabemos que predominar\u00e1 el juego directo y nuestra l\u00ednea defensiva deber\u00e1 estar muy coordinada \u00ab.<\/em><\/p>\n<p>El t\u00e9cnico finaliza el an\u00e1lisis de la previa dici\u00e9ndonos que <em>\u00abpartidos as\u00ed los ganan los que trabajan como un bloque, siendo muy solidarios y con ayudas. Es una prueba para el equipo y eso es precisamente lo que quiero que se vea sobre el terreno de juego con mis jugadores: un equipo \u00ab.<\/em><\/p>\n<p>Despu\u00e9s de ganar el primer partido en casa, la Grama encarrila ya cuatro jornadas sin perder y con la confianza de haber encontrado, en el sistema 5-3-2, la mejor formula para mostrarse fuertes en defensa y ambiciosos en ataque. Desde que Juan Camilo emple\u00f3 este sistema por primera vez en Vic, el equipo no ha perdido y el cuerpo t\u00e9cnico seguir\u00e1 con la misma pizarra mientras las cosas funcionen.<\/p>\n<p>Recuerden, el domingo la Grama juega en la Guineueta con la ambici\u00f3n de alcanzar los objetivos, hacer olvidar aquella derrota de hace tres temporadas y sumar puntos donde ser\u00e1 dif\u00edcil ganar para el resto de rivales. Ser\u00e1 a las 12: 30h y podr\u00e9is seguirlo en directo en www.gramaradio.cat y #gramaenjoc en las redes sociales.<\/p>\n","protected":false},"excerpt":{"rendered":"<p>En un dels despla\u00e7aments m\u00e9s propers, la Grama visita el camp de la Guineueta en la vuitena jornada del campionat. -DBC- Va ser el 29 de gener de 2017, la primera i \u00fanica visita de la Fundaci\u00f3 Esportiva Grama al Municipal de la Guineueta es va saldar amb una de les derrotes m\u00e9s \u00a0abultades que [&hellip;]<\/p>\n","protected":false},"author":1,"featured_media":27220,"comment_status":"closed","ping_status":"closed","sticky":false,"template":"","format":"standard","meta":{"footnotes":""},"categories":[4,5],"tags":[],"class_list":["post-27218","post","type-post","status-publish","format-standard","has-post-thumbnail","hentry","category-base-inclusiu","category-primer-equip"],"_links":{"self":[{"href":"http:\/\/fegrama.cat\/web\/wp-json\/wp\/v2\/posts\/27218","targetHints":{"allow":["GET"]}}],"collection":[{"href":"http:\/\/fegrama.cat\/web\/wp-json\/wp\/v2\/posts"}],"about":[{"href":"http:\/\/fegrama.cat\/web\/wp-json\/wp\/v2\/types\/post"}],"author":[{"embeddable":true,"href":"http:\/\/fegrama.cat\/web\/wp-json\/wp\/v2\/users\/1"}],"replies":[{"embeddable":true,"href":"http:\/\/fegrama.cat\/web\/wp-json\/wp\/v2\/comments?post=27218"}],"version-history":[{"count":1,"href":"http:\/\/fegrama.cat\/web\/wp-json\/wp\/v2\/posts\/27218\/revisions"}],"predecessor-version":[{"id":27221,"href":"http:\/\/fegrama.cat\/web\/wp-json\/wp\/v2\/posts\/27218\/revisions\/27221"}],"wp:featuredmedia":[{"embeddable":true,"href":"http:\/\/fegrama.cat\/web\/wp-json\/wp\/v2\/media\/27220"}],"wp:attachment":[{"href":"http:\/\/fegrama.cat\/web\/wp-json\/wp\/v2\/media?parent=27218"}],"wp:term":[{"taxonomy":"category","embeddable":true,"href":"http:\/\/fegrama.cat\/web\/wp-json\/wp\/v2\/categories?post=27218"},{"taxonomy":"post_tag","embeddable":true,"href":"http:\/\/fegrama.cat\/web\/wp-json\/wp\/v2\/tags?post=27218"}],"curies":[{"name":"wp","href":"https:\/\/api.w.org\/{rel}","templated":true}]}}