{"id":27160,"date":"2019-10-15T10:47:24","date_gmt":"2019-10-15T09:47:24","guid":{"rendered":"http:\/\/fegrama.cat\/web\/?p=27160"},"modified":"2019-10-15T10:47:24","modified_gmt":"2019-10-15T09:47:24","slug":"es-va-notant-el-gran-treball-dels-nostres-infantils","status":"publish","type":"post","link":"http:\/\/fegrama.cat\/web\/es-va-notant-el-gran-treball-dels-nostres-infantils\/","title":{"rendered":"Es va notant el gran treball dels nostres infantils !!"},"content":{"rendered":"<p><strong>Infantil A:<\/strong><\/p>\n<p>Bon partit de l&#8217;Infantil A davant l&#8217;Espanyol, sens dubte un equip que estar\u00e0 en els lloc de dalt. La Grama va sortir a menjar-se el camp i va plantar cara a un Espanyol que va intentar dominar el joc com sempre ho solen fer, una pressi\u00f3 molt intensa per part de l&#8217;infantil A va fer que l&#8217;Espanyol no pogu\u00e9s donar dues passades seguides. En el min. Juny 1 c\u00f3rner d&#8217;estrat\u00e8gia el rematava de Mamadou que parava el porter i Adri de 2a jugada posava el 1-0 al marcador. La Grama es va venir a dalt ia la contra ten\u00edem moltes ocasions, una parada a doble temps de Lukas va evitar el 1-1 per\u00f2 en una falta comesa a la vora d&#8217;\u00e0rea l&#8217;Espanyol despr\u00e9s d&#8217;un llan\u00e7ament magn\u00edfic posava el 1-1 i aix\u00ed acabo la 1\u00aa part . A la 2\u00aa els 15 min. primer van ser controlats per l&#8217;Espanyol que es venia a dalt, per\u00f2 la for\u00e7a i la for\u00e7a dels nostres feia que cada pilota aturada i cada pressi\u00f3 nostra posava el partit molt anivellat. Els \u00faltims 25 min. La Grama es va bolcar a dalt, vam tenir ocasions, un fort xut des de fora de l&#8217;\u00e0rea en \u00faltim minut gaireb\u00e9 entra una altra, estrat\u00e8gia de c\u00f3rner. Aix\u00ed va acabar el partit.<\/p>\n<p>Brian Espinola: Es em treuen els qualificatius per a aquest grup que \u00e9s totalment nou, veus la feina que fan en els entrenaments i es reflecteix en el camp. Els ten\u00edem molt ben estudiats, plantar-li cara a un Espanyol que t\u00e9 els millors jugadors de la categoria no \u00e9s f\u00e0cil, i m\u00e9s sortint dalt estr\u00e8nyer, pocs equips ho fan, de moment cap dels que hem jugat. Estic content tot i que tamb\u00e9 es que podia a veure estat m\u00e9s i haver guanyat el partit per\u00f2 van tots a una, han creat una fam\u00edlia dins del vestidor i com els veig hauran de suar molt per guanyar-nos. Avui els felicito encara que sigui un empat perqu\u00e8 la feina ha estat brutal i la sensacions s\u00f3n molt bones, encara que queda molt per arribar on volem, \u00e9s un pas m\u00e9s i cada vegada es coneixen millor i saben el que volem d&#8217;ells. Un passet m\u00e9s de treball i seguim treballant perqu\u00e8 el calendari no \u00e9s f\u00e0cil, probablement ens toquen els tres millors equips de la lliga. Per\u00f2 el treball hi \u00e9s i encara que de vegades el futbol no \u00e9s just arribaran els resultats. Pic i pala !!! Seguim treballant.<\/p>\n<p>Buen partido del Infantil A frente al Espa\u00f1ol, sin duda un equipo que estar\u00e1 en los puesto de arriba. La Grama sali\u00f3 a comerse el campo y plant\u00f3 cara a un Espa\u00f1ol que intent\u00f3 dominar el juego como siempre lo suelen hacer, una presi\u00f3n muy intensa por parte del infantil A hizo que el Espa\u00f1ol no pudiera dar dos pases seguidos. En el min. 6 un c\u00f3rner de estrategia lo cabeceaba Mamadou que paraba el portero y Adri de 2\u00aa jugada pon\u00eda el 1-0 en el marcador. La Grama se vino arriba y a la contra ten\u00edamos muchas ocasiones, una parada a doble tiempo de Lukas evit\u00f3 el 1-1 pero en una falta cometida al borde de \u00e1rea el Espa\u00f1ol tras un lanzamiento magnifico pon\u00eda el 1-1 y as\u00ed acabo la 1\u00aa parte. En la 2\u00aa los 15 min. primero fueron controlados por el Espa\u00f1ol que se ven\u00eda arriba, pero la garra y la fuerza de los nuestros hac\u00eda que cada bal\u00f3n parado y cada presi\u00f3n nuestra pon\u00eda el partido muy nivelado. Los \u00faltimos 25 min. La Grama se volc\u00f3 arriba, tuvimos ocasiones, un fuerte disparo desde fuera del \u00e1rea en \u00faltimo minuto casi entra otra, estrategia de c\u00f3rner. As\u00ed termino el partido.<\/p>\n<p>Brian espinola: Se me quitan los calificativos para este grupo que es totalmente nuevo, ves el trabajo que hacen en los entrenamientos y se refleja en el campo. Los ten\u00edamos muy bien estudiados, plantarle cara a un Espa\u00f1ol que tiene los mejores jugadores de la categor\u00eda no es f\u00e1cil, y m\u00e1s saliendo arriba apretar, pocos equipos lo hacen, de momento ninguno de los que hemos jugado. Estoy contento aunque tambi\u00e9n se que pod\u00eda a ver sido m\u00e1s y haber ganado el partido pero van todos a una, han creado una familia dentro del vestuario y como los veo tendr\u00e1n que sudar mucho para ganarnos. Hoy los felicito aunque sea un empate porque el trabajo ha sido brutal y la sensaciones son muy buenas, aunque queda mucho para llegar donde queremos, es un paso m\u00e1s y cada vez se conocen mejor y saben lo que queremos de ellos. Un pasito m\u00e1s de trabajo y seguimos trabajando porque el calendario no es f\u00e1cil, probablemente nos tocan los tres mejores equipos de la liga. Pero el trabajo est\u00e1 ah\u00ed y aunque a veces el f\u00fatbol no es justo llegar\u00e1n los resultados. Pico y pala!!! Seguimos trabajando.<\/p>\n<p><strong>Infantil B:<\/strong><\/p>\n<p>Infantil B 4-0 Sistrells<\/p>\n<p>Primera part que va acabar amb el resultat de 2-0, sent el primer de penal en el primer minut de joc, nosaltres vam estar mal posicionats en tot moment i ens va tocar c\u00f3rrer bastant darrere de la pilota.<br \/>\nJa en la segona part i millor posicionats vam tenir el control de principi a fi, tenint tot el joc posicional i d&#8217;aqu\u00ed 2 gols m\u00e9s i 2 pals.<br \/>\nAix\u00ed que a seguir que queda molt !!<\/p>\n<p>&nbsp;<\/p>\n<p>Infantil B 4-0 Sistrells<\/p>\n<p>Primera parte que acab\u00f3 con el resultado de 2-0, siendo el primero de penalti en el primer minuto de juego, nosotros estuvimos mal posicionados en todo momento y nos toc\u00f3 correr bastante detr\u00e1s del bal\u00f3n.<br \/>\nYa en la segunda parte y mejor posicionados tuvimos el control de principio a f\u00edn, teniendo todo el juego posicional y de ah\u00ed 2 goles m\u00e1s y 2 palos.<br \/>\nAs\u00ed que a seguir que queda mucho!!<\/p>\n","protected":false},"excerpt":{"rendered":"<p>Infantil A: Bon partit de l&#8217;Infantil A davant l&#8217;Espanyol, sens dubte un equip que estar\u00e0 en els lloc de dalt. La Grama va sortir a menjar-se el camp i va plantar cara a un Espanyol que va intentar dominar el joc com sempre ho solen fer, una pressi\u00f3 molt intensa per part de l&#8217;infantil A [&hellip;]<\/p>\n","protected":false},"author":1,"featured_media":27062,"comment_status":"closed","ping_status":"closed","sticky":false,"template":"","format":"standard","meta":{"footnotes":""},"categories":[4,9],"tags":[],"class_list":["post-27160","post","type-post","status-publish","format-standard","has-post-thumbnail","hentry","category-base-inclusiu","category-infantils"],"_links":{"self":[{"href":"http:\/\/fegrama.cat\/web\/wp-json\/wp\/v2\/posts\/27160","targetHints":{"allow":["GET"]}}],"collection":[{"href":"http:\/\/fegrama.cat\/web\/wp-json\/wp\/v2\/posts"}],"about":[{"href":"http:\/\/fegrama.cat\/web\/wp-json\/wp\/v2\/types\/post"}],"author":[{"embeddable":true,"href":"http:\/\/fegrama.cat\/web\/wp-json\/wp\/v2\/users\/1"}],"replies":[{"embeddable":true,"href":"http:\/\/fegrama.cat\/web\/wp-json\/wp\/v2\/comments?post=27160"}],"version-history":[{"count":1,"href":"http:\/\/fegrama.cat\/web\/wp-json\/wp\/v2\/posts\/27160\/revisions"}],"predecessor-version":[{"id":27161,"href":"http:\/\/fegrama.cat\/web\/wp-json\/wp\/v2\/posts\/27160\/revisions\/27161"}],"wp:featuredmedia":[{"embeddable":true,"href":"http:\/\/fegrama.cat\/web\/wp-json\/wp\/v2\/media\/27062"}],"wp:attachment":[{"href":"http:\/\/fegrama.cat\/web\/wp-json\/wp\/v2\/media?parent=27160"}],"wp:term":[{"taxonomy":"category","embeddable":true,"href":"http:\/\/fegrama.cat\/web\/wp-json\/wp\/v2\/categories?post=27160"},{"taxonomy":"post_tag","embeddable":true,"href":"http:\/\/fegrama.cat\/web\/wp-json\/wp\/v2\/tags?post=27160"}],"curies":[{"name":"wp","href":"https:\/\/api.w.org\/{rel}","templated":true}]}}