{"id":26846,"date":"2019-05-28T10:42:50","date_gmt":"2019-05-28T09:42:50","guid":{"rendered":"http:\/\/fegrama.cat\/web\/?p=26846"},"modified":"2019-05-28T10:42:50","modified_gmt":"2019-05-28T09:42:50","slug":"partidas-dels-mes-petits-de-lescoleta-a","status":"publish","type":"post","link":"http:\/\/fegrama.cat\/web\/partidas-dels-mes-petits-de-lescoleta-a\/","title":{"rendered":"Partid\u00e0s dels m\u00e9s petits de l\u00b4escoleta A"},"content":{"rendered":"<p><strong>Escola A:<\/strong><\/p>\n<p>Escola A 7-5 Bufala<br \/>\nPartid\u00e0s dels m\u00e9s petits, tocant i fent jugades incre\u00efbles, hem tingut el primer quart una mica fluix al principi encara que despr\u00e9s amb arpa i valors hem aconseguit remuntar aquest 0-3 amb el qual ens hav\u00edem trobat en el primer quart, molt orgullosos dels petits que han demostrat i lluitat els colors de la Grama.<\/p>\n<p>Escuela A 7-5 Bufala<br \/>\nPartidazo de los m\u00e1s peque\u00f1os, tocando y haciendo jugadas increibles, hemos tenido el primer cuarto un poco flojo al principio aunque luego con garra y valores hemos conseguido remontar ese 0-3 con el que nos habiamos encontrado en el primer cuarto, muy orgullosos de los peques que han demostrado y luchado los colores de la Grama.<\/p>\n<p><strong>Escola B:<\/strong><\/p>\n<p>Sense dades<\/p>\n","protected":false},"excerpt":{"rendered":"<p>Escola A: Escola A 7-5 Bufala Partid\u00e0s dels m\u00e9s petits, tocant i fent jugades incre\u00efbles, hem tingut el primer quart una mica fluix al principi encara que despr\u00e9s amb arpa i valors hem aconseguit remuntar aquest 0-3 amb el qual ens hav\u00edem trobat en el primer quart, molt orgullosos dels petits que han demostrat i [&hellip;]<\/p>\n","protected":false},"author":1,"featured_media":26716,"comment_status":"closed","ping_status":"closed","sticky":false,"template":"","format":"standard","meta":{"footnotes":""},"categories":[4,33],"tags":[],"class_list":["post-26846","post","type-post","status-publish","format-standard","has-post-thumbnail","hentry","category-base-inclusiu","category-escola-diari-feg"],"_links":{"self":[{"href":"http:\/\/fegrama.cat\/web\/wp-json\/wp\/v2\/posts\/26846","targetHints":{"allow":["GET"]}}],"collection":[{"href":"http:\/\/fegrama.cat\/web\/wp-json\/wp\/v2\/posts"}],"about":[{"href":"http:\/\/fegrama.cat\/web\/wp-json\/wp\/v2\/types\/post"}],"author":[{"embeddable":true,"href":"http:\/\/fegrama.cat\/web\/wp-json\/wp\/v2\/users\/1"}],"replies":[{"embeddable":true,"href":"http:\/\/fegrama.cat\/web\/wp-json\/wp\/v2\/comments?post=26846"}],"version-history":[{"count":1,"href":"http:\/\/fegrama.cat\/web\/wp-json\/wp\/v2\/posts\/26846\/revisions"}],"predecessor-version":[{"id":26847,"href":"http:\/\/fegrama.cat\/web\/wp-json\/wp\/v2\/posts\/26846\/revisions\/26847"}],"wp:featuredmedia":[{"embeddable":true,"href":"http:\/\/fegrama.cat\/web\/wp-json\/wp\/v2\/media\/26716"}],"wp:attachment":[{"href":"http:\/\/fegrama.cat\/web\/wp-json\/wp\/v2\/media?parent=26846"}],"wp:term":[{"taxonomy":"category","embeddable":true,"href":"http:\/\/fegrama.cat\/web\/wp-json\/wp\/v2\/categories?post=26846"},{"taxonomy":"post_tag","embeddable":true,"href":"http:\/\/fegrama.cat\/web\/wp-json\/wp\/v2\/tags?post=26846"}],"curies":[{"name":"wp","href":"https:\/\/api.w.org\/{rel}","templated":true}]}}