{"id":26835,"date":"2019-05-26T19:40:38","date_gmt":"2019-05-26T18:40:38","guid":{"rendered":"http:\/\/fegrama.cat\/web\/?p=26835"},"modified":"2019-11-01T22:25:26","modified_gmt":"2019-11-01T21:25:26","slug":"excel%c2%b7lent-temporada-del-futbol-base","status":"publish","type":"post","link":"http:\/\/fegrama.cat\/web\/excel%c2%b7lent-temporada-del-futbol-base\/","title":{"rendered":"Excel\u00b7lent temporada del futbol base!!!"},"content":{"rendered":"<figure id=\"attachment_26836\" aria-describedby=\"caption-attachment-26836\" style=\"width: 682px\" class=\"wp-caption aligncenter\"><a href=\"http:\/\/fegrama.cat\/web\/wp-content\/uploads\/2019\/05\/DSC_8572.jpg\"><img loading=\"lazy\" decoding=\"async\" class=\"wp-image-26836 \" src=\"http:\/\/fegrama.cat\/web\/wp-content\/uploads\/2019\/05\/DSC_8572-1024x680.jpg\" alt=\"\" width=\"682\" height=\"453\" srcset=\"http:\/\/fegrama.cat\/web\/wp-content\/uploads\/2019\/05\/DSC_8572-1024x680.jpg 1024w, http:\/\/fegrama.cat\/web\/wp-content\/uploads\/2019\/05\/DSC_8572-300x199.jpg 300w, http:\/\/fegrama.cat\/web\/wp-content\/uploads\/2019\/05\/DSC_8572-768x510.jpg 768w, http:\/\/fegrama.cat\/web\/wp-content\/uploads\/2019\/05\/DSC_8572.jpg 1066w\" sizes=\"auto, (max-width: 682px) 100vw, 682px\" \/><\/a><figcaption id=\"caption-attachment-26836\" class=\"wp-caption-text\">El Juvenil A en dia del seu ascens a Nacional (Municipal de Nou Barris. Foto: Pedro Gonz\u00e1lez)<\/figcaption><\/figure>\n<p>Cinc equips han aconseguit arrodonir una temporada extraordin\u00e0ria al futbol base de la Fundaci\u00f3 Esportiva Grama. El Juvenil A ha aconseguit un merescud\u00edssim ascens a Nacional; L\u2019Infantil A ha sigut campi\u00f3 i ha aconseguit l\u2019ascens a Preferent; L\u2019Inclusiu S\u00e8nior ha sigut campi\u00f3 de la Lliga de Catalunya de centres de dia; El \u00a0Juvenil A femen\u00ed ha pujat a Primera; i Infantil B femen\u00ed ha sigut campi\u00f3 invicte i ha ascendit a Primera.<\/p>\n<p>Gran nivell el que han mostrat tots els equips del futbol base aquesta temporada 2018-2019 per\u00f2 gran alegria la que ens han portat aquests cinc equips.<\/p>\n<p>[divider]<\/p>\n<figure id=\"attachment_26798\" aria-describedby=\"caption-attachment-26798\" style=\"width: 958px\" class=\"wp-caption aligncenter\"><a href=\"http:\/\/fegrama.cat\/web\/wp-content\/uploads\/2019\/05\/DSC_0242.jpg\"><img loading=\"lazy\" decoding=\"async\" class=\" wp-image-26798\" src=\"http:\/\/fegrama.cat\/web\/wp-content\/uploads\/2019\/05\/DSC_0242-1024x208.jpg\" alt=\"\" width=\"958\" height=\"194\" srcset=\"http:\/\/fegrama.cat\/web\/wp-content\/uploads\/2019\/05\/DSC_0242-1024x208.jpg 1024w, http:\/\/fegrama.cat\/web\/wp-content\/uploads\/2019\/05\/DSC_0242-300x61.jpg 300w, http:\/\/fegrama.cat\/web\/wp-content\/uploads\/2019\/05\/DSC_0242-768x156.jpg 768w\" sizes=\"auto, (max-width: 958px) 100vw, 958px\" \/><\/a><figcaption id=\"caption-attachment-26798\" class=\"wp-caption-text\">Els cinc equips que han sigut campions o han assolit l&#8217;ascens a la temporada 2018-2019<\/figcaption><\/figure>\n<p>Cinco equipos han conseguido redondear una temporada extraordinaria en el f\u00fatbol base de la Fundaci\u00f3 Esportiva Grama. El Juvenil A ha conseguido un merecid\u00edsimo ascenso a Nacional; El Infantil A ha sido campe\u00f3n y ha conseguido el ascenso a Preferente; El inclusivo Senior ha sido campe\u00f3n de la Liga de Catalunya de centros de d\u00eda; El Juvenil A femenino ha subido a Primera; y el Infantil B femenino ha sido campe\u00f3n invicto y ha ascendido a Primera.<\/p>\n<p>Gran nivel el que han mostrado todos los equipos del f\u00fatbol base esta temporada 2018-2019 pero gran alegr\u00eda la que nos han tra\u00eddo estos cinco equipos.<\/p>\n","protected":false},"excerpt":{"rendered":"<p>Cinc equips han aconseguit arrodonir una temporada extraordin\u00e0ria al futbol base de la Fundaci\u00f3 Esportiva Grama. El Juvenil A ha aconseguit un merescud\u00edssim ascens a Nacional; L\u2019Infantil A ha sigut campi\u00f3 i ha aconseguit l\u2019ascens a Preferent; L\u2019Inclusiu S\u00e8nior ha sigut campi\u00f3 de la Lliga de Catalunya de centres de dia; El \u00a0Juvenil A femen\u00ed [&hellip;]<\/p>\n","protected":false},"author":1,"featured_media":26798,"comment_status":"closed","ping_status":"closed","sticky":false,"template":"","format":"standard","meta":{"footnotes":""},"categories":[14],"tags":[],"class_list":["post-26835","post","type-post","status-publish","format-standard","has-post-thumbnail","hentry","category-noticies"],"_links":{"self":[{"href":"http:\/\/fegrama.cat\/web\/wp-json\/wp\/v2\/posts\/26835","targetHints":{"allow":["GET"]}}],"collection":[{"href":"http:\/\/fegrama.cat\/web\/wp-json\/wp\/v2\/posts"}],"about":[{"href":"http:\/\/fegrama.cat\/web\/wp-json\/wp\/v2\/types\/post"}],"author":[{"embeddable":true,"href":"http:\/\/fegrama.cat\/web\/wp-json\/wp\/v2\/users\/1"}],"replies":[{"embeddable":true,"href":"http:\/\/fegrama.cat\/web\/wp-json\/wp\/v2\/comments?post=26835"}],"version-history":[{"count":1,"href":"http:\/\/fegrama.cat\/web\/wp-json\/wp\/v2\/posts\/26835\/revisions"}],"predecessor-version":[{"id":26837,"href":"http:\/\/fegrama.cat\/web\/wp-json\/wp\/v2\/posts\/26835\/revisions\/26837"}],"wp:featuredmedia":[{"embeddable":true,"href":"http:\/\/fegrama.cat\/web\/wp-json\/wp\/v2\/media\/26798"}],"wp:attachment":[{"href":"http:\/\/fegrama.cat\/web\/wp-json\/wp\/v2\/media?parent=26835"}],"wp:term":[{"taxonomy":"category","embeddable":true,"href":"http:\/\/fegrama.cat\/web\/wp-json\/wp\/v2\/categories?post=26835"},{"taxonomy":"post_tag","embeddable":true,"href":"http:\/\/fegrama.cat\/web\/wp-json\/wp\/v2\/tags?post=26835"}],"curies":[{"name":"wp","href":"https:\/\/api.w.org\/{rel}","templated":true}]}}