{"id":26831,"date":"2019-05-26T19:09:19","date_gmt":"2019-05-26T18:09:19","guid":{"rendered":"http:\/\/fegrama.cat\/web\/?p=26831"},"modified":"2019-11-01T22:25:33","modified_gmt":"2019-11-01T21:25:33","slug":"planificacio-temporada-2019-2020","status":"publish","type":"post","link":"http:\/\/fegrama.cat\/web\/planificacio-temporada-2019-2020\/","title":{"rendered":"Planificaci\u00f3 temporada 2019-2020"},"content":{"rendered":"<figure id=\"attachment_26832\" aria-describedby=\"caption-attachment-26832\" style=\"width: 666px\" class=\"wp-caption aligncenter\"><a href=\"http:\/\/fegrama.cat\/web\/wp-content\/uploads\/2019\/05\/DSC_8265.jpg\"><img loading=\"lazy\" decoding=\"async\" class=\" wp-image-26832\" src=\"http:\/\/fegrama.cat\/web\/wp-content\/uploads\/2019\/05\/DSC_8265.jpg\" alt=\"\" width=\"666\" height=\"443\" srcset=\"http:\/\/fegrama.cat\/web\/wp-content\/uploads\/2019\/05\/DSC_8265.jpg 477w, http:\/\/fegrama.cat\/web\/wp-content\/uploads\/2019\/05\/DSC_8265-300x199.jpg 300w\" sizes=\"auto, (max-width: 666px) 100vw, 666px\" \/><\/a><figcaption id=\"caption-attachment-26832\" class=\"wp-caption-text\">Toni Romero, el t\u00e8cnic deixa la banqueta del primer equip.<\/figcaption><\/figure>\n<p>La planificaci\u00f3 per la temporada 2019-2020 ja ha comen\u00e7at.<\/p>\n<p>Els primers moviments de Manolo Garc\u00eda, responsable de l\u2019\u00e0rea esportiva de la Fundaci\u00f3 Esportiva Grama, ja han comen\u00e7at. Hi hauran sortides i entrades en els pr\u00f2xims dies per\u00f2, de moment, queda confirmada la marxa de Toni Romero com a entrenador del primer equip i l\u2019arribada de Toni P\u00e9rez com a nou Director Esportiu.<\/p>\n<p>[divider]<\/p>\n<figure id=\"attachment_26833\" aria-describedby=\"caption-attachment-26833\" style=\"width: 750px\" class=\"wp-caption aligncenter\"><a href=\"http:\/\/fegrama.cat\/web\/wp-content\/uploads\/2019\/05\/60992470_2177554565613410_5886707541974450176_n.jpg\"><img loading=\"lazy\" decoding=\"async\" class=\"size-full wp-image-26833\" src=\"http:\/\/fegrama.cat\/web\/wp-content\/uploads\/2019\/05\/60992470_2177554565613410_5886707541974450176_n.jpg\" alt=\"\" width=\"750\" height=\"562\" srcset=\"http:\/\/fegrama.cat\/web\/wp-content\/uploads\/2019\/05\/60992470_2177554565613410_5886707541974450176_n.jpg 750w, http:\/\/fegrama.cat\/web\/wp-content\/uploads\/2019\/05\/60992470_2177554565613410_5886707541974450176_n-300x225.jpg 300w\" sizes=\"auto, (max-width: 750px) 100vw, 750px\" \/><\/a><figcaption id=\"caption-attachment-26833\" class=\"wp-caption-text\">Toni P\u00e9rez, Antonio Morales y Manolo Garc\u00eda en la presentaci\u00f3n de Toni como Director Deportivo.<\/figcaption><\/figure>\n<p>Los primeros movimientos de Manolo Garc\u00eda, responsable del \u00e1rea deportiva de la Fundaci\u00f3 Esportiva Grama, ya han empezado. Habr\u00e1 salidas y entradas en los pr\u00f3ximos d\u00edas pero, de momento, queda confirmada la marcha de Toni Romero como entrenador del primer equipo y la llegada de Toni P\u00e9rez como nuevo Director Deportivo.<\/p>\n","protected":false},"excerpt":{"rendered":"<p>La planificaci\u00f3 per la temporada 2019-2020 ja ha comen\u00e7at. Els primers moviments de Manolo Garc\u00eda, responsable de l\u2019\u00e0rea esportiva de la Fundaci\u00f3 Esportiva Grama, ja han comen\u00e7at. Hi hauran sortides i entrades en els pr\u00f2xims dies per\u00f2, de moment, queda confirmada la marxa de Toni Romero com a entrenador del primer equip i l\u2019arribada de [&hellip;]<\/p>\n","protected":false},"author":1,"featured_media":26833,"comment_status":"closed","ping_status":"closed","sticky":false,"template":"","format":"standard","meta":{"footnotes":""},"categories":[14],"tags":[],"class_list":["post-26831","post","type-post","status-publish","format-standard","has-post-thumbnail","hentry","category-noticies"],"_links":{"self":[{"href":"http:\/\/fegrama.cat\/web\/wp-json\/wp\/v2\/posts\/26831","targetHints":{"allow":["GET"]}}],"collection":[{"href":"http:\/\/fegrama.cat\/web\/wp-json\/wp\/v2\/posts"}],"about":[{"href":"http:\/\/fegrama.cat\/web\/wp-json\/wp\/v2\/types\/post"}],"author":[{"embeddable":true,"href":"http:\/\/fegrama.cat\/web\/wp-json\/wp\/v2\/users\/1"}],"replies":[{"embeddable":true,"href":"http:\/\/fegrama.cat\/web\/wp-json\/wp\/v2\/comments?post=26831"}],"version-history":[{"count":1,"href":"http:\/\/fegrama.cat\/web\/wp-json\/wp\/v2\/posts\/26831\/revisions"}],"predecessor-version":[{"id":26834,"href":"http:\/\/fegrama.cat\/web\/wp-json\/wp\/v2\/posts\/26831\/revisions\/26834"}],"wp:featuredmedia":[{"embeddable":true,"href":"http:\/\/fegrama.cat\/web\/wp-json\/wp\/v2\/media\/26833"}],"wp:attachment":[{"href":"http:\/\/fegrama.cat\/web\/wp-json\/wp\/v2\/media?parent=26831"}],"wp:term":[{"taxonomy":"category","embeddable":true,"href":"http:\/\/fegrama.cat\/web\/wp-json\/wp\/v2\/categories?post=26831"},{"taxonomy":"post_tag","embeddable":true,"href":"http:\/\/fegrama.cat\/web\/wp-json\/wp\/v2\/tags?post=26831"}],"curies":[{"name":"wp","href":"https:\/\/api.w.org\/{rel}","templated":true}]}}