{"id":26828,"date":"2019-05-21T18:03:22","date_gmt":"2019-05-21T17:03:22","guid":{"rendered":"http:\/\/fegrama.cat\/web\/?p=26828"},"modified":"2019-05-21T18:03:22","modified_gmt":"2019-05-21T17:03:22","slug":"a-continuar-treballant-4","status":"publish","type":"post","link":"http:\/\/fegrama.cat\/web\/a-continuar-treballant-4\/","title":{"rendered":"A continuar treballant !!!"},"content":{"rendered":"<p><strong>Prebenjam\u00ed A:<\/strong><\/p>\n<p>Bon partit en l\u00ednies generals del Prebenjam\u00ed A, que s&#8217;enfrontava a la Vila Ol\u00edmpica. Va comen\u00e7ar el primer quart amb 2 gols que donaven tranquil\u00b7litat a l&#8217;equip i es van veure moments d&#8217;un gran joc col\u00b7lectiu. Despr\u00e9s del descans hi va haver relaxaci\u00f3 i l&#8217;\u00faltim quart es van tornar a activar i van desplegar un gran joc. Nom\u00e9s queda 1 partit per finalitzar aquesta gran temporada realitzada pels nois.<br \/>\n\u00daltim partit la setmana vinent contra Sant Andreu.<\/p>\n<p>Buen partido en l\u00edneas generales del Prebenjam\u00edn A, que se enfrentaba a la Vila Ol\u00edmpica. Empez\u00f3 el primer cuarto con 2 goles que daban tranquilidad al equipo y se vieron momentos de un gran juego colectivo. Despu\u00e9s del descanso hubo relajaci\u00f3n y el \u00faltimo cuarto se volvieron a activar y desplegaron un gran juego. S\u00f3lo queda 1 partido para finalizar esta gran temporada realizada por los chicos.<br \/>\n\u00daltimo partido la semana que viene contra Sant Andreu.<\/p>\n<p><strong>Prebenjam\u00ed B:<\/strong><\/p>\n<p>Preb b 7-0 Sarri\u00e0<\/p>\n<p>Partit que es preveia dif\u00edcil davant un equip que ens seguia en la classificaci\u00f3.<br \/>\nDes del primer quart es va veure que est\u00e0vem molt ben posicionats i ficats en el partit. Les bones jugades es van transformar en gols i l&#8217;actitud, la pressi\u00f3 i el bon fer en defensa ens va deixar la nostra porteria a zero.<br \/>\nUn dels millors partits de la temporada.<\/p>\n<p>Preb b 7-0 Sarri\u00e0<\/p>\n<p>Partido que se preve\u00eda dif\u00edcil ante un equipo que nos segu\u00eda en la clasificaci\u00f3n.<br \/>\nDesde el primer cuarto se vi\u00f3 que est\u00e1bamos muy bien posicionados y metidos en el encuentro. Las buenas jugadas se transformaron en goles y la actitud, la presi\u00f3n y el buen hacer en defensa nos dej\u00f3 nuestra porter\u00eda a cero.<br \/>\nUno de los mejores partidos de la temporada.<\/p>\n<p><strong>Prebenjam\u00ed C:<\/strong><\/p>\n<p>Preb C: 0-5 Sant Andreu<br \/>\nPartit s\u00f2lid en defensa i resolent les ocasions, bones sensacions en aquest tram final de temporada per seguir assegurant la segona pla\u00e7a.<\/p>\n<p>Preb C: 0-5 Sant Andreu<br \/>\nPartido s\u00f3lido en defensa y resolviendo las ocasiones, buenas sensaciones en este tramo final de temporada para seguir asegurando la segunda plaza.<\/p>\n<p><strong>Prebenjam\u00ed D:<\/strong><\/p>\n<p>Prebenjam\u00ed D 2-2 Sarri\u00e0<\/p>\n<p><strong>Prebenjam\u00ed E:<\/strong><\/p>\n<p>Sense dades<\/p>\n","protected":false},"excerpt":{"rendered":"<p>Prebenjam\u00ed A: Bon partit en l\u00ednies generals del Prebenjam\u00ed A, que s&#8217;enfrontava a la Vila Ol\u00edmpica. Va comen\u00e7ar el primer quart amb 2 gols que donaven tranquil\u00b7litat a l&#8217;equip i es van veure moments d&#8217;un gran joc col\u00b7lectiu. Despr\u00e9s del descans hi va haver relaxaci\u00f3 i l&#8217;\u00faltim quart es van tornar a activar i van [&hellip;]<\/p>\n","protected":false},"author":1,"featured_media":26728,"comment_status":"closed","ping_status":"closed","sticky":false,"template":"","format":"standard","meta":{"footnotes":""},"categories":[4,12],"tags":[],"class_list":["post-26828","post","type-post","status-publish","format-standard","has-post-thumbnail","hentry","category-base-inclusiu","category-prebenjamins"],"_links":{"self":[{"href":"http:\/\/fegrama.cat\/web\/wp-json\/wp\/v2\/posts\/26828","targetHints":{"allow":["GET"]}}],"collection":[{"href":"http:\/\/fegrama.cat\/web\/wp-json\/wp\/v2\/posts"}],"about":[{"href":"http:\/\/fegrama.cat\/web\/wp-json\/wp\/v2\/types\/post"}],"author":[{"embeddable":true,"href":"http:\/\/fegrama.cat\/web\/wp-json\/wp\/v2\/users\/1"}],"replies":[{"embeddable":true,"href":"http:\/\/fegrama.cat\/web\/wp-json\/wp\/v2\/comments?post=26828"}],"version-history":[{"count":1,"href":"http:\/\/fegrama.cat\/web\/wp-json\/wp\/v2\/posts\/26828\/revisions"}],"predecessor-version":[{"id":26829,"href":"http:\/\/fegrama.cat\/web\/wp-json\/wp\/v2\/posts\/26828\/revisions\/26829"}],"wp:featuredmedia":[{"embeddable":true,"href":"http:\/\/fegrama.cat\/web\/wp-json\/wp\/v2\/media\/26728"}],"wp:attachment":[{"href":"http:\/\/fegrama.cat\/web\/wp-json\/wp\/v2\/media?parent=26828"}],"wp:term":[{"taxonomy":"category","embeddable":true,"href":"http:\/\/fegrama.cat\/web\/wp-json\/wp\/v2\/categories?post=26828"},{"taxonomy":"post_tag","embeddable":true,"href":"http:\/\/fegrama.cat\/web\/wp-json\/wp\/v2\/tags?post=26828"}],"curies":[{"name":"wp","href":"https:\/\/api.w.org\/{rel}","templated":true}]}}