{"id":26777,"date":"2019-05-07T20:12:28","date_gmt":"2019-05-07T19:12:28","guid":{"rendered":"http:\/\/fegrama.cat\/web\/?p=26777"},"modified":"2019-05-07T20:12:28","modified_gmt":"2019-05-07T19:12:28","slug":"campionat-per-linclusiu","status":"publish","type":"post","link":"http:\/\/fegrama.cat\/web\/campionat-per-linclusiu\/","title":{"rendered":"Campionat per l&#8217;Inclusiu!!!"},"content":{"rendered":"<figure id=\"attachment_26778\" aria-describedby=\"caption-attachment-26778\" style=\"width: 770px\" class=\"wp-caption aligncenter\"><a href=\"http:\/\/fegrama.cat\/web\/wp-content\/uploads\/2019\/05\/inclusiu.jpg\"><img loading=\"lazy\" decoding=\"async\" class=\" wp-image-26778\" src=\"http:\/\/fegrama.cat\/web\/wp-content\/uploads\/2019\/05\/inclusiu-1024x690.jpg\" alt=\"\" width=\"770\" height=\"518\" srcset=\"http:\/\/fegrama.cat\/web\/wp-content\/uploads\/2019\/05\/inclusiu-1024x690.jpg 1024w, http:\/\/fegrama.cat\/web\/wp-content\/uploads\/2019\/05\/inclusiu-300x202.jpg 300w, http:\/\/fegrama.cat\/web\/wp-content\/uploads\/2019\/05\/inclusiu-768x518.jpg 768w, http:\/\/fegrama.cat\/web\/wp-content\/uploads\/2019\/05\/inclusiu-290x195.jpg 290w, http:\/\/fegrama.cat\/web\/wp-content\/uploads\/2019\/05\/inclusiu.jpg 1188w\" sizes=\"auto, (max-width: 770px) 100vw, 770px\" \/><\/a><figcaption id=\"caption-attachment-26778\" class=\"wp-caption-text\">Arriba de izquierda a derecha: Manuel Garrido,Rafael Rojano, Jofre Ruiz, Daniel Caba\u00f1a, Miguel S\u00e1nchez. Abajo de izquierda a derecha: Jes\u00fas Luna, Israel G\u00f3mez, Daniel Salinas, Sergio Molina, David Rodr\u00edguez, Alberto Vela<\/figcaption><\/figure>\n<h2>Amb una traject\u00f2ria envejable, l\u2019equip Inclusiu S\u00e8nior de la Fundaci\u00f3 Esportiva Grama s\u2019ha proclamat campi\u00f3.<\/h2>\n<p>El passat dia 3 de maig van disputar el partit corresponent a la jornada 13, al pavell\u00f3 de la Bastida, contra el Manresa. El marcador va reflectir la superioritat dels colomencs amb un resultat final de 8-2.<\/p>\n<p>Van sortir fort els nostres i nom\u00e9s van necessitar 7 minuts per endossar-li tres gols al rival. Amb el control del joc, el t\u00e8cnic de la Grama va aprofitar per fer rotacions i donar minuts a tots els seus jugadors.<\/p>\n<p>Ben avan\u00e7ada la segona part, el marcador va anar augmentant fins arribar al 8-2 definitiu amb Alberto Vela (3), Daniel Salinas (3) y Manuel Garrido (2) com a golejadors de l\u2019enfrontament.<\/p>\n<p>Amb la jornada finalitzada, la diferencia de punts amb respecte al Cerdanyola ha augmentat per la derrota de l\u2019equip valles\u00e0 i les matem\u00e0tiques proclamen campi\u00f3 al nostre equip inlcusiu. Enhorabona nois!!!<\/p>\n<p>[divider]<\/p>\n<figure id=\"attachment_26779\" aria-describedby=\"caption-attachment-26779\" style=\"width: 618px\" class=\"wp-caption aligncenter\"><a href=\"http:\/\/fegrama.cat\/web\/wp-content\/uploads\/2019\/05\/Inclusiu-campi\u00f3.jpg\"><img loading=\"lazy\" decoding=\"async\" class=\"size-large wp-image-26779\" src=\"http:\/\/fegrama.cat\/web\/wp-content\/uploads\/2019\/05\/Inclusiu-campi\u00f3-1024x763.jpg\" alt=\"\" width=\"618\" height=\"460\" srcset=\"http:\/\/fegrama.cat\/web\/wp-content\/uploads\/2019\/05\/Inclusiu-campi\u00f3-1024x763.jpg 1024w, http:\/\/fegrama.cat\/web\/wp-content\/uploads\/2019\/05\/Inclusiu-campi\u00f3-300x224.jpg 300w, http:\/\/fegrama.cat\/web\/wp-content\/uploads\/2019\/05\/Inclusiu-campi\u00f3-768x572.jpg 768w, http:\/\/fegrama.cat\/web\/wp-content\/uploads\/2019\/05\/Inclusiu-campi\u00f3.jpg 1202w\" sizes=\"auto, (max-width: 618px) 100vw, 618px\" \/><\/a><figcaption id=\"caption-attachment-26779\" class=\"wp-caption-text\">Equipo Inclusivo campe\u00f3n 2018-2019<\/figcaption><\/figure>\n<div class=\"tlid-input input\">\n<div class=\"source-wrap\">\n<div class=\"input-full-height-wrapper tlid-input-full-height-wrapper\">\n<div class=\"source-input\">\n<div class=\"source-footer-wrap source-or-target-footer\">\n<div class=\"character-count tlid-character-count\">\n<h2 class=\"cc-ctr normal\"><span title=\"\">Con<\/span> <span title=\"\">una trayectoria<\/span> <span title=\"\">envidiable<\/span><span title=\"\">, el equipo<\/span> <span title=\"\">Inclusivo<\/span> <span title=\"\">Senior de la<\/span> <span title=\"\">Fundaci\u00f3 Es<\/span><span title=\"\">portiva<\/span> <span title=\"\">Grama se<\/span> <span title=\"\">ha proclamado campe\u00f3n.<\/span><\/h2>\n<div><\/div>\n<\/div>\n<\/div>\n<\/div>\n<\/div>\n<\/div>\n<\/div>\n<div class=\"tlid-results-container results-container\">\n<div class=\"tlid-result result-dict-wrapper\">\n<div class=\"result tlid-copy-target\">\n<div class=\"text-wrap tlid-copy-target\">\n<div class=\"result-shield-container tlid-copy-target\" tabindex=\"0\"><span class=\"tlid-translation translation\" lang=\"es\"><span title=\"\">El<\/span> <span title=\"\">pasado<\/span> <span title=\"\">d\u00eda 3<\/span> <span title=\"\">de mayo<\/span> <span title=\"\">disputaron el partido<\/span> <span title=\"\">correspondiente a la<\/span> <span title=\"\">jornada<\/span> <span title=\"\">13<\/span><span title=\"\">, en el pabell\u00f3n<\/span> <span title=\"\">de la<\/span> <span title=\"\">Bastida<\/span><span title=\"\">,<\/span> <span title=\"\">contra el<\/span> <span title=\"\">Manresa<\/span><span title=\"\">.<\/span> <span title=\"\">El marcador<\/span> <span title=\"\">reflej\u00f3<\/span> <span title=\"\">la superioridad<\/span> <span title=\"\">de los colomenses<\/span> <span title=\"\">con un resultado<\/span> <span title=\"\">final<\/span> <span title=\"\">de 8-2<\/span><span title=\"\">.<\/span><\/span><\/div>\n<div class=\"result-shield-container tlid-copy-target\" tabindex=\"0\"><span class=\"tlid-translation translation\" lang=\"es\"><br \/>\n<span title=\"\">Salieron<\/span> <span title=\"\">fuerte los<\/span>\u00a0<span class=\"\" title=\"\">nuestros<\/span> <span title=\"\">y s\u00f3lo<\/span> <span title=\"\">necesitaron<\/span> <span title=\"\">7<\/span> <span title=\"\">minutos para<\/span> <span title=\"\">endosarle<\/span> <span title=\"\">tres<\/span> <span title=\"\">goles<\/span> <span title=\"\">al<\/span> <span class=\"\" title=\"\">rival.<\/span> <span class=\"\" title=\"\">Con<\/span> <span title=\"\">el control<\/span> <span title=\"\">del juego<\/span><span title=\"\">, el t\u00e9cnico<\/span> <span title=\"\">de la Grama<\/span> <span class=\"\" title=\"\">aprovech\u00f3 para hacer<\/span> <span title=\"\">rotaciones<\/span> <span title=\"\">y dar<\/span> <span title=\"\">minutos<\/span> <span title=\"\">a todos sus<\/span> <span title=\"\">jugadores<\/span><span title=\"\">.<\/span><\/span><\/div>\n<div class=\"result-shield-container tlid-copy-target\" tabindex=\"0\"><span class=\"tlid-translation translation\" lang=\"es\"><br \/>\n<span title=\"\">Bien avanzada la<\/span> <span class=\"\" title=\"\">segunda parte,<\/span> <span title=\"\">el marcador<\/span> <span title=\"\">fue aumentando<\/span> <span title=\"\">hasta<\/span> <span title=\"\">llegar al<\/span> <span title=\"\">8-2<\/span> <span title=\"\">definitivo<\/span> <span class=\"\" title=\"\">con<\/span> <span title=\"\">Alberto<\/span> <span title=\"\">Vela<\/span> <span title=\"\">(3),<\/span> <span title=\"\">Daniel<\/span> <span title=\"\">Salinas<\/span> <span title=\"\">(3)<\/span> <span title=\"\">y<\/span> <span title=\"\">Manuel<\/span> <span title=\"\">Garrido<\/span> <span title=\"\">(2)<\/span> <span class=\"\" title=\"\">como goleadores<\/span> <span title=\"\">del enfrentamiento.<\/span><\/span><\/div>\n<div class=\"result-shield-container tlid-copy-target\" tabindex=\"0\"><span class=\"tlid-translation translation\" lang=\"es\"><br \/>\n<span title=\"\">Con<\/span> <span title=\"\">la jornada<\/span> <span title=\"\">finalizada<\/span><span title=\"\">,<\/span> <span title=\"\">la<\/span> <span class=\"\" title=\"\">diferencia<\/span> <span title=\"\">de puntos<\/span> <span title=\"\">con<\/span> <span title=\"\">respecto al<\/span> <span title=\"\">Cerdanyola<\/span> <span title=\"\">ha aumentado<\/span> <span class=\"\" title=\"\">por la<\/span> <span title=\"\">derrota<\/span> <span title=\"\">del equipo<\/span> <span title=\"\">vallesano<\/span> <span title=\"\">y<\/span> <span title=\"\">las matem\u00e1ticas<\/span> <span title=\"\">proclaman<\/span> <span class=\"\" title=\"\">campe\u00f3n<\/span> <span title=\"\">a nuestro equipo<\/span> <span title=\"\">inlcuso<\/span><span title=\"\">.<\/span> <span title=\"\">Enhorabuena<\/span> <span title=\"\">chicos<\/span> <span class=\"\" title=\"\">!!!<\/span><\/span><\/div>\n<\/div>\n<\/div>\n<\/div>\n<\/div>\n<p>&nbsp;<\/p>\n","protected":false},"excerpt":{"rendered":"<p>Amb una traject\u00f2ria envejable, l\u2019equip Inclusiu S\u00e8nior de la Fundaci\u00f3 Esportiva Grama s\u2019ha proclamat campi\u00f3. El passat dia 3 de maig van disputar el partit corresponent a la jornada 13, al pavell\u00f3 de la Bastida, contra el Manresa. El marcador va reflectir la superioritat dels colomencs amb un resultat final de 8-2. Van sortir fort [&hellip;]<\/p>\n","protected":false},"author":1,"featured_media":26778,"comment_status":"closed","ping_status":"closed","sticky":false,"template":"","format":"standard","meta":{"footnotes":""},"categories":[4,1256],"tags":[],"class_list":["post-26777","post","type-post","status-publish","format-standard","has-post-thumbnail","hentry","category-base-inclusiu","category-inclusiu"],"_links":{"self":[{"href":"http:\/\/fegrama.cat\/web\/wp-json\/wp\/v2\/posts\/26777","targetHints":{"allow":["GET"]}}],"collection":[{"href":"http:\/\/fegrama.cat\/web\/wp-json\/wp\/v2\/posts"}],"about":[{"href":"http:\/\/fegrama.cat\/web\/wp-json\/wp\/v2\/types\/post"}],"author":[{"embeddable":true,"href":"http:\/\/fegrama.cat\/web\/wp-json\/wp\/v2\/users\/1"}],"replies":[{"embeddable":true,"href":"http:\/\/fegrama.cat\/web\/wp-json\/wp\/v2\/comments?post=26777"}],"version-history":[{"count":1,"href":"http:\/\/fegrama.cat\/web\/wp-json\/wp\/v2\/posts\/26777\/revisions"}],"predecessor-version":[{"id":26780,"href":"http:\/\/fegrama.cat\/web\/wp-json\/wp\/v2\/posts\/26777\/revisions\/26780"}],"wp:featuredmedia":[{"embeddable":true,"href":"http:\/\/fegrama.cat\/web\/wp-json\/wp\/v2\/media\/26778"}],"wp:attachment":[{"href":"http:\/\/fegrama.cat\/web\/wp-json\/wp\/v2\/media?parent=26777"}],"wp:term":[{"taxonomy":"category","embeddable":true,"href":"http:\/\/fegrama.cat\/web\/wp-json\/wp\/v2\/categories?post=26777"},{"taxonomy":"post_tag","embeddable":true,"href":"http:\/\/fegrama.cat\/web\/wp-json\/wp\/v2\/tags?post=26777"}],"curies":[{"name":"wp","href":"https:\/\/api.w.org\/{rel}","templated":true}]}}