{"id":26764,"date":"2019-05-06T23:29:21","date_gmt":"2019-05-06T22:29:21","guid":{"rendered":"http:\/\/fegrama.cat\/web\/?p=26764"},"modified":"2019-05-06T23:32:03","modified_gmt":"2019-05-06T22:32:03","slug":"sha-aconseguit-el-repte","status":"publish","type":"post","link":"http:\/\/fegrama.cat\/web\/sha-aconseguit-el-repte\/","title":{"rendered":"S&#8217;ha aconseguit el repte"},"content":{"rendered":"<p><strong>Juvenil A:<\/strong><\/p>\n<p>\u00a1Partid\u00e0s dels nostres!<br \/>\nPortem anys treballant a La Fundaci\u00f3 per pujar al Juvenil A a categoria nacional i aquest dissabte va donar els seus fruits.<br \/>\nSab\u00edem que no seria un partit f\u00e0cil, ja que el Sant Andreu tamb\u00e9 necessitava punts per no abandonar aquesta zona interm\u00e8dia de la classificaci\u00f3. Comencem amb molt \u00edmpetu, dominant el rival, tenint un parell d&#8217;ocasions i, a la tercera va ser la ven\u00e7uda, Joel aconsegueix fer-se amb la pilota dins l&#8217;\u00e0rea i despr\u00e9s acomod\u00e1rselo a la cama esquerra, posa el 1-0; segu\u00edem apretant i en una jugada a pilota parada (sense ser el nostre millor dia) arriba el segon, obra de V\u00edctor, vam seguir jugant igual, sense pensar que est\u00e0vem fent hist\u00f2ria dins del club, en una altra acci\u00f3 a pilota aturada V\u00edctor novament (el m\u00e9s llest de la classe) aconsegueix el 3-0 just abans del descans.<br \/>\nJa en la segona part i amb la ment en el final del partit arribar-vos oportunitats per ambdues parts, tenint el partit controlat. Ara cal tenir confian\u00e7a i el cap fred per aconseguir el gran repte de l&#8217;ascens desitjat, un passet m\u00e9s i ho vam aconseguir !! Anem a demostrar la nostra for\u00e7a en el camp de la Montanyesa i anem tots a animar !!! For\u00e7a Grama !!!!<\/p>\n<figure id=\"attachment_26765\" aria-describedby=\"caption-attachment-26765\" style=\"width: 300px\" class=\"wp-caption aligncenter\"><a href=\"http:\/\/fegrama.cat\/web\/wp-content\/uploads\/2019\/05\/DSC_6587.jpg\"><img loading=\"lazy\" decoding=\"async\" class=\"wp-image-26765 size-medium\" src=\"http:\/\/fegrama.cat\/web\/wp-content\/uploads\/2019\/05\/DSC_6587-300x199.jpg\" alt=\"\" width=\"300\" height=\"199\" srcset=\"http:\/\/fegrama.cat\/web\/wp-content\/uploads\/2019\/05\/DSC_6587-300x199.jpg 300w, http:\/\/fegrama.cat\/web\/wp-content\/uploads\/2019\/05\/DSC_6587-768x510.jpg 768w, http:\/\/fegrama.cat\/web\/wp-content\/uploads\/2019\/05\/DSC_6587-1024x680.jpg 1024w\" sizes=\"auto, (max-width: 300px) 100vw, 300px\" \/><\/a><figcaption id=\"caption-attachment-26765\" class=\"wp-caption-text\">Sense treball no hi ha resultats.<\/figcaption><\/figure>\n<p>\u00a1Partidazo de los nuestros!<br \/>\nLlevamos a\u00f1os trabajando en La Fundaci\u00f3n para subir el Juvenil A a categor\u00eda nacional y este S\u00e1bado dio sus frutos.<br \/>\nSabiamos que no iba a ser un partido f\u00e1cil, ya que el Sant Andreu tambi\u00e9n necesitaba puntos para no abandonar esa zona intermedia de la clasificaci\u00f3n. Empezamos con mucho \u00edmpetu, dominando al rival, teniendo un par de ocasiones y, a la tercera fu\u00e9 la vencida, Joel consigue hacerse con el bal\u00f3n dentro del \u00e1rea y tras acomod\u00e1rselo a la pierna izquierda, pone el 1-0; segu\u00edamos apretando y en una jugada a bal\u00f3n parado (sin ser nuestro mejor d\u00eda) llega el segundo, obra de V\u00edctor, seguimos jugando igual, sin pensar que est\u00e1bamos haciendo historia dentro del club, en otra acci\u00f3n a bal\u00f3n parado V\u00edctor nuevamente ( el m\u00e1s listo de la clase) consigue el 3-0 justo antes del descanso.<br \/>\nYa en la segunda parte y con la mente en el final del partido llegaros oportunidades por ambas partes, teniendo el partido controlado. Ahora hay que tener confianza y la cabeza fr\u00eda para conseguir el gran reto del ascenso deseado, un pasito m\u00e1s y lo conseguimos!! Vamos a demostrar nuestra fuerza en el campo de la Monta\u00f1esa y \u00a1vamos todos a animar!!! For\u00e7a Grama!!!!<\/p>\n<figure id=\"attachment_26766\" aria-describedby=\"caption-attachment-26766\" style=\"width: 300px\" class=\"wp-caption aligncenter\"><a href=\"http:\/\/fegrama.cat\/web\/wp-content\/uploads\/2019\/05\/DSC_6946.jpg\"><img loading=\"lazy\" decoding=\"async\" class=\"wp-image-26766 size-medium\" src=\"http:\/\/fegrama.cat\/web\/wp-content\/uploads\/2019\/05\/DSC_6946-300x199.jpg\" alt=\"\" width=\"300\" height=\"199\" srcset=\"http:\/\/fegrama.cat\/web\/wp-content\/uploads\/2019\/05\/DSC_6946-300x199.jpg 300w, http:\/\/fegrama.cat\/web\/wp-content\/uploads\/2019\/05\/DSC_6946-768x510.jpg 768w, http:\/\/fegrama.cat\/web\/wp-content\/uploads\/2019\/05\/DSC_6946-1024x680.jpg 1024w\" sizes=\"auto, (max-width: 300px) 100vw, 300px\" \/><\/a><figcaption id=\"caption-attachment-26766\" class=\"wp-caption-text\">Un pas m\u00e9s !!<\/figcaption><\/figure>\n<p style=\"text-align: left;\">Fotos del partido:\u00a0\u00a0<a href=\"https:\/\/photos.app.goo.gl\/MFbLD2owmoe4HZT57\">https:\/\/photos.app.goo.gl\/MFbLD2owmoe4HZT57<\/a><\/p>\n","protected":false},"excerpt":{"rendered":"<p>Juvenil A: \u00a1Partid\u00e0s dels nostres! Portem anys treballant a La Fundaci\u00f3 per pujar al Juvenil A a categoria nacional i aquest dissabte va donar els seus fruits. Sab\u00edem que no seria un partit f\u00e0cil, ja que el Sant Andreu tamb\u00e9 necessitava punts per no abandonar aquesta zona interm\u00e8dia de la classificaci\u00f3. Comencem amb molt \u00edmpetu, [&hellip;]<\/p>\n","protected":false},"author":1,"featured_media":26750,"comment_status":"closed","ping_status":"closed","sticky":false,"template":"","format":"standard","meta":{"footnotes":""},"categories":[14],"tags":[],"class_list":["post-26764","post","type-post","status-publish","format-standard","has-post-thumbnail","hentry","category-noticies"],"_links":{"self":[{"href":"http:\/\/fegrama.cat\/web\/wp-json\/wp\/v2\/posts\/26764","targetHints":{"allow":["GET"]}}],"collection":[{"href":"http:\/\/fegrama.cat\/web\/wp-json\/wp\/v2\/posts"}],"about":[{"href":"http:\/\/fegrama.cat\/web\/wp-json\/wp\/v2\/types\/post"}],"author":[{"embeddable":true,"href":"http:\/\/fegrama.cat\/web\/wp-json\/wp\/v2\/users\/1"}],"replies":[{"embeddable":true,"href":"http:\/\/fegrama.cat\/web\/wp-json\/wp\/v2\/comments?post=26764"}],"version-history":[{"count":1,"href":"http:\/\/fegrama.cat\/web\/wp-json\/wp\/v2\/posts\/26764\/revisions"}],"predecessor-version":[{"id":26767,"href":"http:\/\/fegrama.cat\/web\/wp-json\/wp\/v2\/posts\/26764\/revisions\/26767"}],"wp:featuredmedia":[{"embeddable":true,"href":"http:\/\/fegrama.cat\/web\/wp-json\/wp\/v2\/media\/26750"}],"wp:attachment":[{"href":"http:\/\/fegrama.cat\/web\/wp-json\/wp\/v2\/media?parent=26764"}],"wp:term":[{"taxonomy":"category","embeddable":true,"href":"http:\/\/fegrama.cat\/web\/wp-json\/wp\/v2\/categories?post=26764"},{"taxonomy":"post_tag","embeddable":true,"href":"http:\/\/fegrama.cat\/web\/wp-json\/wp\/v2\/tags?post=26764"}],"curies":[{"name":"wp","href":"https:\/\/api.w.org\/{rel}","templated":true}]}}