{"id":26738,"date":"2019-05-05T21:24:15","date_gmt":"2019-05-05T20:24:15","guid":{"rendered":"http:\/\/fegrama.cat\/web\/?p=26738"},"modified":"2019-05-05T21:24:15","modified_gmt":"2019-05-05T20:24:15","slug":"donar-ho-tot-no-es-suficient","status":"publish","type":"post","link":"http:\/\/fegrama.cat\/web\/donar-ho-tot-no-es-suficient\/","title":{"rendered":"Donar-ho tot no \u00e9s suficient"},"content":{"rendered":"<figure id=\"attachment_26739\" aria-describedby=\"caption-attachment-26739\" style=\"width: 741px\" class=\"wp-caption aligncenter\"><a href=\"http:\/\/fegrama.cat\/web\/wp-content\/uploads\/2019\/05\/jc.jpg\"><img loading=\"lazy\" decoding=\"async\" class=\" wp-image-26739\" src=\"http:\/\/fegrama.cat\/web\/wp-content\/uploads\/2019\/05\/jc-1024x680.jpg\" alt=\"\" width=\"741\" height=\"492\" srcset=\"http:\/\/fegrama.cat\/web\/wp-content\/uploads\/2019\/05\/jc-1024x680.jpg 1024w, http:\/\/fegrama.cat\/web\/wp-content\/uploads\/2019\/05\/jc-300x199.jpg 300w, http:\/\/fegrama.cat\/web\/wp-content\/uploads\/2019\/05\/jc-768x510.jpg 768w, http:\/\/fegrama.cat\/web\/wp-content\/uploads\/2019\/05\/jc.jpg 1066w\" sizes=\"auto, (max-width: 741px) 100vw, 741px\" \/><\/a><figcaption id=\"caption-attachment-26739\" class=\"wp-caption-text\">Juan Carlos, l&#8217;home del partit, ajudat per Javi Chica i Toni Texeira.<\/figcaption><\/figure>\n<h2>Molt dif\u00edcil es posa la perman\u00e8ncia per la Grama despr\u00e9s de la derrota contra el Terrassa.<\/h2>\n<p>&#8211; DBC- La matinal a l\u2019estadi es preveia complicada i molt tensa i hem de dir que el partit no ha defraudat. Moltes veus malpensades parlaven de la relaci\u00f3 cordial que hi ha entre els Presidents de la Grama i del Terrassa per\u00f2 oblidaven l\u2019amistat \u00edntima que uneix als t\u00e8cnics del Terrassa amb el del Castelldefels. Prometia Cristian Garcia donar-li un cop de m\u00e0 a Carrillo i aix\u00ed ha sigut.<\/p>\n<p>Amb l\u2019onze de gala, per\u00f2 amb Padilla a la banqueta, Toni Romero plantejava el partit decisiu de la temporada. Molt fort ha sortit el Terrassa amb dos ocasions molt clares en els primers minuts. En un c\u00f3rner al minut 4 Sergi Arranz ha rematat totalment sol a la frontal de la petita i Caleb Mart\u00ednez ha respost amb contund\u00e8ncia enviant la pilota a corner. Uns instants despr\u00e9s, als 6 minuts, Nil Puchades, amb un fort xut per banda dreta ha enviat la pilota al pal.<\/p>\n<p>Ho intentava de nou l\u2019equip egarenc al minut 10 amb una centrada de Guti per banda esquerra que pot refusar Rojas quan Arranz ja preparava el remat clar. El t\u00e8cnic colomenc donava ordres de manera vehement des de la seva banqueta perqu\u00e8 la Grama estava molt superada en defensa, superada al mig camp i totalment inoperant en atac. Aquest ha estat el panorama del primer quart d\u2019hora. \u00a0\u00b4<\/p>\n<p>De mica en mica, la Grama aconseguia sobreposar-se a aquest inici ofensiu del Terrassa amb pressi\u00f3 en posicions ofensives i amb m\u00e9s circulaci\u00f3 de pilota, per\u00f2 als 22 minuts de joc saltaven les alarmes amb la lesi\u00f3 de Jorge Rojas que for\u00e7ava el primer canvi. Entrava Mart\u00ed Tapia quasi b\u00e9 sense escalfament previ i la Grama tenia la primera gran ocasi\u00f3. Una pilota penjada des de banda dreta per Javi Chica al minut 27, es passeja per la frontal de l\u2019\u00e0rea petita fins que al segon pal l\u2019ha pogut controlar Omar. El xut de l\u2019extrem esquerra a la mitja volta l\u2019ha aturat de manera magistral Ortega enviant la pilota a corner. Despertava la Grama i ja trepitjar l\u2019\u00e0rea egarenca.<\/p>\n<p>Poc m\u00e9s fins al descans, en el tram final de la primera meitat les forces s\u2019han igualat i no hi han hagut ocasions de gol, nom\u00e9s cal destacar dos pilotes aturades penjades a l\u2019\u00e0rea per Javi Chica que no van inquietar gaire a Ortega. El col\u00b7legiat designava el descans amb 0-0 al marcador.<\/p>\n<p>A la represa Toni Romero deixava a Javi Chica al vestidor i donava entrada a Joel Mar\u00edn. Era el segon canvi pels colomencs i servia de comen\u00e7ament per una segona part que comen\u00e7ava amb una ocasi\u00f3 per Crist\u00f3bal que, de cap, no pot definir amb claredat. Responia el Terrassa i aturava Caleb. S\u2019assentava la igualtat en els primers minuts de la segona part, el Terrassa es mostrava perill\u00f3s en atac i la Grama intentava controlar el joc.<\/p>\n<p>Cristian Garc\u00eda volia m\u00e9s intensitat en atac i ha substitu\u00eft a Sergi Arranz per donar entrada a Marcel Serramitja als 63 minuts. Buscava la vict\u00f2ria el t\u00e8cnic egarenc, sobremotivat ara que el seu equip no s\u2019hi jugava res, i als 65 minuts, en una falta botada des de banda esquerra, en un error de marcatge, Carre\u00f3n va rematar al primer pal per anotar el 0-1.<\/p>\n<p>De nou una gerra d\u2019aigua freda per la Fundaci\u00f3 Esportiva Grama, de nou l\u2019equip colomenc es trobava per sota al marcador i amb la necessitat imperiosa de guanyar el partit. Saltava al camp Padilla substituint a Buba i ha trigat nom\u00e9s tres minuts en aconseguir l\u2019empat. Una falta penjada per Rub\u00e9n Canelada des de la dreta ha acabat a les botes de Padilla que, despr\u00e9s d\u2019una semierrada d\u2019Ortega i diversos refusos, ha pogut enviar la pilota a la xarxa anotant l\u20191-1 als 69 minuts.<\/p>\n<p>Era el moment per donar-li la volta al partit, la Grama amb intensitat es veia ben posicionada i volia m\u00e9s, quan el col\u00b7legiat del partit ha comen\u00e7at el seu show particular. Ell sol, s\u2019ha inventat un penal a l\u2019\u00e0rea colomenca per una falta de Joel sobre el dorsal n\u00famero 16 del Terrassa. Ho ha vist nom\u00e9s ell, ning\u00fa reclamava res, ni els jugadors visitants s\u2019ho creien, per\u00f2 la pena m\u00e0xima s\u2019ha xiulat i Alex Fern\u00e1ndez ha posat l\u20191-2 al marcador al minut 74.<\/p>\n<p>Devia remoure la consciencia de l`\u00e0rbitre haver xiulat un penal tan injust perqu\u00e8, als 78 minuts, una jugada d\u2019Omar a la frontal de l\u2019\u00e0rea egarenca era castigada com a penal (Us recomanem que veieu les imatges de GRAMA TV per veure clarament que cap dels dos penal que ha xiulat l\u2019\u00e0rbitre ho eren: https:\/\/www.youtube.com\/watch?v=Rsm54_Nmtik). Crist\u00f3bal Le\u00f3n no falla des dels onze metres i ha anotat el 2-2\u00a0 per buscar la remuntada final.<\/p>\n<p>Juan Carlos ha tingut en una rematada de cap el tercer gol pels blanc i blaus per\u00f2 la defensa del Terrassa ha aconseguit refusar la pilota sobre la l\u00ednia de gol. Amb el partit molt obert i superioritat dels atacs sobre les defenses, una pilota penjada des de banda esquerra en l\u2019atac de Terrassa la ha rebut al segon pal Coro per tornar a enviar una pilota a dins de la petita i que Serramitja remat\u00e9s de cap fent el tercer gol egarenc al minut 83.<\/p>\n<p>Quedava temps per reaccionar, la Grama ho ha intentat amb m\u00e9s cor que cap. Juan Carlos ha agafat la responsabilitat en atac fent una de les jugades de l\u2019any, Padilla ho ha intentat amb un xut creuat, per\u00f2 cap dels nostres ha estat capa\u00e7 de batre a Ortega i el partit ha acabat amb una dolorosa derrota de la Grama per 2-3.<\/p>\n<p>Aquest resultat, encara que \u00e9s dolent pels interessos de la Grama, mant\u00e9 opcions de salvaci\u00f3 despr\u00e9s de la derrota del Castelldefels contra l\u2019Horta. Queden dues jornades d\u2019infart comen\u00e7ant la propera setmana amb la visita al l\u00edder, la Llagostera. Ser\u00e0 el diumenge 12 de maig a les 18h.<\/p>\n<p>&nbsp;<\/p>\n<p><a href=\"http:\/\/fcf.cat\/acta\/1819\/futbol-11\/tercera-divisio-nacional\/grup-v\/aa\/fundacio-esportiva-grama-a\/aa\/terrassa-olimpica-2010-sad-a\">CLIQUEU AQU\u00cd PER VEURE L&#8217;ACTA DEL PARTIT<\/a><\/p>\n<p><a href=\"http:\/\/fcf.cat\/classificacio\/1819\/futbol-11\/tercera-divisio-nacional\/grup-v\">CLIQUEU AQU\u00cd PER VEURE LA CLASSIFICACI\u00d3 DE TERCERA DIVISI\u00d3 G5<\/a><\/p>\n<p>[divider]<\/p>\n<figure id=\"attachment_26740\" aria-describedby=\"caption-attachment-26740\" style=\"width: 789px\" class=\"wp-caption aligncenter\"><a href=\"http:\/\/fegrama.cat\/web\/wp-content\/uploads\/2019\/05\/equipo.jpg\"><img loading=\"lazy\" decoding=\"async\" class=\" wp-image-26740\" src=\"http:\/\/fegrama.cat\/web\/wp-content\/uploads\/2019\/05\/equipo-1024x680.jpg\" alt=\"\" width=\"789\" height=\"524\" srcset=\"http:\/\/fegrama.cat\/web\/wp-content\/uploads\/2019\/05\/equipo-1024x680.jpg 1024w, http:\/\/fegrama.cat\/web\/wp-content\/uploads\/2019\/05\/equipo-300x199.jpg 300w, http:\/\/fegrama.cat\/web\/wp-content\/uploads\/2019\/05\/equipo-768x510.jpg 768w, http:\/\/fegrama.cat\/web\/wp-content\/uploads\/2019\/05\/equipo.jpg 1066w\" sizes=\"auto, (max-width: 789px) 100vw, 789px\" \/><\/a><figcaption id=\"caption-attachment-26740\" class=\"wp-caption-text\">once inicial de la Grama contra el Terrassa<\/figcaption><\/figure>\n<h2>Muy dif\u00edcil se pone la permanencia para la Grama despu\u00e9s de la derrota contra el Terrassa.<\/h2>\n<p>&#8211; DBC- La matinal en el estadio se preve\u00eda complicada y muy tensa y debemos decir que el partido no ha defraudado. Muchas voces malpensadas hablaban de la relaci\u00f3n cordial que existe entre los Presidentes de la Grama y del Terrassa pero olvidaban la amistad \u00edntima que une a los t\u00e9cnicos del Terrassa con el del Castelldefels. Promet\u00eda Cristian Garcia echarle una mano a Carrillo y as\u00ed ha sido.<\/p>\n<p>Con el once de gala, pero con Padilla en el banquillo, Toni Romero planteaba el partido decisivo de la temporada. Muy fuerte ha salido el Terrassa con dos ocasiones muy claras en los primeros minutos. En un c\u00f3rner en el minuto 4 Sergi Arranz remat\u00f3 totalmente solo en la frontal de la peque\u00f1a y Caleb Mart\u00ednez ha respondido con contundencia enviando el bal\u00f3n a corner. Unos instantes despu\u00e9s, a los 6 minutos, Nil Puchades, con un fuerte disparo por banda derecha envi\u00f3 el bal\u00f3n al palo.<\/p>\n<p>Lo intentaba de nuevo el equipo egarense en el minuto 10 con un centro de Guti por banda izquierda que puede rechazar Rojas cuando Arranz ya preparaba el remate claro. El t\u00e9cnico colomense daba \u00f3rdenes de manera vehemente desde su banquillo pero la Grama estaba muy superada en defensa, superada en el medio campo y totalmente inoperante en ataque. Este ha sido el panorama del primer cuarto de hora. &#8216;<\/p>\n<p>Poco a poco, la Grama consegu\u00eda sobreponerse a este inicio ofensivo del Terrassa con presi\u00f3n en posiciones ofensivas y con m\u00e1s circulaci\u00f3n de bal\u00f3n, pero a los 22 minutos de juego saltaban las alarmas con la lesi\u00f3n de Jorge Rojas que forzaba el primer cambio. Entraba Mart\u00ed Tapia casi sin calentamiento previo y la Grama ten\u00eda la primera gran ocasi\u00f3n. Un bal\u00f3n colgado desde banda derecha de Javi Chica en el minuto 27, se pasea por la frontal del \u00e1rea peque\u00f1a hasta que en el segundo palo lo ha podido controlar Omar. El disparo del extremo izquierda a la media vuelta lo ha detenido de manera magistral Ortega enviando el bal\u00f3n a c\u00f3rner. Despertaba la Grama que ya pisaba el \u00e1rea egarense.<\/p>\n<p>Poco m\u00e1s hasta el descanso, en el tramo final de la primera mitad las fuerzas se han igualado y no han habido ocasiones de gol, s\u00f3lo cabe destacar dos balones parados colgados en el \u00e1rea por Javi Chica que no inquietaron demasiado a Ortega . El colegiado designaba el descanso con 0-0 en el marcador.<\/p>\n<p>En la reanudaci\u00f3n Toni Romero dejaba a Javi Chica en el vestuario y daba entrada a Joel Mar\u00edn. Era el segundo cambio para los colomenses y serv\u00eda de inicio para una segunda parte que comenzaba con una ocasi\u00f3n para Crist\u00f3bal que, de cabeza, no pudo definir con claridad. Respond\u00eda el Terrassa y deten\u00eda Caleb. Se asentaba la igualdad en los primeros minutos de la segunda parte, el Terrassa se mostraba peligroso en ataque y la Grama intentaba controlar el juego.<\/p>\n<p>Cristian Garc\u00eda quer\u00eda m\u00e1s intensidad en ataque y ha sustituido a Sergi Arranz para dar entrada a Marcel Serramitja a los 63 minutos. Buscaba la victoria el t\u00e9cnico egarense, sobremotivado ahora que su equipo no se jugaba nada, y a los 65 minutos, en una falta botada desde banda izquierda, en un error de marcaje, Carre\u00f3n remat\u00f3 en el primer palo para anotar el 0 -1.<\/p>\n<p>De nuevo una jarra de agua fr\u00eda para la Fundaci\u00f3 Esportiva Grama, de nuevo el equipo colomense se encontraba por debajo en el marcador y con la necesidad imperiosa de ganar el partido. Saltaba al campo Padilla sustituyendo a Buba y ha tardado s\u00f3lo tres minutos en lograr el empate. Una falta colgada por Rub\u00e9n Canelada desde la derecha acab\u00f3 en las botas de Padilla que, tras una semierror de Ortega y varios rechaces, pudo enviar el bal\u00f3n a la red anotando el 1-1 a los 69 minutos.<\/p>\n<p>Era el momento para darle la vuelta al partido, la Grama con intensidad se ve\u00eda bien posicionada y quer\u00eda m\u00e1s, cuando el colegiado del partido ha comenzado su show particular. \u00c9l solo, se ha inventado un penalti en el \u00e1rea colomense por una falta de Joel sobre el dorsal n\u00famero 16 del Terrassa. Lo ha visto s\u00f3lo \u00e9l, nadie reclamaba nada, ni los jugadores visitantes se lo cre\u00edan, pero ha pitado la pena m\u00e1xima y Alex Fern\u00e1ndez ha puesto el 1-2 en el minuto 74.<\/p>\n<p>Deb\u00eda remover la conciencia de l`\u00e0rbitre haber pitado un penalti tan injusto porque, a los 78 minutos, una jugada de Omar en la frontal del \u00e1rea egarense era castigada como penalti (Le recomendamos que vea las im\u00e1genes de GRAMA TV para ver claramente que ninguno de los dos penaltis que ha pitado el \u00e1rbitro lo eran: https:\/\/www.youtube.com\/watch?v=Rsm54_Nmtik). Crist\u00f3bal Le\u00f3n no falla desde los once metros y anot\u00f3 el 2-2 para buscar la remontada final.<\/p>\n<p>Juan Carlos ha tenido en un remate de cabeza el tercer gol para los blanquiazules pero la defensa del Terrassa ha conseguido rechazar el bal\u00f3n sobre la l\u00ednea de gol. Con el partido muy abierto y superioridad de los ataques sobre las defensas, un bal\u00f3n colgado desde banda izquierda en el ataque del Terrassa la ha recibido en el segundo palo Coro para volver a enviar un bal\u00f3n dentro de la peque\u00f1a y que Serramitja cabeceara haciendo el tercer gol egarense en el minuto 83.<\/p>\n<p>Quedaba tiempo para reaccionar, la Grama lo intent\u00f3 con m\u00e1s coraz\u00f3n que cabeza. Juan Carlos ha cogido la responsabilidad en ataque haciendo una de las jugadas del a\u00f1o, Padilla lo intent\u00f3 con un disparo cruzado, pero ninguno de los nuestros ha sido capaz de batir a Ortega y el partido acab\u00f3 con una dolorosa derrota de la Grama por 2-3.<\/p>\n<p>Este resultado, aunque es malo para los intereses de la Grama, mantiene opciones de salvaci\u00f3n tras la derrota del Castelldefels contra el Horta. Quedan dos jornadas de infarto comenzando la pr\u00f3xima semana con la visita al l\u00edder, la Llagostera. Ser\u00e1 el domingo 12 de mayo a las 18h.<\/p>\n<p><a href=\"http:\/\/fcf.cat\/acta\/1819\/futbol-11\/tercera-divisio-nacional\/grup-v\/aa\/fundacio-esportiva-grama-a\/aa\/terrassa-olimpica-2010-sad-a\">CLICAD AQU\u00cd PARA VER EL ACTA DEL PARTIDO<\/a><\/p>\n<p><a href=\"http:\/\/fcf.cat\/classificacio\/1819\/futbol-11\/tercera-divisio-nacional\/grup-v\">CLICAD AQU\u00cd PARA VER LA CLASIFICACI\u00d3N DE TERCERA DIVISI\u00d3N G5<\/a><\/p>\n","protected":false},"excerpt":{"rendered":"<p>Molt dif\u00edcil es posa la perman\u00e8ncia per la Grama despr\u00e9s de la derrota contra el Terrassa. &#8211; DBC- La matinal a l\u2019estadi es preveia complicada i molt tensa i hem de dir que el partit no ha defraudat. Moltes veus malpensades parlaven de la relaci\u00f3 cordial que hi ha entre els Presidents de la Grama [&hellip;]<\/p>\n","protected":false},"author":1,"featured_media":26740,"comment_status":"closed","ping_status":"closed","sticky":false,"template":"","format":"standard","meta":{"footnotes":""},"categories":[4,5],"tags":[],"class_list":["post-26738","post","type-post","status-publish","format-standard","has-post-thumbnail","hentry","category-base-inclusiu","category-primer-equip"],"_links":{"self":[{"href":"http:\/\/fegrama.cat\/web\/wp-json\/wp\/v2\/posts\/26738","targetHints":{"allow":["GET"]}}],"collection":[{"href":"http:\/\/fegrama.cat\/web\/wp-json\/wp\/v2\/posts"}],"about":[{"href":"http:\/\/fegrama.cat\/web\/wp-json\/wp\/v2\/types\/post"}],"author":[{"embeddable":true,"href":"http:\/\/fegrama.cat\/web\/wp-json\/wp\/v2\/users\/1"}],"replies":[{"embeddable":true,"href":"http:\/\/fegrama.cat\/web\/wp-json\/wp\/v2\/comments?post=26738"}],"version-history":[{"count":1,"href":"http:\/\/fegrama.cat\/web\/wp-json\/wp\/v2\/posts\/26738\/revisions"}],"predecessor-version":[{"id":26741,"href":"http:\/\/fegrama.cat\/web\/wp-json\/wp\/v2\/posts\/26738\/revisions\/26741"}],"wp:featuredmedia":[{"embeddable":true,"href":"http:\/\/fegrama.cat\/web\/wp-json\/wp\/v2\/media\/26740"}],"wp:attachment":[{"href":"http:\/\/fegrama.cat\/web\/wp-json\/wp\/v2\/media?parent=26738"}],"wp:term":[{"taxonomy":"category","embeddable":true,"href":"http:\/\/fegrama.cat\/web\/wp-json\/wp\/v2\/categories?post=26738"},{"taxonomy":"post_tag","embeddable":true,"href":"http:\/\/fegrama.cat\/web\/wp-json\/wp\/v2\/tags?post=26738"}],"curies":[{"name":"wp","href":"https:\/\/api.w.org\/{rel}","templated":true}]}}